{"id":87625,"date":"2026-08-17T09:49:45","date_gmt":"2026-08-17T08:49:45","guid":{"rendered":"https:\/\/www.silvereco.org\/festival\/fr\/?p=87625"},"modified":"2026-08-17T11:34:58","modified_gmt":"2026-08-17T10:34:58","slug":"sidly","status":"publish","type":"post","link":"https:\/\/www.silvereco.org\/festival\/fr\/sidly\/","title":{"rendered":"SiDLY"},"content":{"rendered":"\n<div class=\"wp-block-columns is-layout-flex wp-container-core-columns-is-layout-7387b849 wp-block-columns-is-layout-flex\">\n<div class=\"wp-block-column is-layout-flow wp-block-column-is-layout-flow\" style=\"flex-basis:33.33%\">\n<figure class=\"wp-block-image aligncenter size-full is-style-default wp-duotone-unset-1\"><img loading=\"lazy\" decoding=\"async\" width=\"1440\" height=\"664\" src=\"https:\/\/www.silvereco.org\/festival\/fr\/wp-content\/medias\/2026\/08\/DDD.png\" alt=\"\" class=\"wp-image-87637\" style=\"aspect-ratio:3.4064043915827997\" srcset=\"https:\/\/www.silvereco.org\/festival\/fr\/wp-content\/medias\/2026\/08\/DDD.png 1440w, https:\/\/www.silvereco.org\/festival\/fr\/wp-content\/medias\/2026\/08\/DDD-300x138.png 300w, https:\/\/www.silvereco.org\/festival\/fr\/wp-content\/medias\/2026\/08\/DDD-1024x472.png 1024w, https:\/\/www.silvereco.org\/festival\/fr\/wp-content\/medias\/2026\/08\/DDD-768x354.png 768w\" sizes=\"auto, (max-width: 1440px) 100vw, 1440px\" \/><\/figure>\n<\/div>\n\n\n\n<div class=\"wp-block-column is-layout-flow wp-block-column-is-layout-flow\" style=\"flex-basis:66.66%\">\n<h1 class=\"wp-block-heading\">SiDLY<\/h1>\n\n\n\n<h2 class=\"wp-block-heading has-ast-global-color-0-color has-text-color has-link-color wp-elements-1\">Stand A19- Hall A<\/h2>\n\n\n\n<p class=\"wp-block-paragraph\"><\/p>\n\n\n\n<figure class=\"wp-block-image size-full is-resized\" style=\"margin-top:0;margin-right:0;margin-bottom:0;margin-left:0\"><img loading=\"lazy\" decoding=\"async\" width=\"235\" height=\"156\" src=\"https:\/\/www.silvereco.org\/festival\/fr\/wp-content\/medias\/2025\/11\/EN-FLAG.png\" alt=\"\" class=\"wp-image-81282\" style=\"width:37px\"\/><\/figure>\n\n\n\n<p class=\"wp-block-paragraph\"><\/p>\n\n\n\n<p class=\"wp-block-paragraph\" style=\"margin-top:0;margin-bottom:0\">SiDLY is a Polish technology company specialising in telecare and digital health solutions for older adults and people requiring remote support.<\/p>\n\n\n\n<p class=\"wp-block-paragraph\"><\/p>\n\n\n\n<p class=\"wp-block-paragraph\" style=\"margin-top:0;margin-bottom:0\">Its connected care ecosystem combines medical wearables, AI-powered health monitoring, telemedicine and 24\/7 medical assistance to support safety, independence and quality of life. SiDLY\u2019s solutions enable real-time monitoring of vital signs, fall detection, location and other health indicators, helping caregivers and medical professionals respond quickly to potential risks.<\/p>\n\n\n\n<p class=\"wp-block-paragraph\"><\/p>\n\n\n\n<p class=\"wp-block-paragraph\" style=\"margin-top:0;margin-bottom:0\">The company operates across 16 European countries and has supported more than 70,000 users.<\/p>\n\n\n\n<p class=\"wp-block-paragraph\"><strong>KeyWords :<\/strong><br>Telecare, Digital Health, Telemedicine, Artificial Intelligence, Remote Monitoring, Wearable Technology, Senior Safety, Healthy Ageing, Independent Living, Fall Detection, Health Monitoring, Connected Care<\/p>\n\n\n\n<figure class=\"wp-block-image size-full is-resized\" style=\"margin-top:0;margin-right:0;margin-bottom:0;margin-left:0\"><img loading=\"lazy\" decoding=\"async\" width=\"235\" height=\"157\" src=\"https:\/\/www.silvereco.org\/festival\/fr\/wp-content\/medias\/2025\/11\/FR-FLAG.png\" alt=\"\" class=\"wp-image-81265\" style=\"width:37px;height:auto\"\/><\/figure>\n\n\n\n<p class=\"wp-block-paragraph\"><\/p>\n\n\n\n<p class=\"wp-block-paragraph\" style=\"margin-top:0;margin-bottom:0\">SiDLY est une entreprise technologique polonaise sp\u00e9cialis\u00e9e dans la t\u00e9l\u00e9assistance et les solutions de sant\u00e9 num\u00e9rique destin\u00e9es notamment aux seniors et aux personnes n\u00e9cessitant un accompagnement \u00e0 distance.<\/p>\n\n\n\n<p class=\"wp-block-paragraph\"><\/p>\n\n\n\n<p class=\"wp-block-paragraph\" style=\"margin-top:0;margin-bottom:0\">Son \u00e9cosyst\u00e8me de soins connect\u00e9s associe dispositifs m\u00e9dicaux portables, intelligence artificielle, t\u00e9l\u00e9m\u00e9decine et assistance m\u00e9dicale 24h\/24 et 7j\/7 afin de renforcer la s\u00e9curit\u00e9, l\u2019autonomie et la qualit\u00e9 de vie.<\/p>\n\n\n\n<p class=\"wp-block-paragraph\"><\/p>\n\n\n\n<p class=\"wp-block-paragraph\" style=\"margin-top:0;margin-bottom:0\">Les solutions SiDLY permettent notamment de suivre en temps r\u00e9el certains param\u00e8tres vitaux, de d\u00e9tecter les chutes et de transmettre des alertes aux aidants et aux professionnels de sant\u00e9, afin de favoriser une intervention rapide en cas de risque. L\u2019entreprise est pr\u00e9sente dans 16 pays europ\u00e9ens et accompagne plus de 70 000 utilisateurs.<\/p>\n\n\n\n<p class=\"wp-block-paragraph\"><strong>Mots Clefs :<\/strong><br>T\u00e9l\u00e9assistance, Sant\u00e9 num\u00e9rique, T\u00e9l\u00e9m\u00e9decine, Intelligence artificielle, T\u00e9l\u00e9surveillance, Technologies portables, S\u00e9curit\u00e9 des seniors, Bien vieillir, Autonomie, D\u00e9tection des chutes, Suivi de sant\u00e9, Soins connect\u00e9s<\/p>\n<\/div>\n<\/div>\n\n\n\n<div class=\"wp-block-columns has-vivid-red-background-color has-background is-layout-flex wp-container-core-columns-is-layout-7387b849 wp-block-columns-is-layout-flex\">\n<div class=\"wp-block-column is-layout-flow wp-block-column-is-layout-flow\">\n<h4 class=\"wp-block-heading has-ast-global-color-5-color has-text-color has-link-color wp-elements-2\"><strong>Contact :<\/strong><\/h4>\n\n\n\n<p class=\"has-ast-global-color-5-color has-text-color has-link-color wp-elements-3 wp-block-paragraph\"><strong>SiDLY<\/strong><br>Poleczki 31a 02-822 Varsovie<br><a href=\"https:\/\/silvereco.net\/form\/form-exposant\/?melexpo26=helpdesk@sidly.org\">Envoyer un message \/ Send a message<\/a><\/p>\n\n\n\n<p class=\"has-ast-global-color-5-color has-text-color has-link-color wp-elements-4 wp-block-paragraph\"><a href=\"https:\/\/www.sidly.eu\/\">Website<\/a><\/p>\n<\/div>\n\n\n\n<div class=\"wp-block-column is-layout-flow wp-block-column-is-layout-flow\">\n<h4 class=\"wp-block-heading has-ast-global-color-5-color has-text-color has-link-color wp-elements-5\"><strong>SilverEco Congr\u00e8s \/ Summits :<\/strong><\/h4>\n\n\n\n<p class=\"has-ast-global-color-5-color has-text-color has-link-color wp-elements-6 wp-block-paragraph\">Living at Home Summit \u2013 le Congr\u00e8s Bien-vieillir chez soi<br>SilverTech &amp; AI Summit \u2013 le Congr\u00e8s des technologies pour l\u2019autonomie<br>Healthy Ageing Summit \u2013 le Congr\u00e8s Sant\u00e9 e-Sant\u00e9<\/p>\n<\/div>\n<\/div>\n\n\n\n<p class=\"wp-block-paragraph\"><\/p>\n","protected":false},"excerpt":{"rendered":"<p>SiDLY<\/p>\n","protected":false},"author":7,"featured_media":87636,"comment_status":"closed","ping_status":"closed","sticky":false,"template":"","format":"standard","meta":{"_uag_custom_page_level_css":"","site-sidebar-layout":"default","site-content-layout":"","ast-site-content-layout":"default","site-content-style":"default","site-sidebar-style":"default","ast-global-header-display":"","ast-banner-title-visibility":"","ast-main-header-display":"","ast-hfb-above-header-display":"","ast-hfb-below-header-display":"","ast-hfb-mobile-header-display":"","site-post-title":"disabled","ast-breadcrumbs-content":"","ast-featured-img":"","footer-sml-layout":"","ast-disable-related-posts":"","theme-transparent-header-meta":"","adv-header-id-meta":"","stick-header-meta":"","header-above-stick-meta":"","header-main-stick-meta":"","header-below-stick-meta":"","astra-migrate-meta-layouts":"set","ast-page-background-enabled":"default","ast-page-background-meta":{"desktop":{"background-color":"var(--ast-global-color-4)","background-image":"","background-repeat":"repeat","background-position":"center center","background-size":"auto","background-attachment":"scroll","background-type":"","background-media":"","overlay-type":"","overlay-color":"","overlay-opacity":"","overlay-gradient":""},"tablet":{"background-color":"","background-image":"","background-repeat":"repeat","background-position":"center center","background-size":"auto","background-attachment":"scroll","background-type":"","background-media":"","overlay-type":"","overlay-color":"","overlay-opacity":"","overlay-gradient":""},"mobile":{"background-color":"","background-image":"","background-repeat":"repeat","background-position":"center center","background-size":"auto","background-attachment":"scroll","background-type":"","background-media":"","overlay-type":"","overlay-color":"","overlay-opacity":"","overlay-gradient":""}},"ast-content-background-meta":{"desktop":{"background-color":"var(--ast-global-color-5)","background-image":"","background-repeat":"repeat","background-position":"center center","background-size":"auto","background-attachment":"scroll","background-type":"","background-media":"","overlay-type":"","overlay-color":"","overlay-opacity":"","overlay-gradient":""},"tablet":{"background-color":"var(--ast-global-color-5)","background-image":"","background-repeat":"repeat","background-position":"center center","background-size":"auto","background-attachment":"scroll","background-type":"","background-media":"","overlay-type":"","overlay-color":"","overlay-opacity":"","overlay-gradient":""},"mobile":{"background-color":"var(--ast-global-color-5)","background-image":"","background-repeat":"repeat","background-position":"center center","background-size":"auto","background-attachment":"scroll","background-type":"","background-media":"","overlay-type":"","overlay-color":"","overlay-opacity":"","overlay-gradient":""}},"ngg_post_thumbnail":0,"footnotes":""},"categories":[235,233],"tags":[],"class_list":["post-87625","post","type-post","status-publish","format-standard","has-post-thumbnail","hentry","category-exp2","category-exposant"],"yoast_head":"<!-- This site is optimized with the Yoast SEO plugin v28.3 - https:\/\/yoast.com\/product\/yoast-seo-wordpress\/ -->\n<title>SiDLY - Salon de la fili\u00e8re Silver \u00e9conomie et Assises Silver Eco Bien-Vieillir<\/title>\n<meta name=\"robots\" content=\"index, follow, max-snippet:-1, max-image-preview:large, max-video-preview:-1\" \/>\n<link rel=\"canonical\" href=\"https:\/\/www.silvereco.org\/festival\/fr\/sidly\/\" \/>\n<meta property=\"og:locale\" content=\"fr_FR\" \/>\n<meta property=\"og:type\" content=\"article\" \/>\n<meta property=\"og:title\" content=\"SiDLY - Salon de la fili\u00e8re Silver \u00e9conomie et Assises Silver Eco Bien-Vieillir\" \/>\n<meta property=\"og:description\" content=\"SiDLY\" \/>\n<meta property=\"og:url\" content=\"https:\/\/www.silvereco.org\/festival\/fr\/sidly\/\" \/>\n<meta property=\"og:site_name\" content=\"Salon de la fili\u00e8re Silver \u00e9conomie et Assises Silver Eco Bien-Vieillir\" \/>\n<meta property=\"article:published_time\" content=\"2026-08-17T08:49:45+00:00\" \/>\n<meta property=\"article:modified_time\" content=\"2026-08-17T10:34:58+00:00\" \/>\n<meta property=\"og:image\" content=\"https:\/\/www.silvereco.org\/festival\/fr\/wp-content\/medias\/2026\/08\/SIDLY-LOGO-350.png\" \/>\n\t<meta property=\"og:image:width\" content=\"350\" \/>\n\t<meta property=\"og:image:height\" content=\"200\" \/>\n\t<meta property=\"og:image:type\" content=\"image\/png\" \/>\n<meta name=\"author\" content=\"Silver Economy\" \/>\n<meta name=\"twitter:card\" content=\"summary_large_image\" \/>\n<meta name=\"twitter:label1\" content=\"\u00c9crit par\" \/>\n\t<meta name=\"twitter:data1\" content=\"Silver Economy\" \/>\n\t<meta name=\"twitter:label2\" content=\"Dur\u00e9e de lecture estim\u00e9e\" \/>\n\t<meta name=\"twitter:data2\" content=\"3 minutes\" \/>\n<script type=\"application\/ld+json\" class=\"yoast-schema-graph\">{\"@context\":\"https:\\\/\\\/schema.org\",\"@graph\":[{\"@type\":\"Article\",\"@id\":\"https:\\\/\\\/www.silvereco.org\\\/festival\\\/fr\\\/sidly\\\/#article\",\"isPartOf\":{\"@id\":\"https:\\\/\\\/www.silvereco.org\\\/festival\\\/fr\\\/sidly\\\/\"},\"author\":{\"name\":\"Silver Economy\",\"@id\":\"https:\\\/\\\/www.silvereco.org\\\/festival\\\/fr\\\/#\\\/schema\\\/person\\\/8d1bfb6e918fff2973189b38baebf8e3\"},\"headline\":\"SiDLY\",\"datePublished\":\"2026-08-17T08:49:45+00:00\",\"dateModified\":\"2026-08-17T10:34:58+00:00\",\"mainEntityOfPage\":{\"@id\":\"https:\\\/\\\/www.silvereco.org\\\/festival\\\/fr\\\/sidly\\\/\"},\"wordCount\":320,\"publisher\":{\"@id\":\"https:\\\/\\\/www.silvereco.org\\\/festival\\\/fr\\\/#organization\"},\"image\":{\"@id\":\"https:\\\/\\\/www.silvereco.org\\\/festival\\\/fr\\\/sidly\\\/#primaryimage\"},\"thumbnailUrl\":\"https:\\\/\\\/www.silvereco.org\\\/festival\\\/fr\\\/wp-content\\\/medias\\\/2026\\\/08\\\/SIDLY-LOGO-350.png\",\"articleSection\":[\"Exp2\",\"Exposant\"],\"inLanguage\":\"fr-FR\"},{\"@type\":\"WebPage\",\"@id\":\"https:\\\/\\\/www.silvereco.org\\\/festival\\\/fr\\\/sidly\\\/\",\"url\":\"https:\\\/\\\/www.silvereco.org\\\/festival\\\/fr\\\/sidly\\\/\",\"name\":\"SiDLY - Salon de la fili\u00e8re Silver \u00e9conomie et Assises Silver Eco Bien-Vieillir\",\"isPartOf\":{\"@id\":\"https:\\\/\\\/www.silvereco.org\\\/festival\\\/fr\\\/#website\"},\"primaryImageOfPage\":{\"@id\":\"https:\\\/\\\/www.silvereco.org\\\/festival\\\/fr\\\/sidly\\\/#primaryimage\"},\"image\":{\"@id\":\"https:\\\/\\\/www.silvereco.org\\\/festival\\\/fr\\\/sidly\\\/#primaryimage\"},\"thumbnailUrl\":\"https:\\\/\\\/www.silvereco.org\\\/festival\\\/fr\\\/wp-content\\\/medias\\\/2026\\\/08\\\/SIDLY-LOGO-350.png\",\"datePublished\":\"2026-08-17T08:49:45+00:00\",\"dateModified\":\"2026-08-17T10:34:58+00:00\",\"breadcrumb\":{\"@id\":\"https:\\\/\\\/www.silvereco.org\\\/festival\\\/fr\\\/sidly\\\/#breadcrumb\"},\"inLanguage\":\"fr-FR\",\"potentialAction\":[{\"@type\":\"ReadAction\",\"target\":[\"https:\\\/\\\/www.silvereco.org\\\/festival\\\/fr\\\/sidly\\\/\"]}]},{\"@type\":\"ImageObject\",\"inLanguage\":\"fr-FR\",\"@id\":\"https:\\\/\\\/www.silvereco.org\\\/festival\\\/fr\\\/sidly\\\/#primaryimage\",\"url\":\"https:\\\/\\\/www.silvereco.org\\\/festival\\\/fr\\\/wp-content\\\/medias\\\/2026\\\/08\\\/SIDLY-LOGO-350.png\",\"contentUrl\":\"https:\\\/\\\/www.silvereco.org\\\/festival\\\/fr\\\/wp-content\\\/medias\\\/2026\\\/08\\\/SIDLY-LOGO-350.png\",\"width\":350,\"height\":200},{\"@type\":\"BreadcrumbList\",\"@id\":\"https:\\\/\\\/www.silvereco.org\\\/festival\\\/fr\\\/sidly\\\/#breadcrumb\",\"itemListElement\":[{\"@type\":\"ListItem\",\"position\":1,\"name\":\"Accueil\",\"item\":\"https:\\\/\\\/www.silvereco.org\\\/festival\\\/fr\\\/\"},{\"@type\":\"ListItem\",\"position\":2,\"name\":\"SiDLY\"}]},{\"@type\":\"WebSite\",\"@id\":\"https:\\\/\\\/www.silvereco.org\\\/festival\\\/fr\\\/#website\",\"url\":\"https:\\\/\\\/www.silvereco.org\\\/festival\\\/fr\\\/\",\"name\":\"Salon de la fili\u00e8re Silver \u00e9conomie et Assises Silver Eco\",\"description\":\"International Silver Economy and Ageing Well Festival\",\"publisher\":{\"@id\":\"https:\\\/\\\/www.silvereco.org\\\/festival\\\/fr\\\/#organization\"},\"potentialAction\":[{\"@type\":\"SearchAction\",\"target\":{\"@type\":\"EntryPoint\",\"urlTemplate\":\"https:\\\/\\\/www.silvereco.org\\\/festival\\\/fr\\\/?s={search_term_string}\"},\"query-input\":{\"@type\":\"PropertyValueSpecification\",\"valueRequired\":true,\"valueName\":\"search_term_string\"}}],\"inLanguage\":\"fr-FR\"},{\"@type\":\"Organization\",\"@id\":\"https:\\\/\\\/www.silvereco.org\\\/festival\\\/fr\\\/#organization\",\"name\":\"International Silver Economy and Ageing Well Festival\",\"url\":\"https:\\\/\\\/www.silvereco.org\\\/festival\\\/fr\\\/\",\"logo\":{\"@type\":\"ImageObject\",\"inLanguage\":\"fr-FR\",\"@id\":\"https:\\\/\\\/www.silvereco.org\\\/festival\\\/fr\\\/#\\\/schema\\\/logo\\\/image\\\/\",\"url\":\"https:\\\/\\\/www.silvereco.org\\\/festival\\\/fr\\\/wp-content\\\/medias\\\/2022\\\/12\\\/cropped-festival-silvereco-2020-2-300x93-1.png\",\"contentUrl\":\"https:\\\/\\\/www.silvereco.org\\\/festival\\\/fr\\\/wp-content\\\/medias\\\/2022\\\/12\\\/cropped-festival-silvereco-2020-2-300x93-1.png\",\"width\":300,\"height\":93,\"caption\":\"International Silver Economy and Ageing Well Festival\"},\"image\":{\"@id\":\"https:\\\/\\\/www.silvereco.org\\\/festival\\\/fr\\\/#\\\/schema\\\/logo\\\/image\\\/\"}},{\"@type\":\"Person\",\"@id\":\"https:\\\/\\\/www.silvereco.org\\\/festival\\\/fr\\\/#\\\/schema\\\/person\\\/8d1bfb6e918fff2973189b38baebf8e3\",\"name\":\"Silver Economy\",\"image\":{\"@type\":\"ImageObject\",\"inLanguage\":\"fr-FR\",\"@id\":\"https:\\\/\\\/secure.gravatar.com\\\/avatar\\\/a1ee424dd82b8f00da838b078ac0b0e8f2881c8d75773dfb426a4bfac883b3f5?s=96&d=mm&r=g\",\"url\":\"https:\\\/\\\/secure.gravatar.com\\\/avatar\\\/a1ee424dd82b8f00da838b078ac0b0e8f2881c8d75773dfb426a4bfac883b3f5?s=96&d=mm&r=g\",\"contentUrl\":\"https:\\\/\\\/secure.gravatar.com\\\/avatar\\\/a1ee424dd82b8f00da838b078ac0b0e8f2881c8d75773dfb426a4bfac883b3f5?s=96&d=mm&r=g\",\"caption\":\"Silver Economy\"},\"url\":\"https:\\\/\\\/www.silvereco.org\\\/festival\\\/fr\\\/author\\\/festredac26\\\/\"}]}<\/script>\n<!-- \/ Yoast SEO plugin. -->","yoast_head_json":{"title":"SiDLY - Salon de la fili\u00e8re Silver \u00e9conomie et Assises Silver Eco Bien-Vieillir","robots":{"index":"index","follow":"follow","max-snippet":"max-snippet:-1","max-image-preview":"max-image-preview:large","max-video-preview":"max-video-preview:-1"},"canonical":"https:\/\/www.silvereco.org\/festival\/fr\/sidly\/","og_locale":"fr_FR","og_type":"article","og_title":"SiDLY - Salon de la fili\u00e8re Silver \u00e9conomie et Assises Silver Eco Bien-Vieillir","og_description":"SiDLY","og_url":"https:\/\/www.silvereco.org\/festival\/fr\/sidly\/","og_site_name":"Salon de la fili\u00e8re Silver \u00e9conomie et Assises Silver Eco Bien-Vieillir","article_published_time":"2026-08-17T08:49:45+00:00","article_modified_time":"2026-08-17T10:34:58+00:00","og_image":[{"width":350,"height":200,"url":"https:\/\/www.silvereco.org\/festival\/fr\/wp-content\/medias\/2026\/08\/SIDLY-LOGO-350.png","type":"image\/png"}],"author":"Silver Economy","twitter_card":"summary_large_image","twitter_misc":{"\u00c9crit par":"Silver Economy","Dur\u00e9e de lecture estim\u00e9e":"3 minutes"},"schema":{"@context":"https:\/\/schema.org","@graph":[{"@type":"Article","@id":"https:\/\/www.silvereco.org\/festival\/fr\/sidly\/#article","isPartOf":{"@id":"https:\/\/www.silvereco.org\/festival\/fr\/sidly\/"},"author":{"name":"Silver Economy","@id":"https:\/\/www.silvereco.org\/festival\/fr\/#\/schema\/person\/8d1bfb6e918fff2973189b38baebf8e3"},"headline":"SiDLY","datePublished":"2026-08-17T08:49:45+00:00","dateModified":"2026-08-17T10:34:58+00:00","mainEntityOfPage":{"@id":"https:\/\/www.silvereco.org\/festival\/fr\/sidly\/"},"wordCount":320,"publisher":{"@id":"https:\/\/www.silvereco.org\/festival\/fr\/#organization"},"image":{"@id":"https:\/\/www.silvereco.org\/festival\/fr\/sidly\/#primaryimage"},"thumbnailUrl":"https:\/\/www.silvereco.org\/festival\/fr\/wp-content\/medias\/2026\/08\/SIDLY-LOGO-350.png","articleSection":["Exp2","Exposant"],"inLanguage":"fr-FR"},{"@type":"WebPage","@id":"https:\/\/www.silvereco.org\/festival\/fr\/sidly\/","url":"https:\/\/www.silvereco.org\/festival\/fr\/sidly\/","name":"SiDLY - Salon de la fili\u00e8re Silver \u00e9conomie et Assises Silver Eco Bien-Vieillir","isPartOf":{"@id":"https:\/\/www.silvereco.org\/festival\/fr\/#website"},"primaryImageOfPage":{"@id":"https:\/\/www.silvereco.org\/festival\/fr\/sidly\/#primaryimage"},"image":{"@id":"https:\/\/www.silvereco.org\/festival\/fr\/sidly\/#primaryimage"},"thumbnailUrl":"https:\/\/www.silvereco.org\/festival\/fr\/wp-content\/medias\/2026\/08\/SIDLY-LOGO-350.png","datePublished":"2026-08-17T08:49:45+00:00","dateModified":"2026-08-17T10:34:58+00:00","breadcrumb":{"@id":"https:\/\/www.silvereco.org\/festival\/fr\/sidly\/#breadcrumb"},"inLanguage":"fr-FR","potentialAction":[{"@type":"ReadAction","target":["https:\/\/www.silvereco.org\/festival\/fr\/sidly\/"]}]},{"@type":"ImageObject","inLanguage":"fr-FR","@id":"https:\/\/www.silvereco.org\/festival\/fr\/sidly\/#primaryimage","url":"https:\/\/www.silvereco.org\/festival\/fr\/wp-content\/medias\/2026\/08\/SIDLY-LOGO-350.png","contentUrl":"https:\/\/www.silvereco.org\/festival\/fr\/wp-content\/medias\/2026\/08\/SIDLY-LOGO-350.png","width":350,"height":200},{"@type":"BreadcrumbList","@id":"https:\/\/www.silvereco.org\/festival\/fr\/sidly\/#breadcrumb","itemListElement":[{"@type":"ListItem","position":1,"name":"Accueil","item":"https:\/\/www.silvereco.org\/festival\/fr\/"},{"@type":"ListItem","position":2,"name":"SiDLY"}]},{"@type":"WebSite","@id":"https:\/\/www.silvereco.org\/festival\/fr\/#website","url":"https:\/\/www.silvereco.org\/festival\/fr\/","name":"Salon de la fili\u00e8re Silver \u00e9conomie et Assises Silver Eco","description":"International Silver Economy and Ageing Well Festival","publisher":{"@id":"https:\/\/www.silvereco.org\/festival\/fr\/#organization"},"potentialAction":[{"@type":"SearchAction","target":{"@type":"EntryPoint","urlTemplate":"https:\/\/www.silvereco.org\/festival\/fr\/?s={search_term_string}"},"query-input":{"@type":"PropertyValueSpecification","valueRequired":true,"valueName":"search_term_string"}}],"inLanguage":"fr-FR"},{"@type":"Organization","@id":"https:\/\/www.silvereco.org\/festival\/fr\/#organization","name":"International Silver Economy and Ageing Well Festival","url":"https:\/\/www.silvereco.org\/festival\/fr\/","logo":{"@type":"ImageObject","inLanguage":"fr-FR","@id":"https:\/\/www.silvereco.org\/festival\/fr\/#\/schema\/logo\/image\/","url":"https:\/\/www.silvereco.org\/festival\/fr\/wp-content\/medias\/2022\/12\/cropped-festival-silvereco-2020-2-300x93-1.png","contentUrl":"https:\/\/www.silvereco.org\/festival\/fr\/wp-content\/medias\/2022\/12\/cropped-festival-silvereco-2020-2-300x93-1.png","width":300,"height":93,"caption":"International Silver Economy and Ageing Well Festival"},"image":{"@id":"https:\/\/www.silvereco.org\/festival\/fr\/#\/schema\/logo\/image\/"}},{"@type":"Person","@id":"https:\/\/www.silvereco.org\/festival\/fr\/#\/schema\/person\/8d1bfb6e918fff2973189b38baebf8e3","name":"Silver Economy","image":{"@type":"ImageObject","inLanguage":"fr-FR","@id":"https:\/\/secure.gravatar.com\/avatar\/a1ee424dd82b8f00da838b078ac0b0e8f2881c8d75773dfb426a4bfac883b3f5?s=96&d=mm&r=g","url":"https:\/\/secure.gravatar.com\/avatar\/a1ee424dd82b8f00da838b078ac0b0e8f2881c8d75773dfb426a4bfac883b3f5?s=96&d=mm&r=g","contentUrl":"https:\/\/secure.gravatar.com\/avatar\/a1ee424dd82b8f00da838b078ac0b0e8f2881c8d75773dfb426a4bfac883b3f5?s=96&d=mm&r=g","caption":"Silver Economy"},"url":"https:\/\/www.silvereco.org\/festival\/fr\/author\/festredac26\/"}]}},"uagb_featured_image_src":{"full":["https:\/\/www.silvereco.org\/festival\/fr\/wp-content\/medias\/2026\/08\/SIDLY-LOGO-350.png",350,200,false],"thumbnail":["https:\/\/www.silvereco.org\/festival\/fr\/wp-content\/medias\/2026\/08\/SIDLY-LOGO-350-150x150.png",150,150,true],"medium":["https:\/\/www.silvereco.org\/festival\/fr\/wp-content\/medias\/2026\/08\/SIDLY-LOGO-350-300x171.png",300,171,true],"medium_large":["https:\/\/www.silvereco.org\/festival\/fr\/wp-content\/medias\/2026\/08\/SIDLY-LOGO-350.png",350,200,false],"large":["https:\/\/www.silvereco.org\/festival\/fr\/wp-content\/medias\/2026\/08\/SIDLY-LOGO-350.png",350,200,false],"1536x1536":["https:\/\/www.silvereco.org\/festival\/fr\/wp-content\/medias\/2026\/08\/SIDLY-LOGO-350.png",350,200,false],"2048x2048":["https:\/\/www.silvereco.org\/festival\/fr\/wp-content\/medias\/2026\/08\/SIDLY-LOGO-350.png",350,200,false]},"uagb_author_info":{"display_name":"Silver Economy","author_link":"https:\/\/www.silvereco.org\/festival\/fr\/author\/festredac26\/"},"uagb_comment_info":0,"uagb_excerpt":"SiDLY","_links":{"self":[{"href":"https:\/\/www.silvereco.org\/festival\/fr\/wp-json\/wp\/v2\/posts\/87625","targetHints":{"allow":["GET"]}}],"collection":[{"href":"https:\/\/www.silvereco.org\/festival\/fr\/wp-json\/wp\/v2\/posts"}],"about":[{"href":"https:\/\/www.silvereco.org\/festival\/fr\/wp-json\/wp\/v2\/types\/post"}],"author":[{"embeddable":true,"href":"https:\/\/www.silvereco.org\/festival\/fr\/wp-json\/wp\/v2\/users\/7"}],"replies":[{"embeddable":true,"href":"https:\/\/www.silvereco.org\/festival\/fr\/wp-json\/wp\/v2\/comments?post=87625"}],"version-history":[{"count":8,"href":"https:\/\/www.silvereco.org\/festival\/fr\/wp-json\/wp\/v2\/posts\/87625\/revisions"}],"predecessor-version":[{"id":87640,"href":"https:\/\/www.silvereco.org\/festival\/fr\/wp-json\/wp\/v2\/posts\/87625\/revisions\/87640"}],"wp:featuredmedia":[{"embeddable":true,"href":"https:\/\/www.silvereco.org\/festival\/fr\/wp-json\/wp\/v2\/media\/87636"}],"wp:attachment":[{"href":"https:\/\/www.silvereco.org\/festival\/fr\/wp-json\/wp\/v2\/media?parent=87625"}],"wp:term":[{"taxonomy":"category","embeddable":true,"href":"https:\/\/www.silvereco.org\/festival\/fr\/wp-json\/wp\/v2\/categories?post=87625"},{"taxonomy":"post_tag","embeddable":true,"href":"https:\/\/www.silvereco.org\/festival\/fr\/wp-json\/wp\/v2\/tags?post=87625"}],"curies":[{"name":"wp","href":"https:\/\/api.w.org\/{rel}","templated":true}]}}