{"id":86839,"date":"2026-07-12T15:42:34","date_gmt":"2026-07-12T14:42:34","guid":{"rendered":"https:\/\/www.silvereco.org\/festival\/fr\/?p=86839"},"modified":"2026-08-03T09:17:46","modified_gmt":"2026-08-03T08:17:46","slug":"nutrirepere","status":"publish","type":"post","link":"https:\/\/www.silvereco.org\/festival\/fr\/nutrirepere\/","title":{"rendered":"NutriRep\u00e8re"},"content":{"rendered":"\n<div class=\"wp-block-columns is-layout-flex wp-container-core-columns-is-layout-7387b849 wp-block-columns-is-layout-flex\">\n<div class=\"wp-block-column is-layout-flow wp-block-column-is-layout-flow\" style=\"flex-basis:33.33%\">\n<div style=\"height:28px\" aria-hidden=\"true\" class=\"wp-block-spacer\"><\/div>\n\n\n\n<figure class=\"wp-block-image aligncenter size-full is-style-default wp-duotone-unset-1\"><img loading=\"lazy\" decoding=\"async\" width=\"1063\" height=\"1063\" src=\"https:\/\/www.silvereco.org\/festival\/fr\/wp-content\/medias\/2026\/07\/Logo-NutriRepere.png\" alt=\"\" class=\"wp-image-87464\" srcset=\"https:\/\/www.silvereco.org\/festival\/fr\/wp-content\/medias\/2026\/07\/Logo-NutriRepere.png 1063w, https:\/\/www.silvereco.org\/festival\/fr\/wp-content\/medias\/2026\/07\/Logo-NutriRepere-300x300.png 300w, https:\/\/www.silvereco.org\/festival\/fr\/wp-content\/medias\/2026\/07\/Logo-NutriRepere-1024x1024.png 1024w, https:\/\/www.silvereco.org\/festival\/fr\/wp-content\/medias\/2026\/07\/Logo-NutriRepere-150x150.png 150w, https:\/\/www.silvereco.org\/festival\/fr\/wp-content\/medias\/2026\/07\/Logo-NutriRepere-768x768.png 768w\" sizes=\"auto, (max-width: 1063px) 100vw, 1063px\" \/><\/figure>\n<\/div>\n\n\n\n<div class=\"wp-block-column is-layout-flow wp-block-column-is-layout-flow\" style=\"flex-basis:66.66%\">\n<h1 class=\"wp-block-heading\">NutriRep\u00e8re<\/h1>\n\n\n\n<h2 class=\"wp-block-heading has-ast-global-color-0-color has-text-color has-link-color wp-elements-1\">Stand C9 &#8211; Hall C<\/h2>\n\n\n\n<p class=\"wp-block-paragraph\"><\/p>\n\n\n\n<figure class=\"wp-block-image size-full is-resized\" style=\"margin-top:0;margin-right:0;margin-bottom:0;margin-left:0\"><img loading=\"lazy\" decoding=\"async\" width=\"235\" height=\"156\" src=\"https:\/\/www.silvereco.org\/festival\/fr\/wp-content\/medias\/2025\/11\/EN-FLAG.png\" alt=\"\" class=\"wp-image-81282\" style=\"width:37px\"\/><\/figure>\n\n\n\n<p class=\"wp-block-paragraph\"><\/p>\n\n\n\n<p class=\"wp-block-paragraph\" style=\"margin-top:0;margin-bottom:0\">SYNACare by Design\u00ae is developing the \u201ccare-focused housing\u201d ecosystem. At this booth, we\u2019re presenting our response to a silent crisis: at home, malnutrition and sarcopenia creep in unnoticed between doctor\u2019s visits\u2014and pave the way for falls, hospitalizations, and loss of independence. Our approach: detect these conditions before they become critical, through primary prevention. The clinical tool for independent dietitians: NutriRep\u00e8re&#x2122;.<\/p>\n\n\n\n<p class=\"wp-block-paragraph\"><\/p>\n\n\n\n<p class=\"wp-block-paragraph\" style=\"margin-top:0;margin-bottom:0\">A SaaS solution and web application that streamlines the identification of malnutrition and sarcopenia, in compliance with the HAS 2021, EWGSOP2 2019, and ICOPE (Decree No. 2026-191) guidelines, and that tracks each patient\u2019s progress over time to prioritize high-risk cases. Accessible both in the clinic and at the patient\u2019s home, with no installation required. The clinical decision remains the practitioner\u2019s: the tool provides insight; it never makes decisions on their behalf. Continuous self-monitoring: SYNApps&#x2122;. The secure social network for caregiving, available as a freemium service directly on a smartphone.<\/p>\n\n\n\n<p class=\"wp-block-paragraph\"><\/p>\n\n\n\n<p class=\"wp-block-paragraph\" style=\"margin-top:0;margin-bottom:0\">Between visits, the individual or their caregiver records daily observations: appetite, meal content, weight, hydration, fatigue, mobility, and isolation. The individual remains in control of their care journey\u2014their data belongs to them. And the caregiver finds real support in this: their mental load is reduced. At-Home Nutritional Support: \u00c9quilibre&#x2122;. The Acc\u00e8s Libert\u00e9&#x2122; plan dedicated to nutrition: daily support coordinated by a Care Manager, in collaboration with the independent dietitian who monitors the individual\u2014eligible for the Personal Services tax credit.<\/p>\n\n\n\n<p class=\"wp-block-paragraph\"><\/p>\n\n\n\n<p class=\"wp-block-paragraph\" style=\"margin-top:0;margin-bottom:0\">Start with the freemium model, then subscribe at your own pace. The Smart Connection: SYNA&#x2122;. Our predictive and decision-support AI, designed as a virtual care manager: it cross-references daily activity signals, clinical data\u2014and, for individuals equipped with SYNAcc\u00e8s&#x2122; home automation, subtle signals detected by the home itself, without images or sound.<\/p>\n\n\n\n<p class=\"wp-block-paragraph\"><\/p>\n\n\n\n<p class=\"wp-block-paragraph\"><strong>KeyWords :<\/strong><br>intergenerational housing, prevention, caregiver caf\u00e9s, digital inclusion, nutrition lab, health coworking, telemedicine<\/p>\n\n\n\n<figure class=\"wp-block-image size-full is-resized\" style=\"margin-top:0;margin-right:0;margin-bottom:0;margin-left:0\"><img loading=\"lazy\" decoding=\"async\" width=\"235\" height=\"157\" src=\"https:\/\/www.silvereco.org\/festival\/fr\/wp-content\/medias\/2025\/11\/FR-FLAG.png\" alt=\"\" class=\"wp-image-81265\" style=\"width:37px;height:auto\"\/><\/figure>\n\n\n\n<p class=\"wp-block-paragraph\"><\/p>\n\n\n\n<p class=\"wp-block-paragraph\">SYNACare by Design\u00ae d\u00e9veloppe l&#8217;\u00e9cosyst\u00e8me du \u00ab logement qui prend soin \u00bb. Sur ce stand, nous pr\u00e9sentons notre r\u00e9ponse \u00e0 une urgence silencieuse : \u00e0 domicile, la d\u00e9nutrition et la sarcop\u00e9nie s&#8217;installent sans bruit, entre deux consultations \u2014 et pr\u00e9parent la chute, l&#8217;hospitalisation, la perte d&#8217;autonomie. Notre parti pris : d\u00e9tecter avant la rupture, en pr\u00e9vention primaire. L&#8217;outil clinique de la di\u00e9t\u00e9ticienne lib\u00e9rale : NutriRep\u00e8re&#x2122;.<\/p>\n\n\n\n<p class=\"wp-block-paragraph\"><\/p>\n\n\n\n<p class=\"wp-block-paragraph\">Une solution SaaS et application web qui structure le rep\u00e9rage de la d\u00e9nutrition et de la sarcop\u00e9nie, conforme aux r\u00e9f\u00e9rentiels HAS 2021, EWGSOP2 2019 et ICOPE (d\u00e9cret n\u00b0 2026-191), et qui suit l&#8217;\u00e9volution de chaque patient dans le temps pour prioriser les situations \u00e0 risque. Accessible en cabinet comme au domicile du patient, sans installation.<\/p>\n\n\n\n<p class=\"wp-block-paragraph\"><\/p>\n\n\n\n<p class=\"wp-block-paragraph\">La d\u00e9cision clinique reste celle de la praticienne : l&#8217;outil \u00e9claire, il ne d\u00e9cide jamais \u00e0 sa place. Le suivi continu par la personne elle-m\u00eame : SYNApps&#x2122;. Le r\u00e9seau social s\u00e9curis\u00e9 du prendre soin, accessible en freemium d\u00e8s le smartphone. Entre deux visites, la personne ou son aidant renseigne ce qui s&#8217;observe au quotidien : app\u00e9tit, contenu de l&#8217;assiette, poids, hydratation, fatigue, mobilit\u00e9, isolement. La personne reste actrice de son parcours \u2014 ses donn\u00e9es lui appartiennent.<\/p>\n\n\n\n<p class=\"wp-block-paragraph\"><\/p>\n\n\n\n<p class=\"wp-block-paragraph\">Et l&#8217;aidant y trouve un vrai soutien : sa charge mentale se lib\u00e8re. L&#8217;accompagnement nutritionnel \u00e0 domicile : \u00c9quilibre&#x2122;. La formule Acc\u00e8s Libert\u00e9&#x2122; d\u00e9di\u00e9e \u00e0 la nutrition : un accompagnement du quotidien coordonn\u00e9 par un Care Manager, en lien avec la di\u00e9t\u00e9ticienne lib\u00e9rale qui suit la personne \u2014 \u00e9ligible au cr\u00e9dit d&#8217;imp\u00f4t Services \u00e0 la Personne.<\/p>\n\n\n\n<p class=\"wp-block-paragraph\"><\/p>\n\n\n\n<p class=\"wp-block-paragraph\">On entre par le freemium, on souscrit \u00e0 son rythme. La liaison intelligente : SYNA&#x2122;. Notre IA pr\u00e9dictive et d&#8217;aide \u00e0 la d\u00e9cision, con\u00e7ue comme un care manager virtuel : elle croise les signaux du quotidien, les donn\u00e9es cliniques \u2014 et, pour les personnes \u00e9quip\u00e9es de la domotique SYNAcc\u00e8s&#x2122;, les signaux faibles observ\u00e9s par le logement lui-m\u00eame, sans images et sans son.<\/p>\n\n\n\n<p class=\"wp-block-paragraph\" style=\"margin-top:0;margin-bottom:0\"><\/p>\n\n\n\n<p class=\"wp-block-paragraph\"><strong>Mots Clefs :<\/strong><br>habitat inclusif interg\u00e9n\u00e9rationnel, pr\u00e9vention, ateliers, caf\u00e9s aidants, m\u00e9diation num\u00e9rique, nutrition\/cuisine d\u2019application, coworking-sant\u00e9, t\u00e9l\u00e9m\u00e9decine<\/p>\n\n\n\n<div class=\"wp-block-buttons alignwide is-layout-flex wp-block-buttons-is-layout-flex\">\n<div class=\"wp-block-button has-custom-width wp-block-button__width-50\"><a class=\"wp-block-button__link has-text-align-center wp-element-button\" href=\"https:\/\/www.silvereco.org\/festival\/fr\/networking\/\"><strong>NETWORKING PLATFORM<\/strong><\/a><\/div>\n<\/div>\n<\/div>\n<\/div>\n\n\n\n<div class=\"wp-block-columns has-vivid-red-background-color has-background is-layout-flex wp-container-core-columns-is-layout-7387b849 wp-block-columns-is-layout-flex\">\n<div class=\"wp-block-column is-layout-flow wp-block-column-is-layout-flow\">\n<h4 class=\"wp-block-heading has-ast-global-color-5-color has-text-color has-link-color wp-elements-2\"><strong>Contact :<\/strong><\/h4>\n\n\n\n<p class=\"has-ast-global-color-5-color has-text-color has-link-color wp-elements-3 wp-block-paragraph\"><strong>NutriRep\u00e8re<\/strong><br>45 Rue Juliot CURIE &#8211; TECHNOPOLE CHATEAU GOMBERT &#8211; 13013 MARSEILLE &#8211; France<br>+33 6 60 17 04 86<br><a href=\"https:\/\/silvereco.net\/form\/form-exposant\/?melexpo26=contact@syneos-ess.fr\">Envoyer un message \/ Send a message&nbsp;<\/a><\/p>\n\n\n\n<p class=\"has-ast-global-color-5-color has-text-color has-link-color wp-elements-4 wp-block-paragraph\"><\/p>\n<\/div>\n\n\n\n<div class=\"wp-block-column is-layout-flow wp-block-column-is-layout-flow\">\n<h4 class=\"wp-block-heading has-ast-global-color-5-color has-text-color has-link-color wp-elements-5\"><strong>SilverEco Congr\u00e8s \/ Summits :<\/strong><\/h4>\n\n\n\n<p class=\"has-ast-global-color-5-color has-text-color has-link-color wp-elements-6 wp-block-paragraph\">Living at Home Summit \u2013 le Congr\u00e8s Bien-vieillir chez soi<br>Nursing Home Summit \u2013 le Congr\u00e8s EHPAD, RSS et h\u00e9bergement collectif<br>SilverTech &amp; AI Summit \u2013 le Congr\u00e8s des technologies pour l\u2019autonomie et de l\u2019IA<br>Healthy Ageing Summit &#8211; le Congr\u00e8s Sant\u00e9 e-Sant\u00e9<\/p>\n<\/div>\n<\/div>\n\n\n\n<p class=\"wp-block-paragraph\"><\/p>\n","protected":false},"excerpt":{"rendered":"<p>NutriRep\u00e8re<\/p>\n","protected":false},"author":6,"featured_media":87466,"comment_status":"closed","ping_status":"closed","sticky":false,"template":"","format":"standard","meta":{"_uag_custom_page_level_css":"","site-sidebar-layout":"default","site-content-layout":"","ast-site-content-layout":"default","site-content-style":"default","site-sidebar-style":"default","ast-global-header-display":"","ast-banner-title-visibility":"","ast-main-header-display":"","ast-hfb-above-header-display":"","ast-hfb-below-header-display":"","ast-hfb-mobile-header-display":"","site-post-title":"disabled","ast-breadcrumbs-content":"","ast-featured-img":"","footer-sml-layout":"","ast-disable-related-posts":"","theme-transparent-header-meta":"","adv-header-id-meta":"","stick-header-meta":"","header-above-stick-meta":"","header-main-stick-meta":"","header-below-stick-meta":"","astra-migrate-meta-layouts":"set","ast-page-background-enabled":"default","ast-page-background-meta":{"desktop":{"background-color":"var(--ast-global-color-4)","background-image":"","background-repeat":"repeat","background-position":"center center","background-size":"auto","background-attachment":"scroll","background-type":"","background-media":"","overlay-type":"","overlay-color":"","overlay-opacity":"","overlay-gradient":""},"tablet":{"background-color":"","background-image":"","background-repeat":"repeat","background-position":"center center","background-size":"auto","background-attachment":"scroll","background-type":"","background-media":"","overlay-type":"","overlay-color":"","overlay-opacity":"","overlay-gradient":""},"mobile":{"background-color":"","background-image":"","background-repeat":"repeat","background-position":"center center","background-size":"auto","background-attachment":"scroll","background-type":"","background-media":"","overlay-type":"","overlay-color":"","overlay-opacity":"","overlay-gradient":""}},"ast-content-background-meta":{"desktop":{"background-color":"var(--ast-global-color-5)","background-image":"","background-repeat":"repeat","background-position":"center center","background-size":"auto","background-attachment":"scroll","background-type":"","background-media":"","overlay-type":"","overlay-color":"","overlay-opacity":"","overlay-gradient":""},"tablet":{"background-color":"var(--ast-global-color-5)","background-image":"","background-repeat":"repeat","background-position":"center center","background-size":"auto","background-attachment":"scroll","background-type":"","background-media":"","overlay-type":"","overlay-color":"","overlay-opacity":"","overlay-gradient":""},"mobile":{"background-color":"var(--ast-global-color-5)","background-image":"","background-repeat":"repeat","background-position":"center center","background-size":"auto","background-attachment":"scroll","background-type":"","background-media":"","overlay-type":"","overlay-color":"","overlay-opacity":"","overlay-gradient":""}},"ngg_post_thumbnail":0,"footnotes":""},"categories":[235],"tags":[],"class_list":["post-86839","post","type-post","status-publish","format-standard","has-post-thumbnail","hentry","category-exp2"],"yoast_head":"<!-- This site is optimized with the Yoast SEO plugin v28.3 - https:\/\/yoast.com\/product\/yoast-seo-wordpress\/ -->\n<title>NutriRep\u00e8re - Salon de la fili\u00e8re Silver \u00e9conomie et Assises Silver Eco Bien-Vieillir<\/title>\n<meta name=\"robots\" content=\"index, follow, max-snippet:-1, max-image-preview:large, max-video-preview:-1\" \/>\n<link rel=\"canonical\" href=\"https:\/\/www.silvereco.org\/festival\/fr\/nutrirepere\/\" \/>\n<meta property=\"og:locale\" content=\"fr_FR\" \/>\n<meta property=\"og:type\" content=\"article\" \/>\n<meta property=\"og:title\" content=\"NutriRep\u00e8re - Salon de la fili\u00e8re Silver \u00e9conomie et Assises Silver Eco Bien-Vieillir\" \/>\n<meta property=\"og:description\" content=\"NutriRep\u00e8re\" \/>\n<meta property=\"og:url\" content=\"https:\/\/www.silvereco.org\/festival\/fr\/nutrirepere\/\" \/>\n<meta property=\"og:site_name\" content=\"Salon de la fili\u00e8re Silver \u00e9conomie et Assises Silver Eco Bien-Vieillir\" \/>\n<meta property=\"article:published_time\" content=\"2026-07-12T14:42:34+00:00\" \/>\n<meta property=\"article:modified_time\" content=\"2026-08-03T08:17:46+00:00\" \/>\n<meta property=\"og:image\" content=\"https:\/\/www.silvereco.org\/festival\/fr\/wp-content\/medias\/2026\/07\/NUTRIREPERE-350.png\" \/>\n\t<meta property=\"og:image:width\" content=\"350\" \/>\n\t<meta property=\"og:image:height\" content=\"200\" \/>\n\t<meta property=\"og:image:type\" content=\"image\/png\" \/>\n<meta name=\"author\" content=\"Organisateur\" \/>\n<meta name=\"twitter:card\" content=\"summary_large_image\" \/>\n<meta name=\"twitter:label1\" content=\"\u00c9crit par\" \/>\n\t<meta name=\"twitter:data1\" content=\"Organisateur\" \/>\n\t<meta name=\"twitter:label2\" content=\"Dur\u00e9e de lecture estim\u00e9e\" \/>\n\t<meta name=\"twitter:data2\" content=\"5 minutes\" \/>\n<script type=\"application\/ld+json\" class=\"yoast-schema-graph\">{\"@context\":\"https:\\\/\\\/schema.org\",\"@graph\":[{\"@type\":\"Article\",\"@id\":\"https:\\\/\\\/www.silvereco.org\\\/festival\\\/fr\\\/nutrirepere\\\/#article\",\"isPartOf\":{\"@id\":\"https:\\\/\\\/www.silvereco.org\\\/festival\\\/fr\\\/nutrirepere\\\/\"},\"author\":{\"name\":\"Organisateur\",\"@id\":\"https:\\\/\\\/www.silvereco.org\\\/festival\\\/fr\\\/#\\\/schema\\\/person\\\/bb2dd576d1b743e3b8e3dff875cc25cc\"},\"headline\":\"NutriRep\u00e8re\",\"datePublished\":\"2026-07-12T14:42:34+00:00\",\"dateModified\":\"2026-08-03T08:17:46+00:00\",\"mainEntityOfPage\":{\"@id\":\"https:\\\/\\\/www.silvereco.org\\\/festival\\\/fr\\\/nutrirepere\\\/\"},\"wordCount\":764,\"publisher\":{\"@id\":\"https:\\\/\\\/www.silvereco.org\\\/festival\\\/fr\\\/#organization\"},\"image\":{\"@id\":\"https:\\\/\\\/www.silvereco.org\\\/festival\\\/fr\\\/nutrirepere\\\/#primaryimage\"},\"thumbnailUrl\":\"https:\\\/\\\/www.silvereco.org\\\/festival\\\/fr\\\/wp-content\\\/medias\\\/2026\\\/07\\\/NUTRIREPERE-350.png\",\"articleSection\":[\"Exp2\"],\"inLanguage\":\"fr-FR\"},{\"@type\":\"WebPage\",\"@id\":\"https:\\\/\\\/www.silvereco.org\\\/festival\\\/fr\\\/nutrirepere\\\/\",\"url\":\"https:\\\/\\\/www.silvereco.org\\\/festival\\\/fr\\\/nutrirepere\\\/\",\"name\":\"NutriRep\u00e8re - Salon de la fili\u00e8re Silver \u00e9conomie et Assises Silver Eco Bien-Vieillir\",\"isPartOf\":{\"@id\":\"https:\\\/\\\/www.silvereco.org\\\/festival\\\/fr\\\/#website\"},\"primaryImageOfPage\":{\"@id\":\"https:\\\/\\\/www.silvereco.org\\\/festival\\\/fr\\\/nutrirepere\\\/#primaryimage\"},\"image\":{\"@id\":\"https:\\\/\\\/www.silvereco.org\\\/festival\\\/fr\\\/nutrirepere\\\/#primaryimage\"},\"thumbnailUrl\":\"https:\\\/\\\/www.silvereco.org\\\/festival\\\/fr\\\/wp-content\\\/medias\\\/2026\\\/07\\\/NUTRIREPERE-350.png\",\"datePublished\":\"2026-07-12T14:42:34+00:00\",\"dateModified\":\"2026-08-03T08:17:46+00:00\",\"breadcrumb\":{\"@id\":\"https:\\\/\\\/www.silvereco.org\\\/festival\\\/fr\\\/nutrirepere\\\/#breadcrumb\"},\"inLanguage\":\"fr-FR\",\"potentialAction\":[{\"@type\":\"ReadAction\",\"target\":[\"https:\\\/\\\/www.silvereco.org\\\/festival\\\/fr\\\/nutrirepere\\\/\"]}]},{\"@type\":\"ImageObject\",\"inLanguage\":\"fr-FR\",\"@id\":\"https:\\\/\\\/www.silvereco.org\\\/festival\\\/fr\\\/nutrirepere\\\/#primaryimage\",\"url\":\"https:\\\/\\\/www.silvereco.org\\\/festival\\\/fr\\\/wp-content\\\/medias\\\/2026\\\/07\\\/NUTRIREPERE-350.png\",\"contentUrl\":\"https:\\\/\\\/www.silvereco.org\\\/festival\\\/fr\\\/wp-content\\\/medias\\\/2026\\\/07\\\/NUTRIREPERE-350.png\",\"width\":350,\"height\":200},{\"@type\":\"BreadcrumbList\",\"@id\":\"https:\\\/\\\/www.silvereco.org\\\/festival\\\/fr\\\/nutrirepere\\\/#breadcrumb\",\"itemListElement\":[{\"@type\":\"ListItem\",\"position\":1,\"name\":\"Accueil\",\"item\":\"https:\\\/\\\/www.silvereco.org\\\/festival\\\/fr\\\/\"},{\"@type\":\"ListItem\",\"position\":2,\"name\":\"NutriRep\u00e8re\"}]},{\"@type\":\"WebSite\",\"@id\":\"https:\\\/\\\/www.silvereco.org\\\/festival\\\/fr\\\/#website\",\"url\":\"https:\\\/\\\/www.silvereco.org\\\/festival\\\/fr\\\/\",\"name\":\"Salon de la fili\u00e8re Silver \u00e9conomie et Assises Silver Eco\",\"description\":\"International Silver Economy and Ageing Well Festival\",\"publisher\":{\"@id\":\"https:\\\/\\\/www.silvereco.org\\\/festival\\\/fr\\\/#organization\"},\"potentialAction\":[{\"@type\":\"SearchAction\",\"target\":{\"@type\":\"EntryPoint\",\"urlTemplate\":\"https:\\\/\\\/www.silvereco.org\\\/festival\\\/fr\\\/?s={search_term_string}\"},\"query-input\":{\"@type\":\"PropertyValueSpecification\",\"valueRequired\":true,\"valueName\":\"search_term_string\"}}],\"inLanguage\":\"fr-FR\"},{\"@type\":\"Organization\",\"@id\":\"https:\\\/\\\/www.silvereco.org\\\/festival\\\/fr\\\/#organization\",\"name\":\"International Silver Economy and Ageing Well Festival\",\"url\":\"https:\\\/\\\/www.silvereco.org\\\/festival\\\/fr\\\/\",\"logo\":{\"@type\":\"ImageObject\",\"inLanguage\":\"fr-FR\",\"@id\":\"https:\\\/\\\/www.silvereco.org\\\/festival\\\/fr\\\/#\\\/schema\\\/logo\\\/image\\\/\",\"url\":\"https:\\\/\\\/www.silvereco.org\\\/festival\\\/fr\\\/wp-content\\\/medias\\\/2022\\\/12\\\/cropped-festival-silvereco-2020-2-300x93-1.png\",\"contentUrl\":\"https:\\\/\\\/www.silvereco.org\\\/festival\\\/fr\\\/wp-content\\\/medias\\\/2022\\\/12\\\/cropped-festival-silvereco-2020-2-300x93-1.png\",\"width\":300,\"height\":93,\"caption\":\"International Silver Economy and Ageing Well Festival\"},\"image\":{\"@id\":\"https:\\\/\\\/www.silvereco.org\\\/festival\\\/fr\\\/#\\\/schema\\\/logo\\\/image\\\/\"}},{\"@type\":\"Person\",\"@id\":\"https:\\\/\\\/www.silvereco.org\\\/festival\\\/fr\\\/#\\\/schema\\\/person\\\/bb2dd576d1b743e3b8e3dff875cc25cc\",\"name\":\"Organisateur\",\"image\":{\"@type\":\"ImageObject\",\"inLanguage\":\"fr-FR\",\"@id\":\"https:\\\/\\\/secure.gravatar.com\\\/avatar\\\/7ce61c5aa61890e488ea17ec3f83a58d5063d7261fd07b3dc8651cfbf747125b?s=96&d=mm&r=g\",\"url\":\"https:\\\/\\\/secure.gravatar.com\\\/avatar\\\/7ce61c5aa61890e488ea17ec3f83a58d5063d7261fd07b3dc8651cfbf747125b?s=96&d=mm&r=g\",\"contentUrl\":\"https:\\\/\\\/secure.gravatar.com\\\/avatar\\\/7ce61c5aa61890e488ea17ec3f83a58d5063d7261fd07b3dc8651cfbf747125b?s=96&d=mm&r=g\",\"caption\":\"Organisateur\"},\"url\":\"https:\\\/\\\/www.silvereco.org\\\/festival\\\/fr\\\/author\\\/festadm25\\\/\"}]}<\/script>\n<!-- \/ Yoast SEO plugin. -->","yoast_head_json":{"title":"NutriRep\u00e8re - Salon de la fili\u00e8re Silver \u00e9conomie et Assises Silver Eco Bien-Vieillir","robots":{"index":"index","follow":"follow","max-snippet":"max-snippet:-1","max-image-preview":"max-image-preview:large","max-video-preview":"max-video-preview:-1"},"canonical":"https:\/\/www.silvereco.org\/festival\/fr\/nutrirepere\/","og_locale":"fr_FR","og_type":"article","og_title":"NutriRep\u00e8re - Salon de la fili\u00e8re Silver \u00e9conomie et Assises Silver Eco Bien-Vieillir","og_description":"NutriRep\u00e8re","og_url":"https:\/\/www.silvereco.org\/festival\/fr\/nutrirepere\/","og_site_name":"Salon de la fili\u00e8re Silver \u00e9conomie et Assises Silver Eco Bien-Vieillir","article_published_time":"2026-07-12T14:42:34+00:00","article_modified_time":"2026-08-03T08:17:46+00:00","og_image":[{"width":350,"height":200,"url":"https:\/\/www.silvereco.org\/festival\/fr\/wp-content\/medias\/2026\/07\/NUTRIREPERE-350.png","type":"image\/png"}],"author":"Organisateur","twitter_card":"summary_large_image","twitter_misc":{"\u00c9crit par":"Organisateur","Dur\u00e9e de lecture estim\u00e9e":"5 minutes"},"schema":{"@context":"https:\/\/schema.org","@graph":[{"@type":"Article","@id":"https:\/\/www.silvereco.org\/festival\/fr\/nutrirepere\/#article","isPartOf":{"@id":"https:\/\/www.silvereco.org\/festival\/fr\/nutrirepere\/"},"author":{"name":"Organisateur","@id":"https:\/\/www.silvereco.org\/festival\/fr\/#\/schema\/person\/bb2dd576d1b743e3b8e3dff875cc25cc"},"headline":"NutriRep\u00e8re","datePublished":"2026-07-12T14:42:34+00:00","dateModified":"2026-08-03T08:17:46+00:00","mainEntityOfPage":{"@id":"https:\/\/www.silvereco.org\/festival\/fr\/nutrirepere\/"},"wordCount":764,"publisher":{"@id":"https:\/\/www.silvereco.org\/festival\/fr\/#organization"},"image":{"@id":"https:\/\/www.silvereco.org\/festival\/fr\/nutrirepere\/#primaryimage"},"thumbnailUrl":"https:\/\/www.silvereco.org\/festival\/fr\/wp-content\/medias\/2026\/07\/NUTRIREPERE-350.png","articleSection":["Exp2"],"inLanguage":"fr-FR"},{"@type":"WebPage","@id":"https:\/\/www.silvereco.org\/festival\/fr\/nutrirepere\/","url":"https:\/\/www.silvereco.org\/festival\/fr\/nutrirepere\/","name":"NutriRep\u00e8re - Salon de la fili\u00e8re Silver \u00e9conomie et Assises Silver Eco Bien-Vieillir","isPartOf":{"@id":"https:\/\/www.silvereco.org\/festival\/fr\/#website"},"primaryImageOfPage":{"@id":"https:\/\/www.silvereco.org\/festival\/fr\/nutrirepere\/#primaryimage"},"image":{"@id":"https:\/\/www.silvereco.org\/festival\/fr\/nutrirepere\/#primaryimage"},"thumbnailUrl":"https:\/\/www.silvereco.org\/festival\/fr\/wp-content\/medias\/2026\/07\/NUTRIREPERE-350.png","datePublished":"2026-07-12T14:42:34+00:00","dateModified":"2026-08-03T08:17:46+00:00","breadcrumb":{"@id":"https:\/\/www.silvereco.org\/festival\/fr\/nutrirepere\/#breadcrumb"},"inLanguage":"fr-FR","potentialAction":[{"@type":"ReadAction","target":["https:\/\/www.silvereco.org\/festival\/fr\/nutrirepere\/"]}]},{"@type":"ImageObject","inLanguage":"fr-FR","@id":"https:\/\/www.silvereco.org\/festival\/fr\/nutrirepere\/#primaryimage","url":"https:\/\/www.silvereco.org\/festival\/fr\/wp-content\/medias\/2026\/07\/NUTRIREPERE-350.png","contentUrl":"https:\/\/www.silvereco.org\/festival\/fr\/wp-content\/medias\/2026\/07\/NUTRIREPERE-350.png","width":350,"height":200},{"@type":"BreadcrumbList","@id":"https:\/\/www.silvereco.org\/festival\/fr\/nutrirepere\/#breadcrumb","itemListElement":[{"@type":"ListItem","position":1,"name":"Accueil","item":"https:\/\/www.silvereco.org\/festival\/fr\/"},{"@type":"ListItem","position":2,"name":"NutriRep\u00e8re"}]},{"@type":"WebSite","@id":"https:\/\/www.silvereco.org\/festival\/fr\/#website","url":"https:\/\/www.silvereco.org\/festival\/fr\/","name":"Salon de la fili\u00e8re Silver \u00e9conomie et Assises Silver Eco","description":"International Silver Economy and Ageing Well Festival","publisher":{"@id":"https:\/\/www.silvereco.org\/festival\/fr\/#organization"},"potentialAction":[{"@type":"SearchAction","target":{"@type":"EntryPoint","urlTemplate":"https:\/\/www.silvereco.org\/festival\/fr\/?s={search_term_string}"},"query-input":{"@type":"PropertyValueSpecification","valueRequired":true,"valueName":"search_term_string"}}],"inLanguage":"fr-FR"},{"@type":"Organization","@id":"https:\/\/www.silvereco.org\/festival\/fr\/#organization","name":"International Silver Economy and Ageing Well Festival","url":"https:\/\/www.silvereco.org\/festival\/fr\/","logo":{"@type":"ImageObject","inLanguage":"fr-FR","@id":"https:\/\/www.silvereco.org\/festival\/fr\/#\/schema\/logo\/image\/","url":"https:\/\/www.silvereco.org\/festival\/fr\/wp-content\/medias\/2022\/12\/cropped-festival-silvereco-2020-2-300x93-1.png","contentUrl":"https:\/\/www.silvereco.org\/festival\/fr\/wp-content\/medias\/2022\/12\/cropped-festival-silvereco-2020-2-300x93-1.png","width":300,"height":93,"caption":"International Silver Economy and Ageing Well Festival"},"image":{"@id":"https:\/\/www.silvereco.org\/festival\/fr\/#\/schema\/logo\/image\/"}},{"@type":"Person","@id":"https:\/\/www.silvereco.org\/festival\/fr\/#\/schema\/person\/bb2dd576d1b743e3b8e3dff875cc25cc","name":"Organisateur","image":{"@type":"ImageObject","inLanguage":"fr-FR","@id":"https:\/\/secure.gravatar.com\/avatar\/7ce61c5aa61890e488ea17ec3f83a58d5063d7261fd07b3dc8651cfbf747125b?s=96&d=mm&r=g","url":"https:\/\/secure.gravatar.com\/avatar\/7ce61c5aa61890e488ea17ec3f83a58d5063d7261fd07b3dc8651cfbf747125b?s=96&d=mm&r=g","contentUrl":"https:\/\/secure.gravatar.com\/avatar\/7ce61c5aa61890e488ea17ec3f83a58d5063d7261fd07b3dc8651cfbf747125b?s=96&d=mm&r=g","caption":"Organisateur"},"url":"https:\/\/www.silvereco.org\/festival\/fr\/author\/festadm25\/"}]}},"uagb_featured_image_src":{"full":["https:\/\/www.silvereco.org\/festival\/fr\/wp-content\/medias\/2026\/07\/NUTRIREPERE-350.png",350,200,false],"thumbnail":["https:\/\/www.silvereco.org\/festival\/fr\/wp-content\/medias\/2026\/07\/NUTRIREPERE-350-150x150.png",150,150,true],"medium":["https:\/\/www.silvereco.org\/festival\/fr\/wp-content\/medias\/2026\/07\/NUTRIREPERE-350-300x171.png",300,171,true],"medium_large":["https:\/\/www.silvereco.org\/festival\/fr\/wp-content\/medias\/2026\/07\/NUTRIREPERE-350.png",350,200,false],"large":["https:\/\/www.silvereco.org\/festival\/fr\/wp-content\/medias\/2026\/07\/NUTRIREPERE-350.png",350,200,false],"1536x1536":["https:\/\/www.silvereco.org\/festival\/fr\/wp-content\/medias\/2026\/07\/NUTRIREPERE-350.png",350,200,false],"2048x2048":["https:\/\/www.silvereco.org\/festival\/fr\/wp-content\/medias\/2026\/07\/NUTRIREPERE-350.png",350,200,false]},"uagb_author_info":{"display_name":"Organisateur","author_link":"https:\/\/www.silvereco.org\/festival\/fr\/author\/festadm25\/"},"uagb_comment_info":0,"uagb_excerpt":"NutriRep\u00e8re","_links":{"self":[{"href":"https:\/\/www.silvereco.org\/festival\/fr\/wp-json\/wp\/v2\/posts\/86839","targetHints":{"allow":["GET"]}}],"collection":[{"href":"https:\/\/www.silvereco.org\/festival\/fr\/wp-json\/wp\/v2\/posts"}],"about":[{"href":"https:\/\/www.silvereco.org\/festival\/fr\/wp-json\/wp\/v2\/types\/post"}],"author":[{"embeddable":true,"href":"https:\/\/www.silvereco.org\/festival\/fr\/wp-json\/wp\/v2\/users\/6"}],"replies":[{"embeddable":true,"href":"https:\/\/www.silvereco.org\/festival\/fr\/wp-json\/wp\/v2\/comments?post=86839"}],"version-history":[{"count":11,"href":"https:\/\/www.silvereco.org\/festival\/fr\/wp-json\/wp\/v2\/posts\/86839\/revisions"}],"predecessor-version":[{"id":87468,"href":"https:\/\/www.silvereco.org\/festival\/fr\/wp-json\/wp\/v2\/posts\/86839\/revisions\/87468"}],"wp:featuredmedia":[{"embeddable":true,"href":"https:\/\/www.silvereco.org\/festival\/fr\/wp-json\/wp\/v2\/media\/87466"}],"wp:attachment":[{"href":"https:\/\/www.silvereco.org\/festival\/fr\/wp-json\/wp\/v2\/media?parent=86839"}],"wp:term":[{"taxonomy":"category","embeddable":true,"href":"https:\/\/www.silvereco.org\/festival\/fr\/wp-json\/wp\/v2\/categories?post=86839"},{"taxonomy":"post_tag","embeddable":true,"href":"https:\/\/www.silvereco.org\/festival\/fr\/wp-json\/wp\/v2\/tags?post=86839"}],"curies":[{"name":"wp","href":"https:\/\/api.w.org\/{rel}","templated":true}]}}