{"id":85123,"date":"2026-05-28T16:25:49","date_gmt":"2026-05-28T15:25:49","guid":{"rendered":"https:\/\/www.silvereco.org\/festival\/fr\/?p=85123"},"modified":"2026-08-27T11:54:41","modified_gmt":"2026-08-27T10:54:41","slug":"thcs-transforming-health-and-care-systems","status":"publish","type":"post","link":"https:\/\/www.silvereco.org\/festival\/fr\/thcs-transforming-health-and-care-systems\/","title":{"rendered":"THCS &#8211; Transforming Health and Care Systems"},"content":{"rendered":"\n<div class=\"wp-block-columns is-layout-flex wp-container-core-columns-is-layout-7387b849 wp-block-columns-is-layout-flex\">\n<div class=\"wp-block-column is-layout-flow wp-block-column-is-layout-flow\" style=\"flex-basis:33.33%\">\n<figure class=\"wp-block-image aligncenter size-full is-style-default wp-duotone-unset-1\"><img loading=\"lazy\" decoding=\"async\" width=\"1861\" height=\"928\" src=\"https:\/\/www.silvereco.org\/festival\/fr\/wp-content\/medias\/2026\/05\/THCS-LOGO-transparent-background.png\" alt=\"\" class=\"wp-image-85493\" srcset=\"https:\/\/www.silvereco.org\/festival\/fr\/wp-content\/medias\/2026\/05\/THCS-LOGO-transparent-background.png 1861w, https:\/\/www.silvereco.org\/festival\/fr\/wp-content\/medias\/2026\/05\/THCS-LOGO-transparent-background-300x150.png 300w, https:\/\/www.silvereco.org\/festival\/fr\/wp-content\/medias\/2026\/05\/THCS-LOGO-transparent-background-1024x511.png 1024w, https:\/\/www.silvereco.org\/festival\/fr\/wp-content\/medias\/2026\/05\/THCS-LOGO-transparent-background-768x383.png 768w, https:\/\/www.silvereco.org\/festival\/fr\/wp-content\/medias\/2026\/05\/THCS-LOGO-transparent-background-1536x766.png 1536w\" sizes=\"auto, (max-width: 1861px) 100vw, 1861px\" \/><\/figure>\n<\/div>\n\n\n\n<div class=\"wp-block-column is-layout-flow wp-block-column-is-layout-flow\" style=\"flex-basis:66.66%\">\n<h1 class=\"wp-block-heading\">THCS &#8211; Transforming Health and Care Systems<\/h1>\n\n\n\n<h2 class=\"wp-block-heading has-ast-global-color-0-color has-text-color has-link-color wp-elements-1\">Stand H41 &#8211; Hall A<\/h2>\n\n\n\n<p class=\"wp-block-paragraph\"><\/p>\n\n\n\n<figure class=\"wp-block-image size-full is-resized\" style=\"margin-top:0;margin-right:0;margin-bottom:0;margin-left:0\"><img loading=\"lazy\" decoding=\"async\" width=\"235\" height=\"156\" src=\"https:\/\/www.silvereco.org\/festival\/fr\/wp-content\/medias\/2025\/11\/EN-FLAG.png\" alt=\"\" class=\"wp-image-81282\" style=\"width:37px;height:auto\"\/><\/figure>\n\n\n\n<p class=\"wp-block-paragraph\"><\/p>\n\n\n\n<p class=\"wp-block-paragraph\" style=\"margin-top:0;margin-bottom:0\">The European Partnership on Transforming Health and Care Systems (THCS), co-funded under Horizon Europe and coordinated by the Italian Ministry of Health, supports transnational research and innovation aimed at making health and care systems more sustainable, resilient, innovative, inclusive and person-centred. This includes several initiatives exploring how health and care systems can better respond to population ageing and support healthy, active and independent living.<\/p>\n\n\n\n<p class=\"wp-block-paragraph\"><\/p>\n\n\n\n<p class=\"wp-block-paragraph\" style=\"margin-top:0;margin-bottom:0\">At the Festival, THCS will be joined in the exhibition area by four funded projects developing innovative solutions for older people and their care pathways:<\/p>\n\n\n\n<ul class=\"wp-block-list\">\n<li>EMA_FRAILTY \u2013 Ecological Monitoring for the Assessment of Frailty in Older People<\/li>\n\n\n\n<li>STRIDE-COM \u2013 Smart Technology for Remote Intervention in Diabetic Foot Ulcer Prevention in Community Settings<\/li>\n\n\n\n<li>MI-RICORDO \u2013 Transcultural and Multidimensional Validation of Digital Rehabilitation Intervention of Cognitive Resources, Domain-Oriented<\/li>\n\n\n\n<li>TransCare \u2013 New Care Pathways for Supporting Transitional Care from Hospitals to Home Using AI and Personalised Digital Assistance Together<\/li>\n<\/ul>\n\n\n\n<p class=\"wp-block-paragraph\"><\/p>\n\n\n\n<p class=\"wp-block-paragraph\" style=\"margin-top:0;margin-bottom:0\">These projects address complementary aspects of ageing and care, from frailty assessment and the prevention of diabetic foot complications to digital cognitive rehabilitation and more effective transitions from hospital to home.<\/p>\n\n\n\n<p class=\"wp-block-paragraph\"><\/p>\n\n\n\n<p class=\"wp-block-paragraph\" style=\"margin-top:0;margin-bottom:0\">Visitors will have the opportunity to meet the project teams and discover how their solutions can contribute to more preventive, personalised and integrated models of care. Representatives of the four projects will also take part in the panel discussion \u201cTHCS in Action: Transforming Ageing Care Pathways Through Innovative Solutions\u201d, organised by THCS on 14 September 2026 at 17:00 in Hall A. The session will explore how THCS-funded projects are turning research into practical solutions with the potential to transform health and care pathways and improve the lives of older people.<\/p>\n\n\n\n<p class=\"wp-block-paragraph\"><strong>KeyWords :<\/strong><br>Health and care systems \u00b7 Transformation \u00b7 Horizon Europe \u00b7 Person-centred care \u00b7 Integrated care \u00b7 Frailty prevention \u00b7 Mobility support \u00b7 Digital rehabilitation \u00b7 Care pathways \u00b7 Quality of life<\/p>\n\n\n\n<figure class=\"wp-block-image size-full is-resized\" style=\"margin-top:0;margin-right:0;margin-bottom:0;margin-left:0\"><img loading=\"lazy\" decoding=\"async\" width=\"235\" height=\"157\" src=\"https:\/\/www.silvereco.org\/festival\/fr\/wp-content\/medias\/2025\/11\/FR-FLAG.png\" alt=\"\" class=\"wp-image-81265\" style=\"width:37px;height:auto\"\/><\/figure>\n\n\n\n<p class=\"wp-block-paragraph\"><\/p>\n\n\n\n<p class=\"wp-block-paragraph\">Le Partenariat europ\u00e9en pour la transformation des syst\u00e8mes de sant\u00e9 et de soins (THCS), cofinanc\u00e9 dans le cadre d\u2019Horizon Europe et coordonn\u00e9 par le minist\u00e8re italien de la Sant\u00e9, soutient la recherche et l\u2019innovation transnationales visant \u00e0 rendre les syst\u00e8mes de sant\u00e9 et de soins plus durables, r\u00e9silients, innovants, inclusifs et centr\u00e9s sur la personne. Cela inclut plusieurs initiatives explorant la mani\u00e8re dont les syst\u00e8mes de sant\u00e9 et de soins peuvent mieux r\u00e9pondre au vieillissement de la population et favoriser un mode de vie sain, actif et autonome.<\/p>\n\n\n\n<p class=\"wp-block-paragraph\"><\/p>\n\n\n\n<p class=\"wp-block-paragraph\">Lors du Festival, le THCS sera accompagn\u00e9, dans l\u2019espace d\u2019exposition, de quatre projets financ\u00e9s qui d\u00e9veloppent des solutions innovantes pour les personnes \u00e2g\u00e9es et leurs parcours de soins :<\/p>\n\n\n\n<ul class=\"wp-block-list\">\n<li>EMA_FRAILTY \u2013 Surveillance \u00e9cologique pour l\u2019\u00e9valuation de la fragilit\u00e9 chez les personnes \u00e2g\u00e9es<\/li>\n\n\n\n<li>STRIDE-COM \u2013 Technologie intelligente pour l\u2019intervention \u00e0 distance dans la pr\u00e9vention des ulc\u00e8res du pied diab\u00e9tique en milieu communautaire<\/li>\n\n\n\n<li>MI-RICORDO \u2013 Validation transculturelle et multidimensionnelle d\u2019une intervention num\u00e9rique de r\u00e9\u00e9ducation des ressources cognitives, orient\u00e9e par domaine<\/li>\n\n\n\n<li>TransCare \u2013 Nouveaux parcours de soins pour accompagner la transition de l\u2019h\u00f4pital vers le domicile gr\u00e2ce \u00e0 l\u2019IA et \u00e0 l\u2019assistance num\u00e9rique personnalis\u00e9e<\/li>\n<\/ul>\n\n\n\n<p class=\"wp-block-paragraph\"><\/p>\n\n\n\n<p class=\"wp-block-paragraph\">Des repr\u00e9sentants des quatre projets participeront \u00e9galement \u00e0 la table ronde intitul\u00e9e \u00ab THCS en action : transformer les parcours de soins aux personnes \u00e2g\u00e9es gr\u00e2ce \u00e0 des solutions innovantes \u00bb, organis\u00e9e par THCS le 14 septembre 2026 \u00e0 17 h dans le hall A. Cette session examinera comment les projets financ\u00e9s par THCS transforment la recherche en solutions concr\u00e8tes susceptibles de transformer les parcours de sant\u00e9 et de soins et d\u2019am\u00e9liorer la vie des personnes \u00e2g\u00e9es.<\/p>\n\n\n\n<p class=\"wp-block-paragraph\"><strong>Mots Clefs :<\/strong><br>Syst\u00e8mes de sant\u00e9 et de soins \u00b7 Transformation \u00b7 Horizon Europe \u00b7 Soins centr\u00e9s sur la personne \u00b7 Soins int\u00e9gr\u00e9s \u00b7 Pr\u00e9vention de la fragilit\u00e9 \u00b7 Aide \u00e0 la mobilit\u00e9 \u00b7 R\u00e9\u00e9ducation num\u00e9rique \u00b7 Parcours de soins \u00b7 Qualit\u00e9 de vie<\/p>\n\n\n\n<div class=\"wp-block-buttons alignwide is-layout-flex wp-block-buttons-is-layout-flex\">\n<div style=\"--wp--block-button--width: 50;\" class=\"wp-block-button has-custom-width wp-block-button__width wp-block-button__width-50\"><a class=\"wp-block-button__link has-text-align-center wp-element-button\" href=\"https:\/\/www.silvereco.org\/festival\/fr\/networking\/\"><strong>NETWORKING PLATFORM<\/strong><\/a><\/div>\n<\/div>\n<\/div>\n<\/div>\n\n\n\n<div class=\"wp-block-columns has-vivid-red-background-color has-background is-layout-flex wp-container-core-columns-is-layout-7387b849 wp-block-columns-is-layout-flex\">\n<div class=\"wp-block-column is-layout-flow wp-block-column-is-layout-flow\">\n<h4 class=\"wp-block-heading has-ast-global-color-5-color has-text-color has-link-color wp-elements-2\"><strong>Contact :<\/strong><\/h4>\n\n\n\n<p class=\"has-ast-global-color-5-color has-text-color has-link-color wp-elements-3 wp-block-paragraph\"><strong>THCS &#8211; Transforming Health and Care Systems<br><\/strong>THCS Network Coordination Unit c\/o Ministero della Salute DG for Research and Innovation in Healthcare Viale Giorgio Ribotta, 5 \u2013 00144 Rome &#8211; Italy<br><a href=\"https:\/\/silvereco.net\/form\/form-exposant\/?melexpo26=info@thcspartnership.eu\">Envoyer un message \/ Send a message<\/a><\/p>\n\n\n\n<p class=\"has-ast-global-color-5-color has-text-color has-link-color wp-elements-4 wp-block-paragraph\"><a href=\"https:\/\/www.thcspartnership.eu\/\">Website<\/a><\/p>\n<\/div>\n\n\n\n<div class=\"wp-block-column is-layout-flow wp-block-column-is-layout-flow\">\n<h4 class=\"wp-block-heading has-ast-global-color-5-color has-text-color has-link-color wp-elements-5\"><strong>SilverEco Congr\u00e8s \/ Summits :<\/strong><\/h4>\n\n\n\n<p class=\"has-ast-global-color-5-color has-text-color has-link-color wp-elements-6 wp-block-paragraph\">SilverTech &amp; AI Summit \u2013 le Congr\u00e8s des technologies pour l&#8217;autonomie<br>Healthy Ageing Summit \u2013 le Congr\u00e8s Sant\u00e9 e-Sant\u00e9<\/p>\n<\/div>\n<\/div>\n\n\n\n<p class=\"wp-block-paragraph\"><\/p>\n","protected":false},"excerpt":{"rendered":"<p>THCS &#8211; Transforming Health and Care Systems<\/p>\n","protected":false},"author":6,"featured_media":85497,"comment_status":"closed","ping_status":"closed","sticky":false,"template":"","format":"standard","meta":{"_uag_custom_page_level_css":"","site-sidebar-layout":"default","site-content-layout":"","ast-site-content-layout":"default","site-content-style":"default","site-sidebar-style":"default","ast-global-header-display":"","ast-banner-title-visibility":"","ast-main-header-display":"","ast-hfb-above-header-display":"","ast-hfb-below-header-display":"","ast-hfb-mobile-header-display":"","site-post-title":"disabled","ast-breadcrumbs-content":"","ast-featured-img":"","footer-sml-layout":"","ast-disable-related-posts":"","theme-transparent-header-meta":"","adv-header-id-meta":"","stick-header-meta":"","header-above-stick-meta":"","header-main-stick-meta":"","header-below-stick-meta":"","astra-migrate-meta-layouts":"set","ast-page-background-enabled":"default","ast-page-background-meta":{"desktop":{"background-color":"var(--ast-global-color-4)","background-image":"","background-repeat":"repeat","background-position":"center center","background-size":"auto","background-attachment":"scroll","background-type":"","background-media":"","overlay-type":"","overlay-color":"","overlay-opacity":"","overlay-gradient":""},"tablet":{"background-color":"","background-image":"","background-repeat":"repeat","background-position":"center center","background-size":"auto","background-attachment":"scroll","background-type":"","background-media":"","overlay-type":"","overlay-color":"","overlay-opacity":"","overlay-gradient":""},"mobile":{"background-color":"","background-image":"","background-repeat":"repeat","background-position":"center center","background-size":"auto","background-attachment":"scroll","background-type":"","background-media":"","overlay-type":"","overlay-color":"","overlay-opacity":"","overlay-gradient":""}},"ast-content-background-meta":{"desktop":{"background-color":"var(--ast-global-color-5)","background-image":"","background-repeat":"repeat","background-position":"center center","background-size":"auto","background-attachment":"scroll","background-type":"","background-media":"","overlay-type":"","overlay-color":"","overlay-opacity":"","overlay-gradient":""},"tablet":{"background-color":"var(--ast-global-color-5)","background-image":"","background-repeat":"repeat","background-position":"center center","background-size":"auto","background-attachment":"scroll","background-type":"","background-media":"","overlay-type":"","overlay-color":"","overlay-opacity":"","overlay-gradient":""},"mobile":{"background-color":"var(--ast-global-color-5)","background-image":"","background-repeat":"repeat","background-position":"center center","background-size":"auto","background-attachment":"scroll","background-type":"","background-media":"","overlay-type":"","overlay-color":"","overlay-opacity":"","overlay-gradient":""}},"ngg_post_thumbnail":0,"footnotes":""},"categories":[235],"tags":[],"class_list":["post-85123","post","type-post","status-publish","format-standard","has-post-thumbnail","hentry","category-exp2"],"yoast_head":"<!-- This site is optimized with the Yoast SEO plugin v28.3 - https:\/\/yoast.com\/product\/yoast-seo-wordpress\/ -->\n<title>THCS - Transforming Health and Care Systems - Salon de la fili\u00e8re Silver \u00e9conomie et Assises Silver Eco Bien-Vieillir<\/title>\n<meta name=\"robots\" content=\"index, follow, max-snippet:-1, max-image-preview:large, max-video-preview:-1\" \/>\n<link rel=\"canonical\" href=\"https:\/\/www.silvereco.org\/festival\/fr\/thcs-transforming-health-and-care-systems\/\" \/>\n<meta property=\"og:locale\" content=\"fr_FR\" \/>\n<meta property=\"og:type\" content=\"article\" \/>\n<meta property=\"og:title\" content=\"THCS - Transforming Health and Care Systems - Salon de la fili\u00e8re Silver \u00e9conomie et Assises Silver Eco Bien-Vieillir\" \/>\n<meta property=\"og:description\" content=\"THCS - Transforming Health and Care Systems\" \/>\n<meta property=\"og:url\" content=\"https:\/\/www.silvereco.org\/festival\/fr\/thcs-transforming-health-and-care-systems\/\" \/>\n<meta property=\"og:site_name\" content=\"Salon de la fili\u00e8re Silver \u00e9conomie et Assises Silver Eco Bien-Vieillir\" \/>\n<meta property=\"article:published_time\" content=\"2026-05-28T15:25:49+00:00\" \/>\n<meta property=\"article:modified_time\" content=\"2026-08-27T10:54:41+00:00\" \/>\n<meta property=\"og:image\" content=\"https:\/\/www.silvereco.org\/festival\/fr\/wp-content\/medias\/2026\/05\/thcs-1.jpg\" \/>\n\t<meta property=\"og:image:width\" content=\"350\" \/>\n\t<meta property=\"og:image:height\" content=\"200\" \/>\n\t<meta property=\"og:image:type\" content=\"image\/jpeg\" \/>\n<meta name=\"author\" content=\"Organisateur\" \/>\n<meta name=\"twitter:card\" content=\"summary_large_image\" \/>\n<meta name=\"twitter:label1\" content=\"\u00c9crit par\" \/>\n\t<meta name=\"twitter:data1\" content=\"Organisateur\" \/>\n\t<meta name=\"twitter:label2\" content=\"Dur\u00e9e de lecture estim\u00e9e\" \/>\n\t<meta name=\"twitter:data2\" content=\"5 minutes\" \/>\n<script type=\"application\/ld+json\" class=\"yoast-schema-graph\">{\"@context\":\"https:\\\/\\\/schema.org\",\"@graph\":[{\"@type\":\"Article\",\"@id\":\"https:\\\/\\\/www.silvereco.org\\\/festival\\\/fr\\\/thcs-transforming-health-and-care-systems\\\/#article\",\"isPartOf\":{\"@id\":\"https:\\\/\\\/www.silvereco.org\\\/festival\\\/fr\\\/thcs-transforming-health-and-care-systems\\\/\"},\"author\":{\"name\":\"Organisateur\",\"@id\":\"https:\\\/\\\/www.silvereco.org\\\/festival\\\/fr\\\/#\\\/schema\\\/person\\\/bb2dd576d1b743e3b8e3dff875cc25cc\"},\"headline\":\"THCS &#8211; Transforming Health and Care Systems\",\"datePublished\":\"2026-05-28T15:25:49+00:00\",\"dateModified\":\"2026-08-27T10:54:41+00:00\",\"mainEntityOfPage\":{\"@id\":\"https:\\\/\\\/www.silvereco.org\\\/festival\\\/fr\\\/thcs-transforming-health-and-care-systems\\\/\"},\"wordCount\":701,\"publisher\":{\"@id\":\"https:\\\/\\\/www.silvereco.org\\\/festival\\\/fr\\\/#organization\"},\"image\":{\"@id\":\"https:\\\/\\\/www.silvereco.org\\\/festival\\\/fr\\\/thcs-transforming-health-and-care-systems\\\/#primaryimage\"},\"thumbnailUrl\":\"https:\\\/\\\/www.silvereco.org\\\/festival\\\/fr\\\/wp-content\\\/medias\\\/2026\\\/05\\\/thcs-1.jpg\",\"articleSection\":[\"Exp2\"],\"inLanguage\":\"fr-FR\"},{\"@type\":\"WebPage\",\"@id\":\"https:\\\/\\\/www.silvereco.org\\\/festival\\\/fr\\\/thcs-transforming-health-and-care-systems\\\/\",\"url\":\"https:\\\/\\\/www.silvereco.org\\\/festival\\\/fr\\\/thcs-transforming-health-and-care-systems\\\/\",\"name\":\"THCS - Transforming Health and Care Systems - Salon de la fili\u00e8re Silver \u00e9conomie et Assises Silver Eco Bien-Vieillir\",\"isPartOf\":{\"@id\":\"https:\\\/\\\/www.silvereco.org\\\/festival\\\/fr\\\/#website\"},\"primaryImageOfPage\":{\"@id\":\"https:\\\/\\\/www.silvereco.org\\\/festival\\\/fr\\\/thcs-transforming-health-and-care-systems\\\/#primaryimage\"},\"image\":{\"@id\":\"https:\\\/\\\/www.silvereco.org\\\/festival\\\/fr\\\/thcs-transforming-health-and-care-systems\\\/#primaryimage\"},\"thumbnailUrl\":\"https:\\\/\\\/www.silvereco.org\\\/festival\\\/fr\\\/wp-content\\\/medias\\\/2026\\\/05\\\/thcs-1.jpg\",\"datePublished\":\"2026-05-28T15:25:49+00:00\",\"dateModified\":\"2026-08-27T10:54:41+00:00\",\"breadcrumb\":{\"@id\":\"https:\\\/\\\/www.silvereco.org\\\/festival\\\/fr\\\/thcs-transforming-health-and-care-systems\\\/#breadcrumb\"},\"inLanguage\":\"fr-FR\",\"potentialAction\":[{\"@type\":\"ReadAction\",\"target\":[\"https:\\\/\\\/www.silvereco.org\\\/festival\\\/fr\\\/thcs-transforming-health-and-care-systems\\\/\"]}]},{\"@type\":\"ImageObject\",\"inLanguage\":\"fr-FR\",\"@id\":\"https:\\\/\\\/www.silvereco.org\\\/festival\\\/fr\\\/thcs-transforming-health-and-care-systems\\\/#primaryimage\",\"url\":\"https:\\\/\\\/www.silvereco.org\\\/festival\\\/fr\\\/wp-content\\\/medias\\\/2026\\\/05\\\/thcs-1.jpg\",\"contentUrl\":\"https:\\\/\\\/www.silvereco.org\\\/festival\\\/fr\\\/wp-content\\\/medias\\\/2026\\\/05\\\/thcs-1.jpg\",\"width\":350,\"height\":200},{\"@type\":\"BreadcrumbList\",\"@id\":\"https:\\\/\\\/www.silvereco.org\\\/festival\\\/fr\\\/thcs-transforming-health-and-care-systems\\\/#breadcrumb\",\"itemListElement\":[{\"@type\":\"ListItem\",\"position\":1,\"name\":\"Accueil\",\"item\":\"https:\\\/\\\/www.silvereco.org\\\/festival\\\/fr\\\/\"},{\"@type\":\"ListItem\",\"position\":2,\"name\":\"THCS &#8211; Transforming Health and Care Systems\"}]},{\"@type\":\"WebSite\",\"@id\":\"https:\\\/\\\/www.silvereco.org\\\/festival\\\/fr\\\/#website\",\"url\":\"https:\\\/\\\/www.silvereco.org\\\/festival\\\/fr\\\/\",\"name\":\"Salon de la fili\u00e8re Silver \u00e9conomie et Assises Silver Eco\",\"description\":\"International Silver Economy and Ageing Well Festival\",\"publisher\":{\"@id\":\"https:\\\/\\\/www.silvereco.org\\\/festival\\\/fr\\\/#organization\"},\"potentialAction\":[{\"@type\":\"SearchAction\",\"target\":{\"@type\":\"EntryPoint\",\"urlTemplate\":\"https:\\\/\\\/www.silvereco.org\\\/festival\\\/fr\\\/?s={search_term_string}\"},\"query-input\":{\"@type\":\"PropertyValueSpecification\",\"valueRequired\":true,\"valueName\":\"search_term_string\"}}],\"inLanguage\":\"fr-FR\"},{\"@type\":\"Organization\",\"@id\":\"https:\\\/\\\/www.silvereco.org\\\/festival\\\/fr\\\/#organization\",\"name\":\"International Silver Economy and Ageing Well Festival\",\"url\":\"https:\\\/\\\/www.silvereco.org\\\/festival\\\/fr\\\/\",\"logo\":{\"@type\":\"ImageObject\",\"inLanguage\":\"fr-FR\",\"@id\":\"https:\\\/\\\/www.silvereco.org\\\/festival\\\/fr\\\/#\\\/schema\\\/logo\\\/image\\\/\",\"url\":\"https:\\\/\\\/www.silvereco.org\\\/festival\\\/fr\\\/wp-content\\\/medias\\\/2022\\\/12\\\/cropped-festival-silvereco-2020-2-300x93-1.png\",\"contentUrl\":\"https:\\\/\\\/www.silvereco.org\\\/festival\\\/fr\\\/wp-content\\\/medias\\\/2022\\\/12\\\/cropped-festival-silvereco-2020-2-300x93-1.png\",\"width\":300,\"height\":93,\"caption\":\"International Silver Economy and Ageing Well Festival\"},\"image\":{\"@id\":\"https:\\\/\\\/www.silvereco.org\\\/festival\\\/fr\\\/#\\\/schema\\\/logo\\\/image\\\/\"}},{\"@type\":\"Person\",\"@id\":\"https:\\\/\\\/www.silvereco.org\\\/festival\\\/fr\\\/#\\\/schema\\\/person\\\/bb2dd576d1b743e3b8e3dff875cc25cc\",\"name\":\"Organisateur\",\"image\":{\"@type\":\"ImageObject\",\"inLanguage\":\"fr-FR\",\"@id\":\"https:\\\/\\\/secure.gravatar.com\\\/avatar\\\/7ce61c5aa61890e488ea17ec3f83a58d5063d7261fd07b3dc8651cfbf747125b?s=96&d=mm&r=g\",\"url\":\"https:\\\/\\\/secure.gravatar.com\\\/avatar\\\/7ce61c5aa61890e488ea17ec3f83a58d5063d7261fd07b3dc8651cfbf747125b?s=96&d=mm&r=g\",\"contentUrl\":\"https:\\\/\\\/secure.gravatar.com\\\/avatar\\\/7ce61c5aa61890e488ea17ec3f83a58d5063d7261fd07b3dc8651cfbf747125b?s=96&d=mm&r=g\",\"caption\":\"Organisateur\"},\"url\":\"https:\\\/\\\/www.silvereco.org\\\/festival\\\/fr\\\/author\\\/festadm25\\\/\"}]}<\/script>\n<!-- \/ Yoast SEO plugin. -->","yoast_head_json":{"title":"THCS - Transforming Health and Care Systems - Salon de la fili\u00e8re Silver \u00e9conomie et Assises Silver Eco Bien-Vieillir","robots":{"index":"index","follow":"follow","max-snippet":"max-snippet:-1","max-image-preview":"max-image-preview:large","max-video-preview":"max-video-preview:-1"},"canonical":"https:\/\/www.silvereco.org\/festival\/fr\/thcs-transforming-health-and-care-systems\/","og_locale":"fr_FR","og_type":"article","og_title":"THCS - Transforming Health and Care Systems - Salon de la fili\u00e8re Silver \u00e9conomie et Assises Silver Eco Bien-Vieillir","og_description":"THCS - Transforming Health and Care Systems","og_url":"https:\/\/www.silvereco.org\/festival\/fr\/thcs-transforming-health-and-care-systems\/","og_site_name":"Salon de la fili\u00e8re Silver \u00e9conomie et Assises Silver Eco Bien-Vieillir","article_published_time":"2026-05-28T15:25:49+00:00","article_modified_time":"2026-08-27T10:54:41+00:00","og_image":[{"width":350,"height":200,"url":"https:\/\/www.silvereco.org\/festival\/fr\/wp-content\/medias\/2026\/05\/thcs-1.jpg","type":"image\/jpeg"}],"author":"Organisateur","twitter_card":"summary_large_image","twitter_misc":{"\u00c9crit par":"Organisateur","Dur\u00e9e de lecture estim\u00e9e":"5 minutes"},"schema":{"@context":"https:\/\/schema.org","@graph":[{"@type":"Article","@id":"https:\/\/www.silvereco.org\/festival\/fr\/thcs-transforming-health-and-care-systems\/#article","isPartOf":{"@id":"https:\/\/www.silvereco.org\/festival\/fr\/thcs-transforming-health-and-care-systems\/"},"author":{"name":"Organisateur","@id":"https:\/\/www.silvereco.org\/festival\/fr\/#\/schema\/person\/bb2dd576d1b743e3b8e3dff875cc25cc"},"headline":"THCS &#8211; Transforming Health and Care Systems","datePublished":"2026-05-28T15:25:49+00:00","dateModified":"2026-08-27T10:54:41+00:00","mainEntityOfPage":{"@id":"https:\/\/www.silvereco.org\/festival\/fr\/thcs-transforming-health-and-care-systems\/"},"wordCount":701,"publisher":{"@id":"https:\/\/www.silvereco.org\/festival\/fr\/#organization"},"image":{"@id":"https:\/\/www.silvereco.org\/festival\/fr\/thcs-transforming-health-and-care-systems\/#primaryimage"},"thumbnailUrl":"https:\/\/www.silvereco.org\/festival\/fr\/wp-content\/medias\/2026\/05\/thcs-1.jpg","articleSection":["Exp2"],"inLanguage":"fr-FR"},{"@type":"WebPage","@id":"https:\/\/www.silvereco.org\/festival\/fr\/thcs-transforming-health-and-care-systems\/","url":"https:\/\/www.silvereco.org\/festival\/fr\/thcs-transforming-health-and-care-systems\/","name":"THCS - Transforming Health and Care Systems - Salon de la fili\u00e8re Silver \u00e9conomie et Assises Silver Eco Bien-Vieillir","isPartOf":{"@id":"https:\/\/www.silvereco.org\/festival\/fr\/#website"},"primaryImageOfPage":{"@id":"https:\/\/www.silvereco.org\/festival\/fr\/thcs-transforming-health-and-care-systems\/#primaryimage"},"image":{"@id":"https:\/\/www.silvereco.org\/festival\/fr\/thcs-transforming-health-and-care-systems\/#primaryimage"},"thumbnailUrl":"https:\/\/www.silvereco.org\/festival\/fr\/wp-content\/medias\/2026\/05\/thcs-1.jpg","datePublished":"2026-05-28T15:25:49+00:00","dateModified":"2026-08-27T10:54:41+00:00","breadcrumb":{"@id":"https:\/\/www.silvereco.org\/festival\/fr\/thcs-transforming-health-and-care-systems\/#breadcrumb"},"inLanguage":"fr-FR","potentialAction":[{"@type":"ReadAction","target":["https:\/\/www.silvereco.org\/festival\/fr\/thcs-transforming-health-and-care-systems\/"]}]},{"@type":"ImageObject","inLanguage":"fr-FR","@id":"https:\/\/www.silvereco.org\/festival\/fr\/thcs-transforming-health-and-care-systems\/#primaryimage","url":"https:\/\/www.silvereco.org\/festival\/fr\/wp-content\/medias\/2026\/05\/thcs-1.jpg","contentUrl":"https:\/\/www.silvereco.org\/festival\/fr\/wp-content\/medias\/2026\/05\/thcs-1.jpg","width":350,"height":200},{"@type":"BreadcrumbList","@id":"https:\/\/www.silvereco.org\/festival\/fr\/thcs-transforming-health-and-care-systems\/#breadcrumb","itemListElement":[{"@type":"ListItem","position":1,"name":"Accueil","item":"https:\/\/www.silvereco.org\/festival\/fr\/"},{"@type":"ListItem","position":2,"name":"THCS &#8211; Transforming Health and Care Systems"}]},{"@type":"WebSite","@id":"https:\/\/www.silvereco.org\/festival\/fr\/#website","url":"https:\/\/www.silvereco.org\/festival\/fr\/","name":"Salon de la fili\u00e8re Silver \u00e9conomie et Assises Silver Eco","description":"International Silver Economy and Ageing Well Festival","publisher":{"@id":"https:\/\/www.silvereco.org\/festival\/fr\/#organization"},"potentialAction":[{"@type":"SearchAction","target":{"@type":"EntryPoint","urlTemplate":"https:\/\/www.silvereco.org\/festival\/fr\/?s={search_term_string}"},"query-input":{"@type":"PropertyValueSpecification","valueRequired":true,"valueName":"search_term_string"}}],"inLanguage":"fr-FR"},{"@type":"Organization","@id":"https:\/\/www.silvereco.org\/festival\/fr\/#organization","name":"International Silver Economy and Ageing Well Festival","url":"https:\/\/www.silvereco.org\/festival\/fr\/","logo":{"@type":"ImageObject","inLanguage":"fr-FR","@id":"https:\/\/www.silvereco.org\/festival\/fr\/#\/schema\/logo\/image\/","url":"https:\/\/www.silvereco.org\/festival\/fr\/wp-content\/medias\/2022\/12\/cropped-festival-silvereco-2020-2-300x93-1.png","contentUrl":"https:\/\/www.silvereco.org\/festival\/fr\/wp-content\/medias\/2022\/12\/cropped-festival-silvereco-2020-2-300x93-1.png","width":300,"height":93,"caption":"International Silver Economy and Ageing Well Festival"},"image":{"@id":"https:\/\/www.silvereco.org\/festival\/fr\/#\/schema\/logo\/image\/"}},{"@type":"Person","@id":"https:\/\/www.silvereco.org\/festival\/fr\/#\/schema\/person\/bb2dd576d1b743e3b8e3dff875cc25cc","name":"Organisateur","image":{"@type":"ImageObject","inLanguage":"fr-FR","@id":"https:\/\/secure.gravatar.com\/avatar\/7ce61c5aa61890e488ea17ec3f83a58d5063d7261fd07b3dc8651cfbf747125b?s=96&d=mm&r=g","url":"https:\/\/secure.gravatar.com\/avatar\/7ce61c5aa61890e488ea17ec3f83a58d5063d7261fd07b3dc8651cfbf747125b?s=96&d=mm&r=g","contentUrl":"https:\/\/secure.gravatar.com\/avatar\/7ce61c5aa61890e488ea17ec3f83a58d5063d7261fd07b3dc8651cfbf747125b?s=96&d=mm&r=g","caption":"Organisateur"},"url":"https:\/\/www.silvereco.org\/festival\/fr\/author\/festadm25\/"}]}},"uagb_featured_image_src":{"full":["https:\/\/www.silvereco.org\/festival\/fr\/wp-content\/medias\/2026\/05\/thcs-1.jpg",350,200,false],"thumbnail":["https:\/\/www.silvereco.org\/festival\/fr\/wp-content\/medias\/2026\/05\/thcs-1-150x150.jpg",150,150,true],"medium":["https:\/\/www.silvereco.org\/festival\/fr\/wp-content\/medias\/2026\/05\/thcs-1-300x171.jpg",300,171,true],"medium_large":["https:\/\/www.silvereco.org\/festival\/fr\/wp-content\/medias\/2026\/05\/thcs-1.jpg",350,200,false],"large":["https:\/\/www.silvereco.org\/festival\/fr\/wp-content\/medias\/2026\/05\/thcs-1.jpg",350,200,false],"1536x1536":["https:\/\/www.silvereco.org\/festival\/fr\/wp-content\/medias\/2026\/05\/thcs-1.jpg",350,200,false],"2048x2048":["https:\/\/www.silvereco.org\/festival\/fr\/wp-content\/medias\/2026\/05\/thcs-1.jpg",350,200,false]},"uagb_author_info":{"display_name":"Organisateur","author_link":"https:\/\/www.silvereco.org\/festival\/fr\/author\/festadm25\/"},"uagb_comment_info":0,"uagb_excerpt":"THCS - Transforming Health and Care Systems","_links":{"self":[{"href":"https:\/\/www.silvereco.org\/festival\/fr\/wp-json\/wp\/v2\/posts\/85123","targetHints":{"allow":["GET"]}}],"collection":[{"href":"https:\/\/www.silvereco.org\/festival\/fr\/wp-json\/wp\/v2\/posts"}],"about":[{"href":"https:\/\/www.silvereco.org\/festival\/fr\/wp-json\/wp\/v2\/types\/post"}],"author":[{"embeddable":true,"href":"https:\/\/www.silvereco.org\/festival\/fr\/wp-json\/wp\/v2\/users\/6"}],"replies":[{"embeddable":true,"href":"https:\/\/www.silvereco.org\/festival\/fr\/wp-json\/wp\/v2\/comments?post=85123"}],"version-history":[{"count":9,"href":"https:\/\/www.silvereco.org\/festival\/fr\/wp-json\/wp\/v2\/posts\/85123\/revisions"}],"predecessor-version":[{"id":88095,"href":"https:\/\/www.silvereco.org\/festival\/fr\/wp-json\/wp\/v2\/posts\/85123\/revisions\/88095"}],"wp:featuredmedia":[{"embeddable":true,"href":"https:\/\/www.silvereco.org\/festival\/fr\/wp-json\/wp\/v2\/media\/85497"}],"wp:attachment":[{"href":"https:\/\/www.silvereco.org\/festival\/fr\/wp-json\/wp\/v2\/media?parent=85123"}],"wp:term":[{"taxonomy":"category","embeddable":true,"href":"https:\/\/www.silvereco.org\/festival\/fr\/wp-json\/wp\/v2\/categories?post=85123"},{"taxonomy":"post_tag","embeddable":true,"href":"https:\/\/www.silvereco.org\/festival\/fr\/wp-json\/wp\/v2\/tags?post=85123"}],"curies":[{"name":"wp","href":"https:\/\/api.w.org\/{rel}","templated":true}]}}