{"id":84916,"date":"2026-05-13T09:08:24","date_gmt":"2026-05-13T08:08:24","guid":{"rendered":"https:\/\/www.silvereco.org\/festival\/fr\/?p=84916"},"modified":"2026-07-30T09:34:20","modified_gmt":"2026-07-30T08:34:20","slug":"amn-concept","status":"publish","type":"post","link":"https:\/\/www.silvereco.org\/festival\/fr\/amn-concept\/","title":{"rendered":"AMN Concept"},"content":{"rendered":"\n<div class=\"wp-block-columns is-layout-flex wp-container-core-columns-is-layout-7387b849 wp-block-columns-is-layout-flex\">\n<div class=\"wp-block-column is-layout-flow wp-block-column-is-layout-flow\" style=\"flex-basis:33.33%\">\n<figure class=\"wp-block-image aligncenter size-full is-resized is-style-default wp-duotone-unset-1\"><img loading=\"lazy\" decoding=\"async\" width=\"472\" height=\"875\" src=\"https:\/\/www.silvereco.org\/festival\/fr\/wp-content\/medias\/2026\/05\/amn-concept-1.png\" alt=\"\" class=\"wp-image-87178\" style=\"aspect-ratio:0.5394268805457977;width:210px;height:auto\" srcset=\"https:\/\/www.silvereco.org\/festival\/fr\/wp-content\/medias\/2026\/05\/amn-concept-1.png 472w, https:\/\/www.silvereco.org\/festival\/fr\/wp-content\/medias\/2026\/05\/amn-concept-1-162x300.png 162w\" sizes=\"auto, (max-width: 472px) 100vw, 472px\" \/><\/figure>\n<\/div>\n\n\n\n<div class=\"wp-block-column is-layout-flow wp-block-column-is-layout-flow\" style=\"flex-basis:66.66%\">\n<h1 class=\"wp-block-heading\">AMN Concept<\/h1>\n\n\n\n<h2 class=\"wp-block-heading has-ast-global-color-0-color has-text-color has-link-color wp-elements-1\">Stand B10 &#8211; Hall B<\/h2>\n\n\n\n<p class=\"wp-block-paragraph\"><\/p>\n\n\n\n<figure class=\"wp-block-image size-full is-resized\" style=\"margin-top:0;margin-right:0;margin-bottom:0;margin-left:0\"><img loading=\"lazy\" decoding=\"async\" width=\"235\" height=\"156\" src=\"https:\/\/www.silvereco.org\/festival\/fr\/wp-content\/medias\/2025\/11\/EN-FLAG.png\" alt=\"\" class=\"wp-image-81282\" style=\"width:37px\"\/><\/figure>\n\n\n\n<p class=\"wp-block-paragraph\"><\/p>\n\n\n\n<p class=\"wp-block-paragraph\" style=\"margin-top:0;margin-bottom:0\">Simple innovations inspired by real-world care settings and recognized with multiple awards (including the 2025 SilverEco Award and 2025 Best Product Innovation Award), AMN Concept designs and delivers medical devices and educational gamification tools for healthcare facilities, the medico-social sector, home care providers, and family caregivers. Our mission is to sustainably improve both healthcare professionals&#8217; working conditions and the quality of care provided to individuals.<\/p>\n\n\n\n<p class=\"wp-block-paragraph\">AMN Concept&#8217;s flagship product is CARL\u00ae (Lateral Turning Assistance Cushion), a patented, CE-certified ergonomic medical device designed to facilitate patient turning and lateral positioning while significantly reducing the physical strain on caregivers. Easily integrated into everyday clinical practice in hospitals, care facilities, and home care settings, CARL\u00ae helps ease caregivers&#8217; workload, reduces the risk of musculoskeletal disorders (MSDs), and enhances comfort for older adults and people with reduced mobility or loss of independence.<\/p>\n\n\n\n<p class=\"wp-block-paragraph\">Beyond technical devices, AMN Concept also develops engaging educational tools to support the prevention of occupational risks and promote quality of life at work, particularly in nursing homes and home care environments.<\/p>\n\n\n\n<p class=\"wp-block-paragraph\" style=\"margin-top:0;margin-bottom:0\">Our ambition is to combine innovation, prevention, and quality of life by providing healthcare organizations and professionals with practical, accessible solutions tailored to the challenges of an ageing population.<\/p>\n\n\n\n<p class=\"wp-block-paragraph\"><strong>KeyWords :<\/strong><br>Innovation, Ergonomics,Assistive Devices, Quality of Working Life, Quality of Care,Dignity, Respect,Older Adult Comfort, Healthy Ageing ,Nursing Homes, Home Care, Social Care, Health and Social Care<br><br><\/p>\n\n\n\n<figure class=\"wp-block-image size-full is-resized\" style=\"margin-top:0;margin-right:0;margin-bottom:0;margin-left:0\"><img loading=\"lazy\" decoding=\"async\" width=\"235\" height=\"157\" src=\"https:\/\/www.silvereco.org\/festival\/fr\/wp-content\/medias\/2025\/11\/FR-FLAG.png\" alt=\"\" class=\"wp-image-81265\" style=\"width:37px;height:auto\"\/><\/figure>\n\n\n\n<p class=\"wp-block-paragraph\"><\/p>\n\n\n\n<p class=\"wp-block-paragraph\">Des innovations simples, imagin\u00e9es \u00e0 partir des r\u00e9alit\u00e9s du terrain, et multir\u00e9compens\u00e9es (Laur\u00e9at Silver Eco des Seniors et Meilleure Innovation Produit 2025)\u2026&nbsp;<strong>AMN Concept<\/strong>&nbsp;con\u00e7oit et d\u00e9ploie des dispositifs m\u00e9dicaux et des outils de ludop\u00e9dagogie \u00e0 destination des \u00e9tablissements de sant\u00e9, du m\u00e9dico-social et de l\u2019aide \u00e0 domicile, et des aidants, avec la volont\u00e9 d\u2019am\u00e9liorer durablement les conditions de travail des professionnels et la qualit\u00e9 de l\u2019accompagnement des personnes.<\/p>\n\n\n\n<p class=\"wp-block-paragraph\">Le produit phare d\u2019AMN Concept&nbsp;? CARL\u00ae (Coussin d\u2019Aide au Retournement Lat\u00e9ral), un dispositif brevet\u00e9 et certifi\u00e9 CE ergonomique con\u00e7u pour faciliter le retournement et le positionnement lat\u00e9ral des patients, tout en r\u00e9duisant significativement les contraintes physiques pour les soignants. Il s\u2019int\u00e8gre facilement aux pratiques professionnelles, en \u00e9tablissement comme \u00e0 domicile, soulage le travail des soignants, limite les troubles musculosquelettiques (TMS) et am\u00e9liore le confort des personnes \u00e2g\u00e9es ou en perte d\u2019autonomie.<\/p>\n\n\n\n<p class=\"wp-block-paragraph\">Au-del\u00e0 des dispositifs techniques, AMN Concept d\u00e9veloppe \u00e9galement des outils p\u00e9dagogiques ludiques pour accompagner la pr\u00e9vention des risques professionnels et la qualit\u00e9 de vie au travail, notamment en EHPAD et \u00e0 domicile.<\/p>\n\n\n\n<p class=\"wp-block-paragraph\">Notre ambition est d\u2019allier innovation, pr\u00e9vention et qualit\u00e9 de vie, en proposant aux \u00e9tablissements et aux professionnels des solutions concr\u00e8tes, accessibles et adapt\u00e9es aux enjeux du grand \u00e2ge.<\/p>\n\n\n\n<p class=\"wp-block-paragraph\"><\/p>\n\n\n\n<p class=\"wp-block-paragraph\"><strong>Mots Clefs :<\/strong><br>Innovation, Ergonomie, Aides techniques, Qualit\u00e9 de vie et conditions de travail (QVCT), Qualit\u00e9 de l\u2019accompagnement, Dignit\u00e9, Respect, Confort des personnes \u00e2g\u00e9es, Bien vieillir, EHPAD, Domicile, Social, M\u00e9dico-social<\/p>\n\n\n\n<div class=\"wp-block-buttons alignwide is-layout-flex wp-block-buttons-is-layout-flex\">\n<div class=\"wp-block-button has-custom-width wp-block-button__width-50\"><a class=\"wp-block-button__link has-text-align-center wp-element-button\" href=\"https:\/\/www.silvereco.org\/festival\/fr\/networking\/\"><strong>NETWORKING PLATFORM<\/strong><\/a><\/div>\n<\/div>\n<\/div>\n<\/div>\n\n\n\n<div class=\"wp-block-columns has-vivid-red-background-color has-background is-layout-flex wp-container-core-columns-is-layout-7387b849 wp-block-columns-is-layout-flex\">\n<div class=\"wp-block-column is-layout-flow wp-block-column-is-layout-flow\">\n<h4 class=\"wp-block-heading has-ast-global-color-5-color has-text-color has-link-color wp-elements-2\"><strong>Contact :<\/strong><\/h4>\n\n\n\n<p class=\"has-ast-global-color-5-color has-text-color has-link-color wp-elements-3 wp-block-paragraph\"><strong>AMN Concept<br><\/strong>20Bis rue Joseph Rainard &#8211; 13200 Arles &#8211; France<br>+33 6 98 96 45 85<br><a href=\"https:\/\/silvereco.net\/form\/form-exposant\/?melexpo26=nathalie.vancelst@amncf.com\">Envoyer un message \/ Send a message&nbsp;<\/a><\/p>\n\n\n\n<p class=\"has-ast-global-color-5-color has-text-color has-link-color wp-elements-4 wp-block-paragraph\"><a href=\"https:\/\/amn-concept.com\/\">Website<\/a><\/p>\n\n\n\n<p class=\"has-ast-global-color-5-color has-text-color has-link-color wp-elements-5 wp-block-paragraph\"><\/p>\n<\/div>\n\n\n\n<div class=\"wp-block-column is-layout-flow wp-block-column-is-layout-flow\">\n<h4 class=\"wp-block-heading has-ast-global-color-5-color has-text-color has-link-color wp-elements-6\"><strong>SilverEco Congr\u00e8s \/ Summits :<\/strong><\/h4>\n\n\n\n<p class=\"has-ast-global-color-5-color has-text-color has-link-color wp-elements-7 wp-block-paragraph\">Living at Home Summit \u2013 le Congr\u00e8s Bien-vieillir chez soi<br>Nursing Home Summit \u2013 le Congr\u00e8s EHPAD, RSS et h\u00e9bergement collectif<br>Yes We Care Summit \u2013 le Congr\u00e8s de l\u2019aide aux aidants<\/p>\n\n\n\n<p class=\"has-ast-global-color-5-color has-text-color has-link-color wp-elements-8 wp-block-paragraph\"><\/p>\n<\/div>\n<\/div>\n\n\n\n<p class=\"wp-block-paragraph\"><\/p>\n","protected":false},"excerpt":{"rendered":"<p>AMN Concept<\/p>\n","protected":false},"author":6,"featured_media":87179,"comment_status":"closed","ping_status":"closed","sticky":false,"template":"","format":"standard","meta":{"_uag_custom_page_level_css":"","site-sidebar-layout":"default","site-content-layout":"","ast-site-content-layout":"default","site-content-style":"default","site-sidebar-style":"default","ast-global-header-display":"","ast-banner-title-visibility":"","ast-main-header-display":"","ast-hfb-above-header-display":"","ast-hfb-below-header-display":"","ast-hfb-mobile-header-display":"","site-post-title":"disabled","ast-breadcrumbs-content":"","ast-featured-img":"","footer-sml-layout":"","ast-disable-related-posts":"","theme-transparent-header-meta":"","adv-header-id-meta":"","stick-header-meta":"","header-above-stick-meta":"","header-main-stick-meta":"","header-below-stick-meta":"","astra-migrate-meta-layouts":"set","ast-page-background-enabled":"default","ast-page-background-meta":{"desktop":{"background-color":"var(--ast-global-color-4)","background-image":"","background-repeat":"repeat","background-position":"center center","background-size":"auto","background-attachment":"scroll","background-type":"","background-media":"","overlay-type":"","overlay-color":"","overlay-opacity":"","overlay-gradient":""},"tablet":{"background-color":"","background-image":"","background-repeat":"repeat","background-position":"center center","background-size":"auto","background-attachment":"scroll","background-type":"","background-media":"","overlay-type":"","overlay-color":"","overlay-opacity":"","overlay-gradient":""},"mobile":{"background-color":"","background-image":"","background-repeat":"repeat","background-position":"center center","background-size":"auto","background-attachment":"scroll","background-type":"","background-media":"","overlay-type":"","overlay-color":"","overlay-opacity":"","overlay-gradient":""}},"ast-content-background-meta":{"desktop":{"background-color":"var(--ast-global-color-5)","background-image":"","background-repeat":"repeat","background-position":"center center","background-size":"auto","background-attachment":"scroll","background-type":"","background-media":"","overlay-type":"","overlay-color":"","overlay-opacity":"","overlay-gradient":""},"tablet":{"background-color":"var(--ast-global-color-5)","background-image":"","background-repeat":"repeat","background-position":"center center","background-size":"auto","background-attachment":"scroll","background-type":"","background-media":"","overlay-type":"","overlay-color":"","overlay-opacity":"","overlay-gradient":""},"mobile":{"background-color":"var(--ast-global-color-5)","background-image":"","background-repeat":"repeat","background-position":"center center","background-size":"auto","background-attachment":"scroll","background-type":"","background-media":"","overlay-type":"","overlay-color":"","overlay-opacity":"","overlay-gradient":""}},"ngg_post_thumbnail":0,"footnotes":""},"categories":[235],"tags":[],"class_list":["post-84916","post","type-post","status-publish","format-standard","has-post-thumbnail","hentry","category-exp2"],"yoast_head":"<!-- This site is optimized with the Yoast SEO plugin v28.3 - https:\/\/yoast.com\/product\/yoast-seo-wordpress\/ -->\n<title>AMN Concept - Salon de la fili\u00e8re Silver \u00e9conomie et Assises Silver Eco Bien-Vieillir<\/title>\n<meta name=\"robots\" content=\"index, follow, max-snippet:-1, max-image-preview:large, max-video-preview:-1\" \/>\n<link rel=\"canonical\" href=\"https:\/\/www.silvereco.org\/festival\/fr\/amn-concept\/\" \/>\n<meta property=\"og:locale\" content=\"fr_FR\" \/>\n<meta property=\"og:type\" content=\"article\" \/>\n<meta property=\"og:title\" content=\"AMN Concept - Salon de la fili\u00e8re Silver \u00e9conomie et Assises Silver Eco Bien-Vieillir\" \/>\n<meta property=\"og:description\" content=\"AMN Concept\" \/>\n<meta property=\"og:url\" content=\"https:\/\/www.silvereco.org\/festival\/fr\/amn-concept\/\" \/>\n<meta property=\"og:site_name\" content=\"Salon de la fili\u00e8re Silver \u00e9conomie et Assises Silver Eco Bien-Vieillir\" \/>\n<meta property=\"article:published_time\" content=\"2026-05-13T08:08:24+00:00\" \/>\n<meta property=\"article:modified_time\" content=\"2026-07-30T08:34:20+00:00\" \/>\n<meta property=\"og:image\" content=\"https:\/\/www.silvereco.org\/festival\/fr\/wp-content\/medias\/2026\/05\/amn-vignette.png\" \/>\n\t<meta property=\"og:image:width\" content=\"350\" \/>\n\t<meta property=\"og:image:height\" content=\"200\" \/>\n\t<meta property=\"og:image:type\" content=\"image\/png\" \/>\n<meta name=\"author\" content=\"Organisateur\" \/>\n<meta name=\"twitter:card\" content=\"summary_large_image\" \/>\n<meta name=\"twitter:label1\" content=\"\u00c9crit par\" \/>\n\t<meta name=\"twitter:data1\" content=\"Organisateur\" \/>\n\t<meta name=\"twitter:label2\" content=\"Dur\u00e9e de lecture estim\u00e9e\" \/>\n\t<meta name=\"twitter:data2\" content=\"4 minutes\" \/>\n<script type=\"application\/ld+json\" class=\"yoast-schema-graph\">{\"@context\":\"https:\\\/\\\/schema.org\",\"@graph\":[{\"@type\":\"Article\",\"@id\":\"https:\\\/\\\/www.silvereco.org\\\/festival\\\/fr\\\/amn-concept\\\/#article\",\"isPartOf\":{\"@id\":\"https:\\\/\\\/www.silvereco.org\\\/festival\\\/fr\\\/amn-concept\\\/\"},\"author\":{\"name\":\"Organisateur\",\"@id\":\"https:\\\/\\\/www.silvereco.org\\\/festival\\\/fr\\\/#\\\/schema\\\/person\\\/bb2dd576d1b743e3b8e3dff875cc25cc\"},\"headline\":\"AMN Concept\",\"datePublished\":\"2026-05-13T08:08:24+00:00\",\"dateModified\":\"2026-07-30T08:34:20+00:00\",\"mainEntityOfPage\":{\"@id\":\"https:\\\/\\\/www.silvereco.org\\\/festival\\\/fr\\\/amn-concept\\\/\"},\"wordCount\":555,\"publisher\":{\"@id\":\"https:\\\/\\\/www.silvereco.org\\\/festival\\\/fr\\\/#organization\"},\"image\":{\"@id\":\"https:\\\/\\\/www.silvereco.org\\\/festival\\\/fr\\\/amn-concept\\\/#primaryimage\"},\"thumbnailUrl\":\"https:\\\/\\\/www.silvereco.org\\\/festival\\\/fr\\\/wp-content\\\/medias\\\/2026\\\/05\\\/amn-vignette.png\",\"articleSection\":[\"Exp2\"],\"inLanguage\":\"fr-FR\"},{\"@type\":\"WebPage\",\"@id\":\"https:\\\/\\\/www.silvereco.org\\\/festival\\\/fr\\\/amn-concept\\\/\",\"url\":\"https:\\\/\\\/www.silvereco.org\\\/festival\\\/fr\\\/amn-concept\\\/\",\"name\":\"AMN Concept - Salon de la fili\u00e8re Silver \u00e9conomie et Assises Silver Eco Bien-Vieillir\",\"isPartOf\":{\"@id\":\"https:\\\/\\\/www.silvereco.org\\\/festival\\\/fr\\\/#website\"},\"primaryImageOfPage\":{\"@id\":\"https:\\\/\\\/www.silvereco.org\\\/festival\\\/fr\\\/amn-concept\\\/#primaryimage\"},\"image\":{\"@id\":\"https:\\\/\\\/www.silvereco.org\\\/festival\\\/fr\\\/amn-concept\\\/#primaryimage\"},\"thumbnailUrl\":\"https:\\\/\\\/www.silvereco.org\\\/festival\\\/fr\\\/wp-content\\\/medias\\\/2026\\\/05\\\/amn-vignette.png\",\"datePublished\":\"2026-05-13T08:08:24+00:00\",\"dateModified\":\"2026-07-30T08:34:20+00:00\",\"breadcrumb\":{\"@id\":\"https:\\\/\\\/www.silvereco.org\\\/festival\\\/fr\\\/amn-concept\\\/#breadcrumb\"},\"inLanguage\":\"fr-FR\",\"potentialAction\":[{\"@type\":\"ReadAction\",\"target\":[\"https:\\\/\\\/www.silvereco.org\\\/festival\\\/fr\\\/amn-concept\\\/\"]}]},{\"@type\":\"ImageObject\",\"inLanguage\":\"fr-FR\",\"@id\":\"https:\\\/\\\/www.silvereco.org\\\/festival\\\/fr\\\/amn-concept\\\/#primaryimage\",\"url\":\"https:\\\/\\\/www.silvereco.org\\\/festival\\\/fr\\\/wp-content\\\/medias\\\/2026\\\/05\\\/amn-vignette.png\",\"contentUrl\":\"https:\\\/\\\/www.silvereco.org\\\/festival\\\/fr\\\/wp-content\\\/medias\\\/2026\\\/05\\\/amn-vignette.png\",\"width\":350,\"height\":200},{\"@type\":\"BreadcrumbList\",\"@id\":\"https:\\\/\\\/www.silvereco.org\\\/festival\\\/fr\\\/amn-concept\\\/#breadcrumb\",\"itemListElement\":[{\"@type\":\"ListItem\",\"position\":1,\"name\":\"Accueil\",\"item\":\"https:\\\/\\\/www.silvereco.org\\\/festival\\\/fr\\\/\"},{\"@type\":\"ListItem\",\"position\":2,\"name\":\"AMN Concept\"}]},{\"@type\":\"WebSite\",\"@id\":\"https:\\\/\\\/www.silvereco.org\\\/festival\\\/fr\\\/#website\",\"url\":\"https:\\\/\\\/www.silvereco.org\\\/festival\\\/fr\\\/\",\"name\":\"Salon de la fili\u00e8re Silver \u00e9conomie et Assises Silver Eco\",\"description\":\"International Silver Economy and Ageing Well Festival\",\"publisher\":{\"@id\":\"https:\\\/\\\/www.silvereco.org\\\/festival\\\/fr\\\/#organization\"},\"potentialAction\":[{\"@type\":\"SearchAction\",\"target\":{\"@type\":\"EntryPoint\",\"urlTemplate\":\"https:\\\/\\\/www.silvereco.org\\\/festival\\\/fr\\\/?s={search_term_string}\"},\"query-input\":{\"@type\":\"PropertyValueSpecification\",\"valueRequired\":true,\"valueName\":\"search_term_string\"}}],\"inLanguage\":\"fr-FR\"},{\"@type\":\"Organization\",\"@id\":\"https:\\\/\\\/www.silvereco.org\\\/festival\\\/fr\\\/#organization\",\"name\":\"International Silver Economy and Ageing Well Festival\",\"url\":\"https:\\\/\\\/www.silvereco.org\\\/festival\\\/fr\\\/\",\"logo\":{\"@type\":\"ImageObject\",\"inLanguage\":\"fr-FR\",\"@id\":\"https:\\\/\\\/www.silvereco.org\\\/festival\\\/fr\\\/#\\\/schema\\\/logo\\\/image\\\/\",\"url\":\"https:\\\/\\\/www.silvereco.org\\\/festival\\\/fr\\\/wp-content\\\/medias\\\/2022\\\/12\\\/cropped-festival-silvereco-2020-2-300x93-1.png\",\"contentUrl\":\"https:\\\/\\\/www.silvereco.org\\\/festival\\\/fr\\\/wp-content\\\/medias\\\/2022\\\/12\\\/cropped-festival-silvereco-2020-2-300x93-1.png\",\"width\":300,\"height\":93,\"caption\":\"International Silver Economy and Ageing Well Festival\"},\"image\":{\"@id\":\"https:\\\/\\\/www.silvereco.org\\\/festival\\\/fr\\\/#\\\/schema\\\/logo\\\/image\\\/\"}},{\"@type\":\"Person\",\"@id\":\"https:\\\/\\\/www.silvereco.org\\\/festival\\\/fr\\\/#\\\/schema\\\/person\\\/bb2dd576d1b743e3b8e3dff875cc25cc\",\"name\":\"Organisateur\",\"image\":{\"@type\":\"ImageObject\",\"inLanguage\":\"fr-FR\",\"@id\":\"https:\\\/\\\/secure.gravatar.com\\\/avatar\\\/7ce61c5aa61890e488ea17ec3f83a58d5063d7261fd07b3dc8651cfbf747125b?s=96&d=mm&r=g\",\"url\":\"https:\\\/\\\/secure.gravatar.com\\\/avatar\\\/7ce61c5aa61890e488ea17ec3f83a58d5063d7261fd07b3dc8651cfbf747125b?s=96&d=mm&r=g\",\"contentUrl\":\"https:\\\/\\\/secure.gravatar.com\\\/avatar\\\/7ce61c5aa61890e488ea17ec3f83a58d5063d7261fd07b3dc8651cfbf747125b?s=96&d=mm&r=g\",\"caption\":\"Organisateur\"},\"url\":\"https:\\\/\\\/www.silvereco.org\\\/festival\\\/fr\\\/author\\\/festadm25\\\/\"}]}<\/script>\n<!-- \/ Yoast SEO plugin. -->","yoast_head_json":{"title":"AMN Concept - Salon de la fili\u00e8re Silver \u00e9conomie et Assises Silver Eco Bien-Vieillir","robots":{"index":"index","follow":"follow","max-snippet":"max-snippet:-1","max-image-preview":"max-image-preview:large","max-video-preview":"max-video-preview:-1"},"canonical":"https:\/\/www.silvereco.org\/festival\/fr\/amn-concept\/","og_locale":"fr_FR","og_type":"article","og_title":"AMN Concept - Salon de la fili\u00e8re Silver \u00e9conomie et Assises Silver Eco Bien-Vieillir","og_description":"AMN Concept","og_url":"https:\/\/www.silvereco.org\/festival\/fr\/amn-concept\/","og_site_name":"Salon de la fili\u00e8re Silver \u00e9conomie et Assises Silver Eco Bien-Vieillir","article_published_time":"2026-05-13T08:08:24+00:00","article_modified_time":"2026-07-30T08:34:20+00:00","og_image":[{"width":350,"height":200,"url":"https:\/\/www.silvereco.org\/festival\/fr\/wp-content\/medias\/2026\/05\/amn-vignette.png","type":"image\/png"}],"author":"Organisateur","twitter_card":"summary_large_image","twitter_misc":{"\u00c9crit par":"Organisateur","Dur\u00e9e de lecture estim\u00e9e":"4 minutes"},"schema":{"@context":"https:\/\/schema.org","@graph":[{"@type":"Article","@id":"https:\/\/www.silvereco.org\/festival\/fr\/amn-concept\/#article","isPartOf":{"@id":"https:\/\/www.silvereco.org\/festival\/fr\/amn-concept\/"},"author":{"name":"Organisateur","@id":"https:\/\/www.silvereco.org\/festival\/fr\/#\/schema\/person\/bb2dd576d1b743e3b8e3dff875cc25cc"},"headline":"AMN Concept","datePublished":"2026-05-13T08:08:24+00:00","dateModified":"2026-07-30T08:34:20+00:00","mainEntityOfPage":{"@id":"https:\/\/www.silvereco.org\/festival\/fr\/amn-concept\/"},"wordCount":555,"publisher":{"@id":"https:\/\/www.silvereco.org\/festival\/fr\/#organization"},"image":{"@id":"https:\/\/www.silvereco.org\/festival\/fr\/amn-concept\/#primaryimage"},"thumbnailUrl":"https:\/\/www.silvereco.org\/festival\/fr\/wp-content\/medias\/2026\/05\/amn-vignette.png","articleSection":["Exp2"],"inLanguage":"fr-FR"},{"@type":"WebPage","@id":"https:\/\/www.silvereco.org\/festival\/fr\/amn-concept\/","url":"https:\/\/www.silvereco.org\/festival\/fr\/amn-concept\/","name":"AMN Concept - Salon de la fili\u00e8re Silver \u00e9conomie et Assises Silver Eco Bien-Vieillir","isPartOf":{"@id":"https:\/\/www.silvereco.org\/festival\/fr\/#website"},"primaryImageOfPage":{"@id":"https:\/\/www.silvereco.org\/festival\/fr\/amn-concept\/#primaryimage"},"image":{"@id":"https:\/\/www.silvereco.org\/festival\/fr\/amn-concept\/#primaryimage"},"thumbnailUrl":"https:\/\/www.silvereco.org\/festival\/fr\/wp-content\/medias\/2026\/05\/amn-vignette.png","datePublished":"2026-05-13T08:08:24+00:00","dateModified":"2026-07-30T08:34:20+00:00","breadcrumb":{"@id":"https:\/\/www.silvereco.org\/festival\/fr\/amn-concept\/#breadcrumb"},"inLanguage":"fr-FR","potentialAction":[{"@type":"ReadAction","target":["https:\/\/www.silvereco.org\/festival\/fr\/amn-concept\/"]}]},{"@type":"ImageObject","inLanguage":"fr-FR","@id":"https:\/\/www.silvereco.org\/festival\/fr\/amn-concept\/#primaryimage","url":"https:\/\/www.silvereco.org\/festival\/fr\/wp-content\/medias\/2026\/05\/amn-vignette.png","contentUrl":"https:\/\/www.silvereco.org\/festival\/fr\/wp-content\/medias\/2026\/05\/amn-vignette.png","width":350,"height":200},{"@type":"BreadcrumbList","@id":"https:\/\/www.silvereco.org\/festival\/fr\/amn-concept\/#breadcrumb","itemListElement":[{"@type":"ListItem","position":1,"name":"Accueil","item":"https:\/\/www.silvereco.org\/festival\/fr\/"},{"@type":"ListItem","position":2,"name":"AMN Concept"}]},{"@type":"WebSite","@id":"https:\/\/www.silvereco.org\/festival\/fr\/#website","url":"https:\/\/www.silvereco.org\/festival\/fr\/","name":"Salon de la fili\u00e8re Silver \u00e9conomie et Assises Silver Eco","description":"International Silver Economy and Ageing Well Festival","publisher":{"@id":"https:\/\/www.silvereco.org\/festival\/fr\/#organization"},"potentialAction":[{"@type":"SearchAction","target":{"@type":"EntryPoint","urlTemplate":"https:\/\/www.silvereco.org\/festival\/fr\/?s={search_term_string}"},"query-input":{"@type":"PropertyValueSpecification","valueRequired":true,"valueName":"search_term_string"}}],"inLanguage":"fr-FR"},{"@type":"Organization","@id":"https:\/\/www.silvereco.org\/festival\/fr\/#organization","name":"International Silver Economy and Ageing Well Festival","url":"https:\/\/www.silvereco.org\/festival\/fr\/","logo":{"@type":"ImageObject","inLanguage":"fr-FR","@id":"https:\/\/www.silvereco.org\/festival\/fr\/#\/schema\/logo\/image\/","url":"https:\/\/www.silvereco.org\/festival\/fr\/wp-content\/medias\/2022\/12\/cropped-festival-silvereco-2020-2-300x93-1.png","contentUrl":"https:\/\/www.silvereco.org\/festival\/fr\/wp-content\/medias\/2022\/12\/cropped-festival-silvereco-2020-2-300x93-1.png","width":300,"height":93,"caption":"International Silver Economy and Ageing Well Festival"},"image":{"@id":"https:\/\/www.silvereco.org\/festival\/fr\/#\/schema\/logo\/image\/"}},{"@type":"Person","@id":"https:\/\/www.silvereco.org\/festival\/fr\/#\/schema\/person\/bb2dd576d1b743e3b8e3dff875cc25cc","name":"Organisateur","image":{"@type":"ImageObject","inLanguage":"fr-FR","@id":"https:\/\/secure.gravatar.com\/avatar\/7ce61c5aa61890e488ea17ec3f83a58d5063d7261fd07b3dc8651cfbf747125b?s=96&d=mm&r=g","url":"https:\/\/secure.gravatar.com\/avatar\/7ce61c5aa61890e488ea17ec3f83a58d5063d7261fd07b3dc8651cfbf747125b?s=96&d=mm&r=g","contentUrl":"https:\/\/secure.gravatar.com\/avatar\/7ce61c5aa61890e488ea17ec3f83a58d5063d7261fd07b3dc8651cfbf747125b?s=96&d=mm&r=g","caption":"Organisateur"},"url":"https:\/\/www.silvereco.org\/festival\/fr\/author\/festadm25\/"}]}},"uagb_featured_image_src":{"full":["https:\/\/www.silvereco.org\/festival\/fr\/wp-content\/medias\/2026\/05\/amn-vignette.png",350,200,false],"thumbnail":["https:\/\/www.silvereco.org\/festival\/fr\/wp-content\/medias\/2026\/05\/amn-vignette-150x150.png",150,150,true],"medium":["https:\/\/www.silvereco.org\/festival\/fr\/wp-content\/medias\/2026\/05\/amn-vignette-300x171.png",300,171,true],"medium_large":["https:\/\/www.silvereco.org\/festival\/fr\/wp-content\/medias\/2026\/05\/amn-vignette.png",350,200,false],"large":["https:\/\/www.silvereco.org\/festival\/fr\/wp-content\/medias\/2026\/05\/amn-vignette.png",350,200,false],"1536x1536":["https:\/\/www.silvereco.org\/festival\/fr\/wp-content\/medias\/2026\/05\/amn-vignette.png",350,200,false],"2048x2048":["https:\/\/www.silvereco.org\/festival\/fr\/wp-content\/medias\/2026\/05\/amn-vignette.png",350,200,false]},"uagb_author_info":{"display_name":"Organisateur","author_link":"https:\/\/www.silvereco.org\/festival\/fr\/author\/festadm25\/"},"uagb_comment_info":0,"uagb_excerpt":"AMN Concept","_links":{"self":[{"href":"https:\/\/www.silvereco.org\/festival\/fr\/wp-json\/wp\/v2\/posts\/84916","targetHints":{"allow":["GET"]}}],"collection":[{"href":"https:\/\/www.silvereco.org\/festival\/fr\/wp-json\/wp\/v2\/posts"}],"about":[{"href":"https:\/\/www.silvereco.org\/festival\/fr\/wp-json\/wp\/v2\/types\/post"}],"author":[{"embeddable":true,"href":"https:\/\/www.silvereco.org\/festival\/fr\/wp-json\/wp\/v2\/users\/6"}],"replies":[{"embeddable":true,"href":"https:\/\/www.silvereco.org\/festival\/fr\/wp-json\/wp\/v2\/comments?post=84916"}],"version-history":[{"count":9,"href":"https:\/\/www.silvereco.org\/festival\/fr\/wp-json\/wp\/v2\/posts\/84916\/revisions"}],"predecessor-version":[{"id":87228,"href":"https:\/\/www.silvereco.org\/festival\/fr\/wp-json\/wp\/v2\/posts\/84916\/revisions\/87228"}],"wp:featuredmedia":[{"embeddable":true,"href":"https:\/\/www.silvereco.org\/festival\/fr\/wp-json\/wp\/v2\/media\/87179"}],"wp:attachment":[{"href":"https:\/\/www.silvereco.org\/festival\/fr\/wp-json\/wp\/v2\/media?parent=84916"}],"wp:term":[{"taxonomy":"category","embeddable":true,"href":"https:\/\/www.silvereco.org\/festival\/fr\/wp-json\/wp\/v2\/categories?post=84916"},{"taxonomy":"post_tag","embeddable":true,"href":"https:\/\/www.silvereco.org\/festival\/fr\/wp-json\/wp\/v2\/tags?post=84916"}],"curies":[{"name":"wp","href":"https:\/\/api.w.org\/{rel}","templated":true}]}}