{"id":81299,"date":"2025-11-17T16:25:27","date_gmt":"2025-11-17T15:25:27","guid":{"rendered":"https:\/\/www.silvereco.org\/festival\/fr\/?p=81299"},"modified":"2026-01-22T14:25:47","modified_gmt":"2026-01-22T13:25:47","slug":"daniela-ramirez-benavides","status":"publish","type":"post","link":"https:\/\/www.silvereco.org\/festival\/fr\/daniela-ramirez-benavides\/","title":{"rendered":"Daniela RAMIREZ BENAVIDES"},"content":{"rendered":"\n<div class=\"wp-block-columns is-layout-flex wp-container-core-columns-is-layout-28f84493 wp-block-columns-is-layout-flex\">\n<div class=\"wp-block-column is-layout-flow wp-block-column-is-layout-flow\" style=\"flex-basis:33.33%\">\n<figure class=\"wp-block-image aligncenter size-large is-resized is-style-rounded wp-duotone-grayscale\"><img decoding=\"async\" src=\"https:\/\/www.silvereco.org\/festival\/en\/wp-content\/medias\/2024\/08\/Daniela-Ramirez-1024x1024.png\" alt=\"\" class=\"wp-image-24387\" style=\"aspect-ratio:1;object-fit:cover;width:300px\"\/><\/figure>\n<\/div>\n\n\n\n<div class=\"wp-block-column is-layout-flow wp-block-column-is-layout-flow\" style=\"flex-basis:66.66%\">\n<h1 class=\"wp-block-heading\">Daniela RAMIREZ BENAVIDES<\/h1>\n\n\n\n<h2 class=\"wp-block-heading has-ast-global-color-0-color has-text-color has-link-color wp-elements-307928d4a3c4d405e910b3bf5fdc85fb\">Project Manager at SeniorLab UC<br>Chef de projet chez SeniorLab UC<\/h2>\n\n\n\n<figure class=\"wp-block-image size-full is-resized\" style=\"margin-top:0;margin-right:0;margin-bottom:0;margin-left:0\"><img loading=\"lazy\" decoding=\"async\" width=\"235\" height=\"156\" src=\"https:\/\/www.silvereco.org\/festival\/fr\/wp-content\/medias\/2025\/11\/EN-FLAG.png\" alt=\"\" class=\"wp-image-81282\" style=\"width:37px\"\/><\/figure>\n\n\n\n<p style=\"margin-top:0;margin-bottom:0\">Daniela is a psychogerontologist and researcher dedicated to advancing innovation and wellbeing in ageing societies. Currently serving as Project Manager at SeniorLab UC (Pontificia Universidad Cat\u00f3lica de Chile), she combines experience in clinical care, academic teaching, and applied research.<\/p>\n\n\n\n<p>Daniela has participated in international events on the Silver Economy, contributed to media outreach, and co-authored several scientific publications on ageing and longevity.<\/p>\n\n\n\n<p><\/p>\n\n\n\n<figure class=\"wp-block-image size-full is-resized\" style=\"margin-top:0;margin-right:0;margin-bottom:0;margin-left:0\"><img loading=\"lazy\" decoding=\"async\" width=\"235\" height=\"157\" src=\"https:\/\/www.silvereco.org\/festival\/fr\/wp-content\/medias\/2025\/11\/FR-FLAG.png\" alt=\"\" class=\"wp-image-81265\" style=\"width:37px;height:auto\"\/><\/figure>\n\n\n\n<p style=\"margin-top:0;margin-bottom:0\">Daniela est psychog\u00e9rontologue et chercheuse. Elle se consacre \u00e0 la promotion de l&#8217;innovation et du bien-\u00eatre dans les soci\u00e9t\u00e9s vieillissantes. Actuellement chef de projet au SeniorLab UC (Pontificia Universidad Cat\u00f3lica de Chile), elle combine une exp\u00e9rience dans les soins cliniques, l&#8217;enseignement universitaire et la recherche appliqu\u00e9e.<\/p>\n\n\n\n<p>Daniela a particip\u00e9 \u00e0 des \u00e9v\u00e9nements internationaux sur la Silver Economy, contribu\u00e9 \u00e0 la communication m\u00e9diatique et co-r\u00e9dig\u00e9 plusieurs publications scientifiques sur le vieillissement et la long\u00e9vit\u00e9.<\/p>\n\n\n\n<p class=\"has-ast-global-color-0-color has-text-color has-link-color wp-elements-7654efa900d1eb0a042de4ba8a18a514\"><strong><a href=\"https:\/\/www.linkedin.com\/in\/drramirezb\/\">@LinkedIn<\/a><\/strong> \/ <strong><a href=\"https:\/\/seniorlab.uc.cl\/\">Website<\/a><\/strong><\/p>\n<\/div>\n<\/div>\n\n\n\n<h3 class=\"wp-block-heading has-ast-global-color-5-color has-vivid-red-background-color has-text-color has-background has-link-color wp-elements-227ce99f7f55e54b185872173597787c\" style=\"margin-top:var(--wp--preset--spacing--20);margin-right:var(--wp--preset--spacing--20);margin-bottom:var(--wp--preset--spacing--20);margin-left:var(--wp--preset--spacing--20);padding-top:var(--wp--preset--spacing--20);padding-right:var(--wp--preset--spacing--30);padding-bottom:var(--wp--preset--spacing--20);padding-left:var(--wp--preset--spacing--30)\"><a href=\"https:\/\/www.silvereco.org\/festival\/fr\/membres-jury\/\">Expert Jury Member \/ Membre du Jury<\/a><\/h3>\n","protected":false},"excerpt":{"rendered":"<p>Project Manager at SeniorLab UC \/\/ Chef de projet chez SeniorLab UC<\/p>\n","protected":false},"author":7,"featured_media":81375,"comment_status":"closed","ping_status":"closed","sticky":false,"template":"","format":"standard","meta":{"_uag_custom_page_level_css":"","site-sidebar-layout":"default","site-content-layout":"","ast-site-content-layout":"default","site-content-style":"default","site-sidebar-style":"default","ast-global-header-display":"","ast-banner-title-visibility":"","ast-main-header-display":"","ast-hfb-above-header-display":"","ast-hfb-below-header-display":"","ast-hfb-mobile-header-display":"","site-post-title":"disabled","ast-breadcrumbs-content":"","ast-featured-img":"","footer-sml-layout":"","ast-disable-related-posts":"","theme-transparent-header-meta":"","adv-header-id-meta":"","stick-header-meta":"","header-above-stick-meta":"","header-main-stick-meta":"","header-below-stick-meta":"","astra-migrate-meta-layouts":"set","ast-page-background-enabled":"default","ast-page-background-meta":{"desktop":{"background-color":"var(--ast-global-color-4)","background-image":"","background-repeat":"repeat","background-position":"center center","background-size":"auto","background-attachment":"scroll","background-type":"","background-media":"","overlay-type":"","overlay-color":"","overlay-opacity":"","overlay-gradient":""},"tablet":{"background-color":"","background-image":"","background-repeat":"repeat","background-position":"center center","background-size":"auto","background-attachment":"scroll","background-type":"","background-media":"","overlay-type":"","overlay-color":"","overlay-opacity":"","overlay-gradient":""},"mobile":{"background-color":"","background-image":"","background-repeat":"repeat","background-position":"center center","background-size":"auto","background-attachment":"scroll","background-type":"","background-media":"","overlay-type":"","overlay-color":"","overlay-opacity":"","overlay-gradient":""}},"ast-content-background-meta":{"desktop":{"background-color":"var(--ast-global-color-5)","background-image":"","background-repeat":"repeat","background-position":"center center","background-size":"auto","background-attachment":"scroll","background-type":"","background-media":"","overlay-type":"","overlay-color":"","overlay-opacity":"","overlay-gradient":""},"tablet":{"background-color":"var(--ast-global-color-5)","background-image":"","background-repeat":"repeat","background-position":"center center","background-size":"auto","background-attachment":"scroll","background-type":"","background-media":"","overlay-type":"","overlay-color":"","overlay-opacity":"","overlay-gradient":""},"mobile":{"background-color":"var(--ast-global-color-5)","background-image":"","background-repeat":"repeat","background-position":"center center","background-size":"auto","background-attachment":"scroll","background-type":"","background-media":"","overlay-type":"","overlay-color":"","overlay-opacity":"","overlay-gradient":""}},"ngg_post_thumbnail":0,"footnotes":""},"categories":[161,163],"tags":[],"class_list":["post-81299","post","type-post","status-publish","format-standard","has-post-thumbnail","hentry","category-jury","category-jury-intl"],"yoast_head":"<!-- This site is optimized with the Yoast SEO plugin v27.2 - https:\/\/yoast.com\/product\/yoast-seo-wordpress\/ -->\n<title>Daniela RAMIREZ BENAVIDES - Salon de la fili\u00e8re Silver \u00e9conomie et Assises Silver Eco Bien-Vieillir<\/title>\n<meta name=\"robots\" content=\"index, follow, max-snippet:-1, max-image-preview:large, max-video-preview:-1\" \/>\n<link rel=\"canonical\" href=\"https:\/\/www.silvereco.org\/festival\/fr\/daniela-ramirez-benavides\/\" \/>\n<meta property=\"og:locale\" content=\"fr_FR\" \/>\n<meta property=\"og:type\" content=\"article\" \/>\n<meta property=\"og:title\" content=\"Daniela RAMIREZ BENAVIDES - Salon de la fili\u00e8re Silver \u00e9conomie et Assises Silver Eco Bien-Vieillir\" \/>\n<meta property=\"og:description\" content=\"Project Manager at SeniorLab UC \/\/ Chef de projet chez SeniorLab UC\" \/>\n<meta property=\"og:url\" content=\"https:\/\/www.silvereco.org\/festival\/fr\/daniela-ramirez-benavides\/\" \/>\n<meta property=\"og:site_name\" content=\"Salon de la fili\u00e8re Silver \u00e9conomie et Assises Silver Eco Bien-Vieillir\" \/>\n<meta property=\"article:published_time\" content=\"2025-11-17T15:25:27+00:00\" \/>\n<meta property=\"article:modified_time\" content=\"2026-01-22T13:25:47+00:00\" \/>\n<meta property=\"og:image\" content=\"https:\/\/www.silvereco.org\/festival\/fr\/wp-content\/medias\/2025\/11\/Daniela-Ramirez-1024x1024-1.png\" \/>\n\t<meta property=\"og:image:width\" content=\"1024\" \/>\n\t<meta property=\"og:image:height\" content=\"1024\" \/>\n\t<meta property=\"og:image:type\" content=\"image\/png\" \/>\n<meta name=\"author\" content=\"Silver Economy\" \/>\n<meta name=\"twitter:card\" content=\"summary_large_image\" \/>\n<meta name=\"twitter:label1\" content=\"\u00c9crit par\" \/>\n\t<meta name=\"twitter:data1\" content=\"Silver Economy\" \/>\n\t<meta name=\"twitter:label2\" content=\"Dur\u00e9e de lecture estim\u00e9e\" \/>\n\t<meta name=\"twitter:data2\" content=\"2 minutes\" \/>\n<script type=\"application\/ld+json\" class=\"yoast-schema-graph\">{\"@context\":\"https:\/\/schema.org\",\"@graph\":[{\"@type\":\"Article\",\"@id\":\"https:\/\/www.silvereco.org\/festival\/fr\/daniela-ramirez-benavides\/#article\",\"isPartOf\":{\"@id\":\"https:\/\/www.silvereco.org\/festival\/fr\/daniela-ramirez-benavides\/\"},\"author\":{\"name\":\"Silver Economy\",\"@id\":\"https:\/\/www.silvereco.org\/festival\/fr\/#\/schema\/person\/8d1bfb6e918fff2973189b38baebf8e3\"},\"headline\":\"Daniela RAMIREZ BENAVIDES\",\"datePublished\":\"2025-11-17T15:25:27+00:00\",\"dateModified\":\"2026-01-22T13:25:47+00:00\",\"mainEntityOfPage\":{\"@id\":\"https:\/\/www.silvereco.org\/festival\/fr\/daniela-ramirez-benavides\/\"},\"wordCount\":170,\"publisher\":{\"@id\":\"https:\/\/www.silvereco.org\/festival\/fr\/#organization\"},\"image\":{\"@id\":\"https:\/\/www.silvereco.org\/festival\/fr\/daniela-ramirez-benavides\/#primaryimage\"},\"thumbnailUrl\":\"https:\/\/www.silvereco.org\/festival\/fr\/wp-content\/medias\/2025\/11\/Daniela-Ramirez-1024x1024-1.png\",\"articleSection\":[\"Jury\",\"Jury Intl\"],\"inLanguage\":\"fr-FR\"},{\"@type\":\"WebPage\",\"@id\":\"https:\/\/www.silvereco.org\/festival\/fr\/daniela-ramirez-benavides\/\",\"url\":\"https:\/\/www.silvereco.org\/festival\/fr\/daniela-ramirez-benavides\/\",\"name\":\"Daniela RAMIREZ BENAVIDES - Salon de la fili\u00e8re Silver \u00e9conomie et Assises Silver Eco Bien-Vieillir\",\"isPartOf\":{\"@id\":\"https:\/\/www.silvereco.org\/festival\/fr\/#website\"},\"primaryImageOfPage\":{\"@id\":\"https:\/\/www.silvereco.org\/festival\/fr\/daniela-ramirez-benavides\/#primaryimage\"},\"image\":{\"@id\":\"https:\/\/www.silvereco.org\/festival\/fr\/daniela-ramirez-benavides\/#primaryimage\"},\"thumbnailUrl\":\"https:\/\/www.silvereco.org\/festival\/fr\/wp-content\/medias\/2025\/11\/Daniela-Ramirez-1024x1024-1.png\",\"datePublished\":\"2025-11-17T15:25:27+00:00\",\"dateModified\":\"2026-01-22T13:25:47+00:00\",\"breadcrumb\":{\"@id\":\"https:\/\/www.silvereco.org\/festival\/fr\/daniela-ramirez-benavides\/#breadcrumb\"},\"inLanguage\":\"fr-FR\",\"potentialAction\":[{\"@type\":\"ReadAction\",\"target\":[\"https:\/\/www.silvereco.org\/festival\/fr\/daniela-ramirez-benavides\/\"]}]},{\"@type\":\"ImageObject\",\"inLanguage\":\"fr-FR\",\"@id\":\"https:\/\/www.silvereco.org\/festival\/fr\/daniela-ramirez-benavides\/#primaryimage\",\"url\":\"https:\/\/www.silvereco.org\/festival\/fr\/wp-content\/medias\/2025\/11\/Daniela-Ramirez-1024x1024-1.png\",\"contentUrl\":\"https:\/\/www.silvereco.org\/festival\/fr\/wp-content\/medias\/2025\/11\/Daniela-Ramirez-1024x1024-1.png\",\"width\":1024,\"height\":1024},{\"@type\":\"BreadcrumbList\",\"@id\":\"https:\/\/www.silvereco.org\/festival\/fr\/daniela-ramirez-benavides\/#breadcrumb\",\"itemListElement\":[{\"@type\":\"ListItem\",\"position\":1,\"name\":\"Accueil\",\"item\":\"https:\/\/www.silvereco.org\/festival\/fr\/\"},{\"@type\":\"ListItem\",\"position\":2,\"name\":\"Daniela RAMIREZ BENAVIDES\"}]},{\"@type\":\"WebSite\",\"@id\":\"https:\/\/www.silvereco.org\/festival\/fr\/#website\",\"url\":\"https:\/\/www.silvereco.org\/festival\/fr\/\",\"name\":\"Salon de la fili\u00e8re Silver \u00e9conomie et Assises Silver Eco\",\"description\":\"International Silver Economy and Ageing Well Festival\",\"publisher\":{\"@id\":\"https:\/\/www.silvereco.org\/festival\/fr\/#organization\"},\"potentialAction\":[{\"@type\":\"SearchAction\",\"target\":{\"@type\":\"EntryPoint\",\"urlTemplate\":\"https:\/\/www.silvereco.org\/festival\/fr\/?s={search_term_string}\"},\"query-input\":{\"@type\":\"PropertyValueSpecification\",\"valueRequired\":true,\"valueName\":\"search_term_string\"}}],\"inLanguage\":\"fr-FR\"},{\"@type\":\"Organization\",\"@id\":\"https:\/\/www.silvereco.org\/festival\/fr\/#organization\",\"name\":\"International Silver Economy and Ageing Well Festival\",\"url\":\"https:\/\/www.silvereco.org\/festival\/fr\/\",\"logo\":{\"@type\":\"ImageObject\",\"inLanguage\":\"fr-FR\",\"@id\":\"https:\/\/www.silvereco.org\/festival\/fr\/#\/schema\/logo\/image\/\",\"url\":\"https:\/\/www.silvereco.org\/festival\/fr\/wp-content\/medias\/2022\/12\/cropped-festival-silvereco-2020-2-300x93-1.png\",\"contentUrl\":\"https:\/\/www.silvereco.org\/festival\/fr\/wp-content\/medias\/2022\/12\/cropped-festival-silvereco-2020-2-300x93-1.png\",\"width\":300,\"height\":93,\"caption\":\"International Silver Economy and Ageing Well Festival\"},\"image\":{\"@id\":\"https:\/\/www.silvereco.org\/festival\/fr\/#\/schema\/logo\/image\/\"}},{\"@type\":\"Person\",\"@id\":\"https:\/\/www.silvereco.org\/festival\/fr\/#\/schema\/person\/8d1bfb6e918fff2973189b38baebf8e3\",\"name\":\"Silver Economy\",\"image\":{\"@type\":\"ImageObject\",\"inLanguage\":\"fr-FR\",\"@id\":\"https:\/\/secure.gravatar.com\/avatar\/a1ee424dd82b8f00da838b078ac0b0e8f2881c8d75773dfb426a4bfac883b3f5?s=96&d=mm&r=g\",\"url\":\"https:\/\/secure.gravatar.com\/avatar\/a1ee424dd82b8f00da838b078ac0b0e8f2881c8d75773dfb426a4bfac883b3f5?s=96&d=mm&r=g\",\"contentUrl\":\"https:\/\/secure.gravatar.com\/avatar\/a1ee424dd82b8f00da838b078ac0b0e8f2881c8d75773dfb426a4bfac883b3f5?s=96&d=mm&r=g\",\"caption\":\"Silver Economy\"},\"url\":\"https:\/\/www.silvereco.org\/festival\/fr\/author\/festredac26\/\"}]}<\/script>\n<!-- \/ Yoast SEO plugin. -->","yoast_head_json":{"title":"Daniela RAMIREZ BENAVIDES - Salon de la fili\u00e8re Silver \u00e9conomie et Assises Silver Eco Bien-Vieillir","robots":{"index":"index","follow":"follow","max-snippet":"max-snippet:-1","max-image-preview":"max-image-preview:large","max-video-preview":"max-video-preview:-1"},"canonical":"https:\/\/www.silvereco.org\/festival\/fr\/daniela-ramirez-benavides\/","og_locale":"fr_FR","og_type":"article","og_title":"Daniela RAMIREZ BENAVIDES - Salon de la fili\u00e8re Silver \u00e9conomie et Assises Silver Eco Bien-Vieillir","og_description":"Project Manager at SeniorLab UC \/\/ Chef de projet chez SeniorLab UC","og_url":"https:\/\/www.silvereco.org\/festival\/fr\/daniela-ramirez-benavides\/","og_site_name":"Salon de la fili\u00e8re Silver \u00e9conomie et Assises Silver Eco Bien-Vieillir","article_published_time":"2025-11-17T15:25:27+00:00","article_modified_time":"2026-01-22T13:25:47+00:00","og_image":[{"width":1024,"height":1024,"url":"https:\/\/www.silvereco.org\/festival\/fr\/wp-content\/medias\/2025\/11\/Daniela-Ramirez-1024x1024-1.png","type":"image\/png"}],"author":"Silver Economy","twitter_card":"summary_large_image","twitter_misc":{"\u00c9crit par":"Silver Economy","Dur\u00e9e de lecture estim\u00e9e":"2 minutes"},"schema":{"@context":"https:\/\/schema.org","@graph":[{"@type":"Article","@id":"https:\/\/www.silvereco.org\/festival\/fr\/daniela-ramirez-benavides\/#article","isPartOf":{"@id":"https:\/\/www.silvereco.org\/festival\/fr\/daniela-ramirez-benavides\/"},"author":{"name":"Silver Economy","@id":"https:\/\/www.silvereco.org\/festival\/fr\/#\/schema\/person\/8d1bfb6e918fff2973189b38baebf8e3"},"headline":"Daniela RAMIREZ BENAVIDES","datePublished":"2025-11-17T15:25:27+00:00","dateModified":"2026-01-22T13:25:47+00:00","mainEntityOfPage":{"@id":"https:\/\/www.silvereco.org\/festival\/fr\/daniela-ramirez-benavides\/"},"wordCount":170,"publisher":{"@id":"https:\/\/www.silvereco.org\/festival\/fr\/#organization"},"image":{"@id":"https:\/\/www.silvereco.org\/festival\/fr\/daniela-ramirez-benavides\/#primaryimage"},"thumbnailUrl":"https:\/\/www.silvereco.org\/festival\/fr\/wp-content\/medias\/2025\/11\/Daniela-Ramirez-1024x1024-1.png","articleSection":["Jury","Jury Intl"],"inLanguage":"fr-FR"},{"@type":"WebPage","@id":"https:\/\/www.silvereco.org\/festival\/fr\/daniela-ramirez-benavides\/","url":"https:\/\/www.silvereco.org\/festival\/fr\/daniela-ramirez-benavides\/","name":"Daniela RAMIREZ BENAVIDES - Salon de la fili\u00e8re Silver \u00e9conomie et Assises Silver Eco Bien-Vieillir","isPartOf":{"@id":"https:\/\/www.silvereco.org\/festival\/fr\/#website"},"primaryImageOfPage":{"@id":"https:\/\/www.silvereco.org\/festival\/fr\/daniela-ramirez-benavides\/#primaryimage"},"image":{"@id":"https:\/\/www.silvereco.org\/festival\/fr\/daniela-ramirez-benavides\/#primaryimage"},"thumbnailUrl":"https:\/\/www.silvereco.org\/festival\/fr\/wp-content\/medias\/2025\/11\/Daniela-Ramirez-1024x1024-1.png","datePublished":"2025-11-17T15:25:27+00:00","dateModified":"2026-01-22T13:25:47+00:00","breadcrumb":{"@id":"https:\/\/www.silvereco.org\/festival\/fr\/daniela-ramirez-benavides\/#breadcrumb"},"inLanguage":"fr-FR","potentialAction":[{"@type":"ReadAction","target":["https:\/\/www.silvereco.org\/festival\/fr\/daniela-ramirez-benavides\/"]}]},{"@type":"ImageObject","inLanguage":"fr-FR","@id":"https:\/\/www.silvereco.org\/festival\/fr\/daniela-ramirez-benavides\/#primaryimage","url":"https:\/\/www.silvereco.org\/festival\/fr\/wp-content\/medias\/2025\/11\/Daniela-Ramirez-1024x1024-1.png","contentUrl":"https:\/\/www.silvereco.org\/festival\/fr\/wp-content\/medias\/2025\/11\/Daniela-Ramirez-1024x1024-1.png","width":1024,"height":1024},{"@type":"BreadcrumbList","@id":"https:\/\/www.silvereco.org\/festival\/fr\/daniela-ramirez-benavides\/#breadcrumb","itemListElement":[{"@type":"ListItem","position":1,"name":"Accueil","item":"https:\/\/www.silvereco.org\/festival\/fr\/"},{"@type":"ListItem","position":2,"name":"Daniela RAMIREZ BENAVIDES"}]},{"@type":"WebSite","@id":"https:\/\/www.silvereco.org\/festival\/fr\/#website","url":"https:\/\/www.silvereco.org\/festival\/fr\/","name":"Salon de la fili\u00e8re Silver \u00e9conomie et Assises Silver Eco","description":"International Silver Economy and Ageing Well Festival","publisher":{"@id":"https:\/\/www.silvereco.org\/festival\/fr\/#organization"},"potentialAction":[{"@type":"SearchAction","target":{"@type":"EntryPoint","urlTemplate":"https:\/\/www.silvereco.org\/festival\/fr\/?s={search_term_string}"},"query-input":{"@type":"PropertyValueSpecification","valueRequired":true,"valueName":"search_term_string"}}],"inLanguage":"fr-FR"},{"@type":"Organization","@id":"https:\/\/www.silvereco.org\/festival\/fr\/#organization","name":"International Silver Economy and Ageing Well Festival","url":"https:\/\/www.silvereco.org\/festival\/fr\/","logo":{"@type":"ImageObject","inLanguage":"fr-FR","@id":"https:\/\/www.silvereco.org\/festival\/fr\/#\/schema\/logo\/image\/","url":"https:\/\/www.silvereco.org\/festival\/fr\/wp-content\/medias\/2022\/12\/cropped-festival-silvereco-2020-2-300x93-1.png","contentUrl":"https:\/\/www.silvereco.org\/festival\/fr\/wp-content\/medias\/2022\/12\/cropped-festival-silvereco-2020-2-300x93-1.png","width":300,"height":93,"caption":"International Silver Economy and Ageing Well Festival"},"image":{"@id":"https:\/\/www.silvereco.org\/festival\/fr\/#\/schema\/logo\/image\/"}},{"@type":"Person","@id":"https:\/\/www.silvereco.org\/festival\/fr\/#\/schema\/person\/8d1bfb6e918fff2973189b38baebf8e3","name":"Silver Economy","image":{"@type":"ImageObject","inLanguage":"fr-FR","@id":"https:\/\/secure.gravatar.com\/avatar\/a1ee424dd82b8f00da838b078ac0b0e8f2881c8d75773dfb426a4bfac883b3f5?s=96&d=mm&r=g","url":"https:\/\/secure.gravatar.com\/avatar\/a1ee424dd82b8f00da838b078ac0b0e8f2881c8d75773dfb426a4bfac883b3f5?s=96&d=mm&r=g","contentUrl":"https:\/\/secure.gravatar.com\/avatar\/a1ee424dd82b8f00da838b078ac0b0e8f2881c8d75773dfb426a4bfac883b3f5?s=96&d=mm&r=g","caption":"Silver Economy"},"url":"https:\/\/www.silvereco.org\/festival\/fr\/author\/festredac26\/"}]}},"uagb_featured_image_src":{"full":["https:\/\/www.silvereco.org\/festival\/fr\/wp-content\/medias\/2025\/11\/Daniela-Ramirez-1024x1024-1.png",1024,1024,false],"thumbnail":["https:\/\/www.silvereco.org\/festival\/fr\/wp-content\/medias\/2025\/11\/Daniela-Ramirez-1024x1024-1-150x150.png",150,150,true],"medium":["https:\/\/www.silvereco.org\/festival\/fr\/wp-content\/medias\/2025\/11\/Daniela-Ramirez-1024x1024-1-300x300.png",300,300,true],"medium_large":["https:\/\/www.silvereco.org\/festival\/fr\/wp-content\/medias\/2025\/11\/Daniela-Ramirez-1024x1024-1-768x768.png",768,768,true],"large":["https:\/\/www.silvereco.org\/festival\/fr\/wp-content\/medias\/2025\/11\/Daniela-Ramirez-1024x1024-1.png",1024,1024,false],"1536x1536":["https:\/\/www.silvereco.org\/festival\/fr\/wp-content\/medias\/2025\/11\/Daniela-Ramirez-1024x1024-1.png",1024,1024,false],"2048x2048":["https:\/\/www.silvereco.org\/festival\/fr\/wp-content\/medias\/2025\/11\/Daniela-Ramirez-1024x1024-1.png",1024,1024,false]},"uagb_author_info":{"display_name":"Silver Economy","author_link":"https:\/\/www.silvereco.org\/festival\/fr\/author\/festredac26\/"},"uagb_comment_info":0,"uagb_excerpt":"Project Manager at SeniorLab UC \/\/ Chef de projet chez SeniorLab UC","_links":{"self":[{"href":"https:\/\/www.silvereco.org\/festival\/fr\/wp-json\/wp\/v2\/posts\/81299","targetHints":{"allow":["GET"]}}],"collection":[{"href":"https:\/\/www.silvereco.org\/festival\/fr\/wp-json\/wp\/v2\/posts"}],"about":[{"href":"https:\/\/www.silvereco.org\/festival\/fr\/wp-json\/wp\/v2\/types\/post"}],"author":[{"embeddable":true,"href":"https:\/\/www.silvereco.org\/festival\/fr\/wp-json\/wp\/v2\/users\/7"}],"replies":[{"embeddable":true,"href":"https:\/\/www.silvereco.org\/festival\/fr\/wp-json\/wp\/v2\/comments?post=81299"}],"version-history":[{"count":3,"href":"https:\/\/www.silvereco.org\/festival\/fr\/wp-json\/wp\/v2\/posts\/81299\/revisions"}],"predecessor-version":[{"id":84454,"href":"https:\/\/www.silvereco.org\/festival\/fr\/wp-json\/wp\/v2\/posts\/81299\/revisions\/84454"}],"wp:featuredmedia":[{"embeddable":true,"href":"https:\/\/www.silvereco.org\/festival\/fr\/wp-json\/wp\/v2\/media\/81375"}],"wp:attachment":[{"href":"https:\/\/www.silvereco.org\/festival\/fr\/wp-json\/wp\/v2\/media?parent=81299"}],"wp:term":[{"taxonomy":"category","embeddable":true,"href":"https:\/\/www.silvereco.org\/festival\/fr\/wp-json\/wp\/v2\/categories?post=81299"},{"taxonomy":"post_tag","embeddable":true,"href":"https:\/\/www.silvereco.org\/festival\/fr\/wp-json\/wp\/v2\/tags?post=81299"}],"curies":[{"name":"wp","href":"https:\/\/api.w.org\/{rel}","templated":true}]}}