{"id":81256,"date":"2025-11-17T16:03:33","date_gmt":"2025-11-17T15:03:33","guid":{"rendered":"https:\/\/www.silvereco.org\/festival\/fr\/?p=81256"},"modified":"2026-08-31T15:10:42","modified_gmt":"2026-08-31T14:10:42","slug":"nicole-will","status":"publish","type":"post","link":"https:\/\/www.silvereco.org\/festival\/fr\/nicole-will\/","title":{"rendered":"Nicole WILL"},"content":{"rendered":"\n<div class=\"wp-block-columns is-layout-flex wp-container-core-columns-is-layout-7387b849 wp-block-columns-is-layout-flex\">\n<div class=\"wp-block-column is-layout-flow wp-block-column-is-layout-flow\" style=\"flex-basis:33.33%\">\n<figure class=\"wp-block-image aligncenter size-large is-resized is-style-rounded wp-duotone-grayscale\"><img decoding=\"async\" src=\"https:\/\/www.silvereco.org\/festival\/en\/wp-content\/medias\/2024\/08\/Nicole-Will-1024x1024.png\" alt=\"\" class=\"wp-image-20238\" style=\"width:300px;height:auto\"\/><\/figure>\n<\/div>\n\n\n\n<div class=\"wp-block-column is-layout-flow wp-block-column-is-layout-flow\" style=\"flex-basis:66.66%\">\n<h1 class=\"wp-block-heading\">Nicole WILL<\/h1>\n\n\n\n<h2 class=\"wp-block-heading has-ast-global-color-0-color has-text-color has-link-color wp-elements-1\">Founder of willGather, Head of Marketing &amp; Partnerships for Rendever<br>Fondatrice de willGather, Responsable du marketing et des partenariats chez Rendever<\/h2>\n\n\n\n<figure class=\"wp-block-image size-full is-resized\" style=\"margin-top:0;margin-right:0;margin-bottom:0;margin-left:0\"><img loading=\"lazy\" decoding=\"async\" width=\"235\" height=\"156\" src=\"https:\/\/www.silvereco.org\/festival\/fr\/wp-content\/medias\/2025\/11\/EN-FLAG.png\" alt=\"\" class=\"wp-image-81282\" style=\"width:37px;height:auto\"\/><\/figure>\n\n\n\n<p class=\"wp-block-paragraph\">Nicole Will is an international thought leader helping reshape how we understand aging, caregiving, and connection. Nicole serves as Head of Marketing &amp; Partnerships at Rendever, a social health organization that is redefining the future of aging through evidence-based technology that advances social health, connection, and well-being. She is the creator of willGather and host of the top-rated willGather Podcast: Navigating the World with Your Aging Loved One, where she amplifies the voices of older adults, family caregivers, and the leaders working to transform the care economy.<\/p>\n\n\n\n<p class=\"wp-block-paragraph\"><\/p>\n\n\n\n<p class=\"wp-block-paragraph\">With a background in Social Gerontology, leadership in senior living, and her own family caregiving experience, Nicole brings both lived perspective and strategic insight to the conversations shaping the future of aging. Her work centers on challenging outdated narratives and illuminating what becomes possible when dignity, belonging, and human connection lead the way.<\/p>\n\n\n\n<p class=\"wp-block-paragraph\"><\/p>\n\n\n\n<p class=\"wp-block-paragraph\">She also serves as an Innovation, Medical and Science Advisor for Lorenzo\u2019s House, a global nonprofit advancing dementia awareness and support for families navigating younger-onset dementia. Through storytelling, global partnerships, and speaking, Nicole brings people and ideas together, helping organizations lead with greater humanity, clarity, and a renewed vision for how we age and care.<\/p>\n\n\n\n<p class=\"wp-block-paragraph\"><\/p>\n\n\n\n<figure class=\"wp-block-image size-full is-resized\" style=\"margin-top:0;margin-right:0;margin-bottom:0;margin-left:0\"><img loading=\"lazy\" decoding=\"async\" width=\"235\" height=\"157\" src=\"https:\/\/www.silvereco.org\/festival\/fr\/wp-content\/medias\/2025\/11\/FR-FLAG.png\" alt=\"\" class=\"wp-image-81265\" style=\"width:37px;height:auto\"\/><\/figure>\n\n\n\n<p class=\"wp-block-paragraph\">Nicole Will est une figure d\u2019influence internationale qui contribue \u00e0 red\u00e9finir notre conception du vieillissement, de l\u2019aide aux personnes d\u00e9pendantes et des liens sociaux. Nicole occupe le poste de responsable du marketing et des partenariats chez Rendever, une organisation d\u00e9di\u00e9e \u00e0 la sant\u00e9 sociale qui red\u00e9finit l\u2019avenir du vieillissement gr\u00e2ce \u00e0 des technologies fond\u00e9es sur des donn\u00e9es probantes visant \u00e0 promouvoir la sant\u00e9 sociale, les liens sociaux et le bien-\u00eatre.<\/p>\n\n\n\n<p class=\"wp-block-paragraph\"><\/p>\n\n\n\n<p class=\"wp-block-paragraph\">Elle est la cr\u00e9atrice de willGather et l\u2019animatrice du podcast tr\u00e8s appr\u00e9ci\u00e9 \u00ab willGather : Navigating the World with Your Aging Loved One \u00bb, dans lequel elle donne la parole aux personnes \u00e2g\u00e9es, aux aidants familiaux et aux dirigeants qui \u0153uvrent \u00e0 la transformation du secteur des soins. Forte d\u2019une formation en g\u00e9rontologie sociale, d\u2019une exp\u00e9rience de direction dans le domaine des r\u00e9sidences pour seniors et de sa propre exp\u00e9rience en tant qu\u2019aidante familiale, Nicole apporte \u00e0 la fois une perspective v\u00e9cue et une vision strat\u00e9gique aux d\u00e9bats qui fa\u00e7onnent l\u2019avenir du vieillissement. Son travail consiste principalement \u00e0 remettre en question les discours d\u00e9pass\u00e9s et \u00e0 mettre en lumi\u00e8re ce qui devient possible lorsque la dignit\u00e9, le sentiment d\u2019appartenance et les liens humains ouvrent la voie.<\/p>\n\n\n\n<p class=\"wp-block-paragraph\"><\/p>\n\n\n\n<p class=\"wp-block-paragraph\">Elle occupe \u00e9galement le poste de conseill\u00e8re en innovation, m\u00e9decine et sciences pour Lorenzo\u2019s House, une organisation mondiale \u00e0 but non lucratif qui \u0153uvre \u00e0 la sensibilisation \u00e0 la d\u00e9mence et au soutien des familles confront\u00e9es \u00e0 une d\u00e9mence pr\u00e9coce. \u00c0 travers la narration, des partenariats internationaux et des interventions publiques, Nicole rassemble les personnes et les id\u00e9es, aidant ainsi les organisations \u00e0 diriger avec plus d\u2019humanit\u00e9, de clart\u00e9 et une vision renouvel\u00e9e de la fa\u00e7on dont nous vieillissons et prenons soin des autres.<\/p>\n\n\n\n<p class=\"has-ast-global-color-0-color has-text-color has-link-color wp-elements-2 wp-block-paragraph\"><strong><a href=\"https:\/\/www.linkedin.com\/in\/nicole-will-willgather\/\">@LinkedIn<\/a> <\/strong>\/ <strong><a href=\"http:\/\/www.silvereco.org\">W<\/a><a href=\"https:\/\/www.willgather.com\/\">ebsite<\/a><\/strong><\/p>\n<\/div>\n<\/div>\n\n\n\n<h3 class=\"wp-block-heading has-ast-global-color-5-color has-vivid-red-background-color has-text-color has-background has-link-color wp-elements-3\" style=\"margin-top:var(--wp--preset--spacing--20);margin-right:var(--wp--preset--spacing--20);margin-bottom:var(--wp--preset--spacing--20);margin-left:var(--wp--preset--spacing--20);padding-top:var(--wp--preset--spacing--20);padding-right:var(--wp--preset--spacing--30);padding-bottom:var(--wp--preset--spacing--20);padding-left:var(--wp--preset--spacing--30)\"><a href=\"https:\/\/www.silvereco.org\/festival\/fr\/membres-jury\/\">Expert Jury Member \/ Membre du Jury<\/a><\/h3>\n\n\n\n<h3 class=\"wp-block-heading has-cyan-bluish-gray-background-color has-background\" style=\"margin-top:var(--wp--preset--spacing--20);margin-right:var(--wp--preset--spacing--20);margin-bottom:var(--wp--preset--spacing--20);margin-left:var(--wp--preset--spacing--20);padding-top:var(--wp--preset--spacing--20);padding-right:var(--wp--preset--spacing--30);padding-bottom:var(--wp--preset--spacing--20);padding-left:var(--wp--preset--spacing--30)\">Intervenant \/ Speaker<\/h3>\n\n\n\n<p class=\"wp-block-paragraph\"><div class=\"lcp_catlist\" id=\"lcp_instance_0\"><p><div class=\"lcp_excerpt\"><p><!-- wp:group {\"style\":{\"color\":{\"background\":\"#a7c0d1\"},\"spacing\":{\"padding\":{\"top\":\"var:preset|spacing|20\",\"bottom\":\"var:preset|spacing|20\",\"left\":\"var:preset|spacing|20\",\"right\":\"var:preset|spacing|20\"},\"margin\":{\"bottom\":\"0\"},\"blockGap\":\"0\"}},\"layout\":{\"type\":\"constrained\"}} --><\/p>\n<div class=\"wp-block-group has-background\" style=\"background-color:#a7c0d1;margin-bottom:0;padding-top:var(--wp--preset--spacing--20);padding-right:var(--wp--preset--spacing--20);padding-bottom:var(--wp--preset--spacing--20);padding-left:var(--wp--preset--spacing--20)\"><!-- wp:heading {\"level\":3,\"fontSize\":\"medium\"} --><\/p>\n<h3 class=\"wp-block-heading has-medium-font-size\">Table Ronde \/ \u00c9cosyst\u00e8mes d\u2019innovation : acc\u00e9l\u00e9rer le bien-vieillir en Europe<\/h3>\n<p><!-- \/wp:heading --><\/p>\n<p><!-- wp:heading {\"level\":3,\"fontSize\":\"medium\"} --><\/p>\n<h3 class=\"wp-block-heading has-medium-font-size\">Panel Discussion \/ Innovation Ecosystems: Accelerating Healthy Ageing Across Europe<\/h3>\n<p><!-- \/wp:heading --><\/p>\n<p><!-- wp:paragraph --><\/p>\n<p><strong><strong>15 Sept 2026 &#8211; 13:30 \/\/ Hall A<\/strong><\/strong><\/p>\n<p><!-- \/wp:paragraph --><\/p>\n<p><!-- wp:more --><\/p>\n<\/div><a href=\"https:\/\/www.silvereco.org\/festival\/fr\/w26-9-7-8-2\/\">plus d&#039;informations \/ more information<\/a><\/p><\/div><\/p>\n","protected":false},"excerpt":{"rendered":"<p>Founder of willGather Head of Marketing &#038; Partnerships for Rendever \/\/ Fondatrice de willGather Responsable du marketing et des partenariats chez Rendever<\/p>\n","protected":false},"author":7,"featured_media":81388,"comment_status":"closed","ping_status":"closed","sticky":false,"template":"","format":"standard","meta":{"_uag_custom_page_level_css":"","site-sidebar-layout":"default","site-content-layout":"","ast-site-content-layout":"default","site-content-style":"default","site-sidebar-style":"default","ast-global-header-display":"","ast-banner-title-visibility":"","ast-main-header-display":"","ast-hfb-above-header-display":"","ast-hfb-below-header-display":"","ast-hfb-mobile-header-display":"","site-post-title":"disabled","ast-breadcrumbs-content":"","ast-featured-img":"","footer-sml-layout":"","ast-disable-related-posts":"","theme-transparent-header-meta":"","adv-header-id-meta":"","stick-header-meta":"","header-above-stick-meta":"","header-main-stick-meta":"","header-below-stick-meta":"","astra-migrate-meta-layouts":"set","ast-page-background-enabled":"default","ast-page-background-meta":{"desktop":{"background-color":"var(--ast-global-color-4)","background-image":"","background-repeat":"repeat","background-position":"center center","background-size":"auto","background-attachment":"scroll","background-type":"","background-media":"","overlay-type":"","overlay-color":"","overlay-opacity":"","overlay-gradient":""},"tablet":{"background-color":"","background-image":"","background-repeat":"repeat","background-position":"center center","background-size":"auto","background-attachment":"scroll","background-type":"","background-media":"","overlay-type":"","overlay-color":"","overlay-opacity":"","overlay-gradient":""},"mobile":{"background-color":"","background-image":"","background-repeat":"repeat","background-position":"center center","background-size":"auto","background-attachment":"scroll","background-type":"","background-media":"","overlay-type":"","overlay-color":"","overlay-opacity":"","overlay-gradient":""}},"ast-content-background-meta":{"desktop":{"background-color":"var(--ast-global-color-5)","background-image":"","background-repeat":"repeat","background-position":"center center","background-size":"auto","background-attachment":"scroll","background-type":"","background-media":"","overlay-type":"","overlay-color":"","overlay-opacity":"","overlay-gradient":""},"tablet":{"background-color":"var(--ast-global-color-5)","background-image":"","background-repeat":"repeat","background-position":"center center","background-size":"auto","background-attachment":"scroll","background-type":"","background-media":"","overlay-type":"","overlay-color":"","overlay-opacity":"","overlay-gradient":""},"mobile":{"background-color":"var(--ast-global-color-5)","background-image":"","background-repeat":"repeat","background-position":"center center","background-size":"auto","background-attachment":"scroll","background-type":"","background-media":"","overlay-type":"","overlay-color":"","overlay-opacity":"","overlay-gradient":""}},"ngg_post_thumbnail":0,"footnotes":""},"categories":[161,163,174,219],"tags":[],"class_list":["post-81256","post","type-post","status-publish","format-standard","has-post-thumbnail","hentry","category-jury","category-jury-intl","category-speaker","category-tr19participant"],"yoast_head":"<!-- This site is optimized with the Yoast SEO plugin v28.3 - https:\/\/yoast.com\/product\/yoast-seo-wordpress\/ -->\n<title>Nicole WILL - Salon de la fili\u00e8re Silver \u00e9conomie et Assises Silver Eco Bien-Vieillir<\/title>\n<meta name=\"robots\" content=\"index, follow, max-snippet:-1, max-image-preview:large, max-video-preview:-1\" \/>\n<link rel=\"canonical\" href=\"https:\/\/www.silvereco.org\/festival\/fr\/nicole-will\/\" \/>\n<meta property=\"og:locale\" content=\"fr_FR\" \/>\n<meta property=\"og:type\" content=\"article\" \/>\n<meta property=\"og:title\" content=\"Nicole WILL - Salon de la fili\u00e8re Silver \u00e9conomie et Assises Silver Eco Bien-Vieillir\" \/>\n<meta property=\"og:description\" content=\"Founder of willGather Head of Marketing &amp; Partnerships for Rendever \/\/ Fondatrice de willGather Responsable du marketing et des partenariats chez Rendever\" \/>\n<meta property=\"og:url\" content=\"https:\/\/www.silvereco.org\/festival\/fr\/nicole-will\/\" \/>\n<meta property=\"og:site_name\" content=\"Salon de la fili\u00e8re Silver \u00e9conomie et Assises Silver Eco Bien-Vieillir\" \/>\n<meta property=\"article:published_time\" content=\"2025-11-17T15:03:33+00:00\" \/>\n<meta property=\"article:modified_time\" content=\"2026-08-31T14:10:42+00:00\" \/>\n<meta property=\"og:image\" content=\"https:\/\/www.silvereco.org\/festival\/fr\/wp-content\/medias\/2025\/11\/Nicole-Will.png\" \/>\n\t<meta property=\"og:image:width\" content=\"825\" \/>\n\t<meta property=\"og:image:height\" content=\"825\" \/>\n\t<meta property=\"og:image:type\" content=\"image\/png\" \/>\n<meta name=\"author\" content=\"Silver Economy\" \/>\n<meta name=\"twitter:card\" content=\"summary_large_image\" \/>\n<meta name=\"twitter:label1\" content=\"\u00c9crit par\" \/>\n\t<meta name=\"twitter:data1\" content=\"Silver Economy\" \/>\n\t<meta name=\"twitter:label2\" content=\"Dur\u00e9e de lecture estim\u00e9e\" \/>\n\t<meta name=\"twitter:data2\" content=\"4 minutes\" \/>\n<script type=\"application\/ld+json\" class=\"yoast-schema-graph\">{\"@context\":\"https:\\\/\\\/schema.org\",\"@graph\":[{\"@type\":\"Article\",\"@id\":\"https:\\\/\\\/www.silvereco.org\\\/festival\\\/fr\\\/nicole-will\\\/#article\",\"isPartOf\":{\"@id\":\"https:\\\/\\\/www.silvereco.org\\\/festival\\\/fr\\\/nicole-will\\\/\"},\"author\":{\"name\":\"Silver Economy\",\"@id\":\"https:\\\/\\\/www.silvereco.org\\\/festival\\\/fr\\\/#\\\/schema\\\/person\\\/8d1bfb6e918fff2973189b38baebf8e3\"},\"headline\":\"Nicole WILL\",\"datePublished\":\"2025-11-17T15:03:33+00:00\",\"dateModified\":\"2026-08-31T14:10:42+00:00\",\"mainEntityOfPage\":{\"@id\":\"https:\\\/\\\/www.silvereco.org\\\/festival\\\/fr\\\/nicole-will\\\/\"},\"wordCount\":569,\"publisher\":{\"@id\":\"https:\\\/\\\/www.silvereco.org\\\/festival\\\/fr\\\/#organization\"},\"image\":{\"@id\":\"https:\\\/\\\/www.silvereco.org\\\/festival\\\/fr\\\/nicole-will\\\/#primaryimage\"},\"thumbnailUrl\":\"https:\\\/\\\/www.silvereco.org\\\/festival\\\/fr\\\/wp-content\\\/medias\\\/2025\\\/11\\\/Nicole-Will.png\",\"articleSection\":[\"Jury\",\"Jury Intl\",\"speaker M-Z\",\"TR19 participant\"],\"inLanguage\":\"fr-FR\"},{\"@type\":\"WebPage\",\"@id\":\"https:\\\/\\\/www.silvereco.org\\\/festival\\\/fr\\\/nicole-will\\\/\",\"url\":\"https:\\\/\\\/www.silvereco.org\\\/festival\\\/fr\\\/nicole-will\\\/\",\"name\":\"Nicole WILL - Salon de la fili\u00e8re Silver \u00e9conomie et Assises Silver Eco Bien-Vieillir\",\"isPartOf\":{\"@id\":\"https:\\\/\\\/www.silvereco.org\\\/festival\\\/fr\\\/#website\"},\"primaryImageOfPage\":{\"@id\":\"https:\\\/\\\/www.silvereco.org\\\/festival\\\/fr\\\/nicole-will\\\/#primaryimage\"},\"image\":{\"@id\":\"https:\\\/\\\/www.silvereco.org\\\/festival\\\/fr\\\/nicole-will\\\/#primaryimage\"},\"thumbnailUrl\":\"https:\\\/\\\/www.silvereco.org\\\/festival\\\/fr\\\/wp-content\\\/medias\\\/2025\\\/11\\\/Nicole-Will.png\",\"datePublished\":\"2025-11-17T15:03:33+00:00\",\"dateModified\":\"2026-08-31T14:10:42+00:00\",\"breadcrumb\":{\"@id\":\"https:\\\/\\\/www.silvereco.org\\\/festival\\\/fr\\\/nicole-will\\\/#breadcrumb\"},\"inLanguage\":\"fr-FR\",\"potentialAction\":[{\"@type\":\"ReadAction\",\"target\":[\"https:\\\/\\\/www.silvereco.org\\\/festival\\\/fr\\\/nicole-will\\\/\"]}]},{\"@type\":\"ImageObject\",\"inLanguage\":\"fr-FR\",\"@id\":\"https:\\\/\\\/www.silvereco.org\\\/festival\\\/fr\\\/nicole-will\\\/#primaryimage\",\"url\":\"https:\\\/\\\/www.silvereco.org\\\/festival\\\/fr\\\/wp-content\\\/medias\\\/2025\\\/11\\\/Nicole-Will.png\",\"contentUrl\":\"https:\\\/\\\/www.silvereco.org\\\/festival\\\/fr\\\/wp-content\\\/medias\\\/2025\\\/11\\\/Nicole-Will.png\",\"width\":825,\"height\":825},{\"@type\":\"BreadcrumbList\",\"@id\":\"https:\\\/\\\/www.silvereco.org\\\/festival\\\/fr\\\/nicole-will\\\/#breadcrumb\",\"itemListElement\":[{\"@type\":\"ListItem\",\"position\":1,\"name\":\"Accueil\",\"item\":\"https:\\\/\\\/www.silvereco.org\\\/festival\\\/fr\\\/\"},{\"@type\":\"ListItem\",\"position\":2,\"name\":\"Nicole WILL\"}]},{\"@type\":\"WebSite\",\"@id\":\"https:\\\/\\\/www.silvereco.org\\\/festival\\\/fr\\\/#website\",\"url\":\"https:\\\/\\\/www.silvereco.org\\\/festival\\\/fr\\\/\",\"name\":\"Salon de la fili\u00e8re Silver \u00e9conomie et Assises Silver Eco\",\"description\":\"International Silver Economy and Ageing Well Festival\",\"publisher\":{\"@id\":\"https:\\\/\\\/www.silvereco.org\\\/festival\\\/fr\\\/#organization\"},\"potentialAction\":[{\"@type\":\"SearchAction\",\"target\":{\"@type\":\"EntryPoint\",\"urlTemplate\":\"https:\\\/\\\/www.silvereco.org\\\/festival\\\/fr\\\/?s={search_term_string}\"},\"query-input\":{\"@type\":\"PropertyValueSpecification\",\"valueRequired\":true,\"valueName\":\"search_term_string\"}}],\"inLanguage\":\"fr-FR\"},{\"@type\":\"Organization\",\"@id\":\"https:\\\/\\\/www.silvereco.org\\\/festival\\\/fr\\\/#organization\",\"name\":\"International Silver Economy and Ageing Well Festival\",\"url\":\"https:\\\/\\\/www.silvereco.org\\\/festival\\\/fr\\\/\",\"logo\":{\"@type\":\"ImageObject\",\"inLanguage\":\"fr-FR\",\"@id\":\"https:\\\/\\\/www.silvereco.org\\\/festival\\\/fr\\\/#\\\/schema\\\/logo\\\/image\\\/\",\"url\":\"https:\\\/\\\/www.silvereco.org\\\/festival\\\/fr\\\/wp-content\\\/medias\\\/2022\\\/12\\\/cropped-festival-silvereco-2020-2-300x93-1.png\",\"contentUrl\":\"https:\\\/\\\/www.silvereco.org\\\/festival\\\/fr\\\/wp-content\\\/medias\\\/2022\\\/12\\\/cropped-festival-silvereco-2020-2-300x93-1.png\",\"width\":300,\"height\":93,\"caption\":\"International Silver Economy and Ageing Well Festival\"},\"image\":{\"@id\":\"https:\\\/\\\/www.silvereco.org\\\/festival\\\/fr\\\/#\\\/schema\\\/logo\\\/image\\\/\"}},{\"@type\":\"Person\",\"@id\":\"https:\\\/\\\/www.silvereco.org\\\/festival\\\/fr\\\/#\\\/schema\\\/person\\\/8d1bfb6e918fff2973189b38baebf8e3\",\"name\":\"Silver Economy\",\"image\":{\"@type\":\"ImageObject\",\"inLanguage\":\"fr-FR\",\"@id\":\"https:\\\/\\\/secure.gravatar.com\\\/avatar\\\/a1ee424dd82b8f00da838b078ac0b0e8f2881c8d75773dfb426a4bfac883b3f5?s=96&d=mm&r=g\",\"url\":\"https:\\\/\\\/secure.gravatar.com\\\/avatar\\\/a1ee424dd82b8f00da838b078ac0b0e8f2881c8d75773dfb426a4bfac883b3f5?s=96&d=mm&r=g\",\"contentUrl\":\"https:\\\/\\\/secure.gravatar.com\\\/avatar\\\/a1ee424dd82b8f00da838b078ac0b0e8f2881c8d75773dfb426a4bfac883b3f5?s=96&d=mm&r=g\",\"caption\":\"Silver Economy\"},\"url\":\"https:\\\/\\\/www.silvereco.org\\\/festival\\\/fr\\\/author\\\/festredac26\\\/\"}]}<\/script>\n<!-- \/ Yoast SEO plugin. -->","yoast_head_json":{"title":"Nicole WILL - Salon de la fili\u00e8re Silver \u00e9conomie et Assises Silver Eco Bien-Vieillir","robots":{"index":"index","follow":"follow","max-snippet":"max-snippet:-1","max-image-preview":"max-image-preview:large","max-video-preview":"max-video-preview:-1"},"canonical":"https:\/\/www.silvereco.org\/festival\/fr\/nicole-will\/","og_locale":"fr_FR","og_type":"article","og_title":"Nicole WILL - Salon de la fili\u00e8re Silver \u00e9conomie et Assises Silver Eco Bien-Vieillir","og_description":"Founder of willGather Head of Marketing & Partnerships for Rendever \/\/ Fondatrice de willGather Responsable du marketing et des partenariats chez Rendever","og_url":"https:\/\/www.silvereco.org\/festival\/fr\/nicole-will\/","og_site_name":"Salon de la fili\u00e8re Silver \u00e9conomie et Assises Silver Eco Bien-Vieillir","article_published_time":"2025-11-17T15:03:33+00:00","article_modified_time":"2026-08-31T14:10:42+00:00","og_image":[{"width":825,"height":825,"url":"https:\/\/www.silvereco.org\/festival\/fr\/wp-content\/medias\/2025\/11\/Nicole-Will.png","type":"image\/png"}],"author":"Silver Economy","twitter_card":"summary_large_image","twitter_misc":{"\u00c9crit par":"Silver Economy","Dur\u00e9e de lecture estim\u00e9e":"4 minutes"},"schema":{"@context":"https:\/\/schema.org","@graph":[{"@type":"Article","@id":"https:\/\/www.silvereco.org\/festival\/fr\/nicole-will\/#article","isPartOf":{"@id":"https:\/\/www.silvereco.org\/festival\/fr\/nicole-will\/"},"author":{"name":"Silver Economy","@id":"https:\/\/www.silvereco.org\/festival\/fr\/#\/schema\/person\/8d1bfb6e918fff2973189b38baebf8e3"},"headline":"Nicole WILL","datePublished":"2025-11-17T15:03:33+00:00","dateModified":"2026-08-31T14:10:42+00:00","mainEntityOfPage":{"@id":"https:\/\/www.silvereco.org\/festival\/fr\/nicole-will\/"},"wordCount":569,"publisher":{"@id":"https:\/\/www.silvereco.org\/festival\/fr\/#organization"},"image":{"@id":"https:\/\/www.silvereco.org\/festival\/fr\/nicole-will\/#primaryimage"},"thumbnailUrl":"https:\/\/www.silvereco.org\/festival\/fr\/wp-content\/medias\/2025\/11\/Nicole-Will.png","articleSection":["Jury","Jury Intl","speaker M-Z","TR19 participant"],"inLanguage":"fr-FR"},{"@type":"WebPage","@id":"https:\/\/www.silvereco.org\/festival\/fr\/nicole-will\/","url":"https:\/\/www.silvereco.org\/festival\/fr\/nicole-will\/","name":"Nicole WILL - Salon de la fili\u00e8re Silver \u00e9conomie et Assises Silver Eco Bien-Vieillir","isPartOf":{"@id":"https:\/\/www.silvereco.org\/festival\/fr\/#website"},"primaryImageOfPage":{"@id":"https:\/\/www.silvereco.org\/festival\/fr\/nicole-will\/#primaryimage"},"image":{"@id":"https:\/\/www.silvereco.org\/festival\/fr\/nicole-will\/#primaryimage"},"thumbnailUrl":"https:\/\/www.silvereco.org\/festival\/fr\/wp-content\/medias\/2025\/11\/Nicole-Will.png","datePublished":"2025-11-17T15:03:33+00:00","dateModified":"2026-08-31T14:10:42+00:00","breadcrumb":{"@id":"https:\/\/www.silvereco.org\/festival\/fr\/nicole-will\/#breadcrumb"},"inLanguage":"fr-FR","potentialAction":[{"@type":"ReadAction","target":["https:\/\/www.silvereco.org\/festival\/fr\/nicole-will\/"]}]},{"@type":"ImageObject","inLanguage":"fr-FR","@id":"https:\/\/www.silvereco.org\/festival\/fr\/nicole-will\/#primaryimage","url":"https:\/\/www.silvereco.org\/festival\/fr\/wp-content\/medias\/2025\/11\/Nicole-Will.png","contentUrl":"https:\/\/www.silvereco.org\/festival\/fr\/wp-content\/medias\/2025\/11\/Nicole-Will.png","width":825,"height":825},{"@type":"BreadcrumbList","@id":"https:\/\/www.silvereco.org\/festival\/fr\/nicole-will\/#breadcrumb","itemListElement":[{"@type":"ListItem","position":1,"name":"Accueil","item":"https:\/\/www.silvereco.org\/festival\/fr\/"},{"@type":"ListItem","position":2,"name":"Nicole WILL"}]},{"@type":"WebSite","@id":"https:\/\/www.silvereco.org\/festival\/fr\/#website","url":"https:\/\/www.silvereco.org\/festival\/fr\/","name":"Salon de la fili\u00e8re Silver \u00e9conomie et Assises Silver Eco","description":"International Silver Economy and Ageing Well Festival","publisher":{"@id":"https:\/\/www.silvereco.org\/festival\/fr\/#organization"},"potentialAction":[{"@type":"SearchAction","target":{"@type":"EntryPoint","urlTemplate":"https:\/\/www.silvereco.org\/festival\/fr\/?s={search_term_string}"},"query-input":{"@type":"PropertyValueSpecification","valueRequired":true,"valueName":"search_term_string"}}],"inLanguage":"fr-FR"},{"@type":"Organization","@id":"https:\/\/www.silvereco.org\/festival\/fr\/#organization","name":"International Silver Economy and Ageing Well Festival","url":"https:\/\/www.silvereco.org\/festival\/fr\/","logo":{"@type":"ImageObject","inLanguage":"fr-FR","@id":"https:\/\/www.silvereco.org\/festival\/fr\/#\/schema\/logo\/image\/","url":"https:\/\/www.silvereco.org\/festival\/fr\/wp-content\/medias\/2022\/12\/cropped-festival-silvereco-2020-2-300x93-1.png","contentUrl":"https:\/\/www.silvereco.org\/festival\/fr\/wp-content\/medias\/2022\/12\/cropped-festival-silvereco-2020-2-300x93-1.png","width":300,"height":93,"caption":"International Silver Economy and Ageing Well Festival"},"image":{"@id":"https:\/\/www.silvereco.org\/festival\/fr\/#\/schema\/logo\/image\/"}},{"@type":"Person","@id":"https:\/\/www.silvereco.org\/festival\/fr\/#\/schema\/person\/8d1bfb6e918fff2973189b38baebf8e3","name":"Silver Economy","image":{"@type":"ImageObject","inLanguage":"fr-FR","@id":"https:\/\/secure.gravatar.com\/avatar\/a1ee424dd82b8f00da838b078ac0b0e8f2881c8d75773dfb426a4bfac883b3f5?s=96&d=mm&r=g","url":"https:\/\/secure.gravatar.com\/avatar\/a1ee424dd82b8f00da838b078ac0b0e8f2881c8d75773dfb426a4bfac883b3f5?s=96&d=mm&r=g","contentUrl":"https:\/\/secure.gravatar.com\/avatar\/a1ee424dd82b8f00da838b078ac0b0e8f2881c8d75773dfb426a4bfac883b3f5?s=96&d=mm&r=g","caption":"Silver Economy"},"url":"https:\/\/www.silvereco.org\/festival\/fr\/author\/festredac26\/"}]}},"uagb_featured_image_src":{"full":["https:\/\/www.silvereco.org\/festival\/fr\/wp-content\/medias\/2025\/11\/Nicole-Will.png",825,825,false],"thumbnail":["https:\/\/www.silvereco.org\/festival\/fr\/wp-content\/medias\/2025\/11\/Nicole-Will-150x150.png",150,150,true],"medium":["https:\/\/www.silvereco.org\/festival\/fr\/wp-content\/medias\/2025\/11\/Nicole-Will-300x300.png",300,300,true],"medium_large":["https:\/\/www.silvereco.org\/festival\/fr\/wp-content\/medias\/2025\/11\/Nicole-Will-768x768.png",768,768,true],"large":["https:\/\/www.silvereco.org\/festival\/fr\/wp-content\/medias\/2025\/11\/Nicole-Will.png",825,825,false],"1536x1536":["https:\/\/www.silvereco.org\/festival\/fr\/wp-content\/medias\/2025\/11\/Nicole-Will.png",825,825,false],"2048x2048":["https:\/\/www.silvereco.org\/festival\/fr\/wp-content\/medias\/2025\/11\/Nicole-Will.png",825,825,false]},"uagb_author_info":{"display_name":"Silver Economy","author_link":"https:\/\/www.silvereco.org\/festival\/fr\/author\/festredac26\/"},"uagb_comment_info":0,"uagb_excerpt":"Founder of willGather Head of Marketing & Partnerships for Rendever \/\/ Fondatrice de willGather Responsable du marketing et des partenariats chez Rendever","_links":{"self":[{"href":"https:\/\/www.silvereco.org\/festival\/fr\/wp-json\/wp\/v2\/posts\/81256","targetHints":{"allow":["GET"]}}],"collection":[{"href":"https:\/\/www.silvereco.org\/festival\/fr\/wp-json\/wp\/v2\/posts"}],"about":[{"href":"https:\/\/www.silvereco.org\/festival\/fr\/wp-json\/wp\/v2\/types\/post"}],"author":[{"embeddable":true,"href":"https:\/\/www.silvereco.org\/festival\/fr\/wp-json\/wp\/v2\/users\/7"}],"replies":[{"embeddable":true,"href":"https:\/\/www.silvereco.org\/festival\/fr\/wp-json\/wp\/v2\/comments?post=81256"}],"version-history":[{"count":8,"href":"https:\/\/www.silvereco.org\/festival\/fr\/wp-json\/wp\/v2\/posts\/81256\/revisions"}],"predecessor-version":[{"id":88262,"href":"https:\/\/www.silvereco.org\/festival\/fr\/wp-json\/wp\/v2\/posts\/81256\/revisions\/88262"}],"wp:featuredmedia":[{"embeddable":true,"href":"https:\/\/www.silvereco.org\/festival\/fr\/wp-json\/wp\/v2\/media\/81388"}],"wp:attachment":[{"href":"https:\/\/www.silvereco.org\/festival\/fr\/wp-json\/wp\/v2\/media?parent=81256"}],"wp:term":[{"taxonomy":"category","embeddable":true,"href":"https:\/\/www.silvereco.org\/festival\/fr\/wp-json\/wp\/v2\/categories?post=81256"},{"taxonomy":"post_tag","embeddable":true,"href":"https:\/\/www.silvereco.org\/festival\/fr\/wp-json\/wp\/v2\/tags?post=81256"}],"curies":[{"name":"wp","href":"https:\/\/api.w.org\/{rel}","templated":true}]}}