{"id":79331,"date":"2025-10-10T16:31:21","date_gmt":"2025-10-10T15:31:21","guid":{"rendered":"https:\/\/www.silvereco.org\/festival\/fr\/?p=79331"},"modified":"2026-08-27T15:51:23","modified_gmt":"2026-08-27T14:51:23","slug":"membre-du-jury-expert-2025-47","status":"publish","type":"post","link":"https:\/\/www.silvereco.org\/festival\/fr\/membre-du-jury-expert-2025-47\/","title":{"rendered":"Romain GANNEAU"},"content":{"rendered":"\n<div class=\"wp-block-columns is-layout-flex wp-container-core-columns-is-layout-7387b849 wp-block-columns-is-layout-flex\">\n<div class=\"wp-block-column is-layout-flow wp-block-column-is-layout-flow\" style=\"flex-basis:33.33%\">\n<figure class=\"wp-block-image aligncenter size-full is-resized is-style-rounded wp-duotone-grayscale\"><img loading=\"lazy\" decoding=\"async\" width=\"377\" height=\"454\" src=\"https:\/\/www.silvereco.org\/festival\/fr\/wp-content\/medias\/2024\/08\/Romain-Ganneau-1.jpg\" alt=\"\" class=\"wp-image-55654\" style=\"aspect-ratio:1;object-fit:cover;width:300px;height:auto\" srcset=\"https:\/\/www.silvereco.org\/festival\/fr\/wp-content\/medias\/2024\/08\/Romain-Ganneau-1.jpg 377w, https:\/\/www.silvereco.org\/festival\/fr\/wp-content\/medias\/2024\/08\/Romain-Ganneau-1-249x300.jpg 249w\" sizes=\"auto, (max-width: 377px) 100vw, 377px\" \/><\/figure>\n<\/div>\n\n\n\n<div class=\"wp-block-column is-layout-flow wp-block-column-is-layout-flow\" style=\"flex-basis:66.66%\">\n<h1 class=\"wp-block-heading\">Romain GANNEAU<\/h1>\n\n\n\n<h2 class=\"wp-block-heading has-ast-global-color-0-color has-text-color has-link-color wp-elements-1\">Directeur G\u00e9n\u00e9ral \u2013 Silver Valley<br>General Manager \u2013 Silver Valley<\/h2>\n\n\n\n<p class=\"wp-block-paragraph\"><\/p>\n\n\n\n<figure class=\"wp-block-image size-full is-resized\" style=\"margin-top:0;margin-right:0;margin-bottom:0;margin-left:0\"><img loading=\"lazy\" decoding=\"async\" width=\"235\" height=\"157\" src=\"https:\/\/www.silvereco.org\/festival\/fr\/wp-content\/medias\/2025\/11\/FR-FLAG.png\" alt=\"\" class=\"wp-image-81265\" style=\"width:37px;height:auto\"\/><\/figure>\n\n\n\n<p class=\"wp-block-paragraph\">Silver Valley est le premier p\u00f4le d\u2019innovation europ\u00e9en d\u00e9di\u00e9 \u00e0 la transition d\u00e9mographique. Il f\u00e9d\u00e8re plus de 230 organisations de la Silver \u00c9conomie, fili\u00e8re transversale qui r\u00e9pond aux besoins et usages des seniors et de leur entourage. Un \u00e9cosyst\u00e8me unique en Europe qui a pour objectif de pr\u00e9parer la soci\u00e9t\u00e9 de la long\u00e9vit\u00e9, d&#8217;acc\u00e9l\u00e9rer le d\u00e9veloppement et la mise sur le march\u00e9 de solutions innovantes pour favoriser le mieux-vieillir, l&#8217;inclusion des personnes et g\u00e9n\u00e9rer croissance et emploi. A ce jour 4500 professionnels sont affili\u00e9s au cluster et Silver Valley a accompagn\u00e9 ou analys\u00e9 plus de 2000 projets entrepreneuriaux d\u00e9di\u00e9s au bien vieillir. Silver Valley porte \u00e9galement le principal prix d\u2019innovation de la transition d\u00e9mographique, le Prix Silver Valley depuis pr\u00e8s de 20 ans.<\/p>\n\n\n\n<p class=\"wp-block-paragraph\" style=\"margin-top:0;margin-bottom:0\"><\/p>\n\n\n\n<figure class=\"wp-block-image size-full is-resized\" style=\"margin-top:0;margin-right:0;margin-bottom:0;margin-left:0\"><img loading=\"lazy\" decoding=\"async\" width=\"235\" height=\"156\" src=\"https:\/\/www.silvereco.org\/festival\/fr\/wp-content\/medias\/2025\/11\/EN-FLAG.png\" alt=\"\" class=\"wp-image-81282\" style=\"width:37px;height:auto\"\/><\/figure>\n\n\n\n<p class=\"wp-block-paragraph\" style=\"margin-top:0;margin-bottom:0\">Silver Valley is Europe&#8217;s leading innovation hub dedicated to demographic transition. It brings together more than 230 organisations from the Silver Economy, a cross-cutting sector that meets the needs and lifestyles of senior citizens and their families. It is a unique ecosystem in Europe that aims to prepare society for longevity, accelerate the development and marketing of innovative solutions to promote healthy ageing and inclusion, and generate growth and employment. To date, 4,500 professionals are affiliated with the cluster, and Silver Valley has supported or analysed more than 2,000 entrepreneurial projects dedicated to healthy ageing. Silver Valley has also been awarding the main prize for innovation in demographic transition, the Silver Valley Prize, for nearly 20 years.<\/p>\n\n\n\n<p class=\"has-ast-global-color-0-color has-text-color has-link-color wp-elements-2 wp-block-paragraph\"><a href=\"https:\/\/www.linkedin.com\/in\/romain-ganneau-a40515a3\/\"><strong>@LinkedIn<\/strong><\/a> \/ <strong><a href=\"https:\/\/silvervalley.fr\/\">Website<\/a><\/strong><\/p>\n<\/div>\n<\/div>\n\n\n\n<h3 class=\"wp-block-heading has-ast-global-color-5-color has-vivid-red-background-color has-text-color has-background has-link-color wp-elements-3\" style=\"margin-top:var(--wp--preset--spacing--20);margin-right:var(--wp--preset--spacing--20);margin-bottom:var(--wp--preset--spacing--20);margin-left:var(--wp--preset--spacing--20);padding-top:var(--wp--preset--spacing--20);padding-right:var(--wp--preset--spacing--30);padding-bottom:var(--wp--preset--spacing--20);padding-left:var(--wp--preset--spacing--30)\"><a href=\"https:\/\/www.silvereco.org\/festival\/fr\/membres-jury\/\">Expert Jury Member \/ Membre du Jury<\/a><\/h3>\n\n\n\n<h3 class=\"wp-block-heading has-cyan-bluish-gray-background-color has-background\" style=\"margin-top:var(--wp--preset--spacing--20);margin-right:var(--wp--preset--spacing--20);margin-bottom:var(--wp--preset--spacing--20);margin-left:var(--wp--preset--spacing--20);padding-top:var(--wp--preset--spacing--20);padding-right:var(--wp--preset--spacing--30);padding-bottom:var(--wp--preset--spacing--20);padding-left:var(--wp--preset--spacing--30)\">Intervenant \/ Speaker<\/h3>\n\n\n<div class=\"lcp_catlist\" id=\"lcp_instance_0\"><p><div class=\"lcp_excerpt\"><p><!-- wp:group {\"style\":{\"color\":{\"background\":\"#a7c0d1\"},\"spacing\":{\"padding\":{\"top\":\"var:preset|spacing|20\",\"bottom\":\"var:preset|spacing|20\",\"left\":\"var:preset|spacing|20\",\"right\":\"var:preset|spacing|20\"},\"margin\":{\"bottom\":\"0\"},\"blockGap\":\"0\"}},\"layout\":{\"type\":\"constrained\"}} --><\/p>\n<div class=\"wp-block-group has-background\" style=\"background-color:#a7c0d1;margin-bottom:0;padding-top:var(--wp--preset--spacing--20);padding-right:var(--wp--preset--spacing--20);padding-bottom:var(--wp--preset--spacing--20);padding-left:var(--wp--preset--spacing--20)\"><!-- wp:heading {\"level\":3,\"fontSize\":\"medium\"} --><\/p>\n<h3 class=\"wp-block-heading has-medium-font-size\">Atelier \/ Quels financements de la perte d\u2019autonomie, demain ?<\/h3>\n<p><!-- \/wp:heading --><\/p>\n<p><!-- wp:heading {\"level\":3,\"fontSize\":\"medium\"} --><\/p>\n<h3 class=\"wp-block-heading has-medium-font-size\">Workshop \/ How Will We Fund Loss of Autonomy Tomorrow?<\/h3>\n<p><!-- \/wp:heading --><\/p>\n<p><!-- wp:paragraph --><\/p>\n<p><strong><strong>14 Sept 2026 &#8211; 11:30 \/\/ Agora 1<\/strong><\/strong><\/p>\n<p><!-- \/wp:paragraph --><\/p>\n<p><!-- wp:more --><\/p>\n<\/div><a href=\"https:\/\/www.silvereco.org\/festival\/fr\/w26-3\/\">plus d&#039;informations \/ more information<\/a><\/p><\/div>\n","protected":false},"excerpt":{"rendered":"<p>Directeur G\u00e9n\u00e9ral \u2013 Silver Valley \/\/ Managing Director \u2013 Silver Valley<\/p>\n","protected":false},"author":7,"featured_media":55660,"comment_status":"closed","ping_status":"closed","sticky":false,"template":"","format":"standard","meta":{"_uag_custom_page_level_css":"","site-sidebar-layout":"default","site-content-layout":"","ast-site-content-layout":"default","site-content-style":"default","site-sidebar-style":"default","ast-global-header-display":"","ast-banner-title-visibility":"","ast-main-header-display":"","ast-hfb-above-header-display":"","ast-hfb-below-header-display":"","ast-hfb-mobile-header-display":"","site-post-title":"disabled","ast-breadcrumbs-content":"","ast-featured-img":"","footer-sml-layout":"","ast-disable-related-posts":"","theme-transparent-header-meta":"","adv-header-id-meta":"","stick-header-meta":"","header-above-stick-meta":"","header-main-stick-meta":"","header-below-stick-meta":"","astra-migrate-meta-layouts":"set","ast-page-background-enabled":"default","ast-page-background-meta":{"desktop":{"background-color":"var(--ast-global-color-4)","background-image":"","background-repeat":"repeat","background-position":"center center","background-size":"auto","background-attachment":"scroll","background-type":"","background-media":"","overlay-type":"","overlay-color":"","overlay-opacity":"","overlay-gradient":""},"tablet":{"background-color":"","background-image":"","background-repeat":"repeat","background-position":"center center","background-size":"auto","background-attachment":"scroll","background-type":"","background-media":"","overlay-type":"","overlay-color":"","overlay-opacity":"","overlay-gradient":""},"mobile":{"background-color":"","background-image":"","background-repeat":"repeat","background-position":"center center","background-size":"auto","background-attachment":"scroll","background-type":"","background-media":"","overlay-type":"","overlay-color":"","overlay-opacity":"","overlay-gradient":""}},"ast-content-background-meta":{"desktop":{"background-color":"var(--ast-global-color-5)","background-image":"","background-repeat":"repeat","background-position":"center center","background-size":"auto","background-attachment":"scroll","background-type":"","background-media":"","overlay-type":"","overlay-color":"","overlay-opacity":"","overlay-gradient":""},"tablet":{"background-color":"var(--ast-global-color-5)","background-image":"","background-repeat":"repeat","background-position":"center center","background-size":"auto","background-attachment":"scroll","background-type":"","background-media":"","overlay-type":"","overlay-color":"","overlay-opacity":"","overlay-gradient":""},"mobile":{"background-color":"var(--ast-global-color-5)","background-image":"","background-repeat":"repeat","background-position":"center center","background-size":"auto","background-attachment":"scroll","background-type":"","background-media":"","overlay-type":"","overlay-color":"","overlay-opacity":"","overlay-gradient":""}},"ngg_post_thumbnail":0,"footnotes":""},"categories":[161,174,210],"tags":[],"class_list":["post-79331","post","type-post","status-publish","format-standard","has-post-thumbnail","hentry","category-jury","category-speaker","category-tr10participant"],"yoast_head":"<!-- This site is optimized with the Yoast SEO plugin v28.3 - https:\/\/yoast.com\/product\/yoast-seo-wordpress\/ -->\n<title>Romain GANNEAU - Salon de la fili\u00e8re Silver \u00e9conomie et Assises Silver Eco Bien-Vieillir<\/title>\n<meta name=\"robots\" content=\"index, follow, max-snippet:-1, max-image-preview:large, max-video-preview:-1\" \/>\n<link rel=\"canonical\" href=\"https:\/\/www.silvereco.org\/festival\/fr\/membre-du-jury-expert-2025-47\/\" \/>\n<meta property=\"og:locale\" content=\"fr_FR\" \/>\n<meta property=\"og:type\" content=\"article\" \/>\n<meta property=\"og:title\" content=\"Romain GANNEAU - Salon de la fili\u00e8re Silver \u00e9conomie et Assises Silver Eco Bien-Vieillir\" \/>\n<meta property=\"og:description\" content=\"Directeur G\u00e9n\u00e9ral \u2013 Silver Valley \/\/ Managing Director \u2013 Silver Valley\" \/>\n<meta property=\"og:url\" content=\"https:\/\/www.silvereco.org\/festival\/fr\/membre-du-jury-expert-2025-47\/\" \/>\n<meta property=\"og:site_name\" content=\"Salon de la fili\u00e8re Silver \u00e9conomie et Assises Silver Eco Bien-Vieillir\" \/>\n<meta property=\"article:published_time\" content=\"2025-10-10T15:31:21+00:00\" \/>\n<meta property=\"article:modified_time\" content=\"2026-08-27T14:51:23+00:00\" \/>\n<meta property=\"og:image\" content=\"https:\/\/www.silvereco.org\/festival\/fr\/wp-content\/medias\/2024\/08\/Romain-Ganneau-1-edited.jpg\" \/>\n\t<meta property=\"og:image:width\" content=\"377\" \/>\n\t<meta property=\"og:image:height\" content=\"377\" \/>\n\t<meta property=\"og:image:type\" content=\"image\/jpeg\" \/>\n<meta name=\"author\" content=\"Silver Economy\" \/>\n<meta name=\"twitter:card\" content=\"summary_large_image\" \/>\n<meta name=\"twitter:label1\" content=\"\u00c9crit par\" \/>\n\t<meta name=\"twitter:data1\" content=\"Silver Economy\" \/>\n\t<meta name=\"twitter:label2\" content=\"Dur\u00e9e de lecture estim\u00e9e\" \/>\n\t<meta name=\"twitter:data2\" content=\"3 minutes\" \/>\n<script type=\"application\/ld+json\" class=\"yoast-schema-graph\">{\"@context\":\"https:\\\/\\\/schema.org\",\"@graph\":[{\"@type\":\"Article\",\"@id\":\"https:\\\/\\\/www.silvereco.org\\\/festival\\\/fr\\\/membre-du-jury-expert-2025-47\\\/#article\",\"isPartOf\":{\"@id\":\"https:\\\/\\\/www.silvereco.org\\\/festival\\\/fr\\\/membre-du-jury-expert-2025-47\\\/\"},\"author\":{\"name\":\"Silver Economy\",\"@id\":\"https:\\\/\\\/www.silvereco.org\\\/festival\\\/fr\\\/#\\\/schema\\\/person\\\/8d1bfb6e918fff2973189b38baebf8e3\"},\"headline\":\"Romain GANNEAU\",\"datePublished\":\"2025-10-10T15:31:21+00:00\",\"dateModified\":\"2026-08-27T14:51:23+00:00\",\"mainEntityOfPage\":{\"@id\":\"https:\\\/\\\/www.silvereco.org\\\/festival\\\/fr\\\/membre-du-jury-expert-2025-47\\\/\"},\"wordCount\":312,\"publisher\":{\"@id\":\"https:\\\/\\\/www.silvereco.org\\\/festival\\\/fr\\\/#organization\"},\"image\":{\"@id\":\"https:\\\/\\\/www.silvereco.org\\\/festival\\\/fr\\\/membre-du-jury-expert-2025-47\\\/#primaryimage\"},\"thumbnailUrl\":\"https:\\\/\\\/www.silvereco.org\\\/festival\\\/fr\\\/wp-content\\\/medias\\\/2024\\\/08\\\/Romain-Ganneau-1-edited.jpg\",\"articleSection\":[\"Jury\",\"speaker M-Z\",\"TR10 participant\"],\"inLanguage\":\"fr-FR\"},{\"@type\":\"WebPage\",\"@id\":\"https:\\\/\\\/www.silvereco.org\\\/festival\\\/fr\\\/membre-du-jury-expert-2025-47\\\/\",\"url\":\"https:\\\/\\\/www.silvereco.org\\\/festival\\\/fr\\\/membre-du-jury-expert-2025-47\\\/\",\"name\":\"Romain GANNEAU - Salon de la fili\u00e8re Silver \u00e9conomie et Assises Silver Eco Bien-Vieillir\",\"isPartOf\":{\"@id\":\"https:\\\/\\\/www.silvereco.org\\\/festival\\\/fr\\\/#website\"},\"primaryImageOfPage\":{\"@id\":\"https:\\\/\\\/www.silvereco.org\\\/festival\\\/fr\\\/membre-du-jury-expert-2025-47\\\/#primaryimage\"},\"image\":{\"@id\":\"https:\\\/\\\/www.silvereco.org\\\/festival\\\/fr\\\/membre-du-jury-expert-2025-47\\\/#primaryimage\"},\"thumbnailUrl\":\"https:\\\/\\\/www.silvereco.org\\\/festival\\\/fr\\\/wp-content\\\/medias\\\/2024\\\/08\\\/Romain-Ganneau-1-edited.jpg\",\"datePublished\":\"2025-10-10T15:31:21+00:00\",\"dateModified\":\"2026-08-27T14:51:23+00:00\",\"breadcrumb\":{\"@id\":\"https:\\\/\\\/www.silvereco.org\\\/festival\\\/fr\\\/membre-du-jury-expert-2025-47\\\/#breadcrumb\"},\"inLanguage\":\"fr-FR\",\"potentialAction\":[{\"@type\":\"ReadAction\",\"target\":[\"https:\\\/\\\/www.silvereco.org\\\/festival\\\/fr\\\/membre-du-jury-expert-2025-47\\\/\"]}]},{\"@type\":\"ImageObject\",\"inLanguage\":\"fr-FR\",\"@id\":\"https:\\\/\\\/www.silvereco.org\\\/festival\\\/fr\\\/membre-du-jury-expert-2025-47\\\/#primaryimage\",\"url\":\"https:\\\/\\\/www.silvereco.org\\\/festival\\\/fr\\\/wp-content\\\/medias\\\/2024\\\/08\\\/Romain-Ganneau-1-edited.jpg\",\"contentUrl\":\"https:\\\/\\\/www.silvereco.org\\\/festival\\\/fr\\\/wp-content\\\/medias\\\/2024\\\/08\\\/Romain-Ganneau-1-edited.jpg\",\"width\":377,\"height\":377},{\"@type\":\"BreadcrumbList\",\"@id\":\"https:\\\/\\\/www.silvereco.org\\\/festival\\\/fr\\\/membre-du-jury-expert-2025-47\\\/#breadcrumb\",\"itemListElement\":[{\"@type\":\"ListItem\",\"position\":1,\"name\":\"Accueil\",\"item\":\"https:\\\/\\\/www.silvereco.org\\\/festival\\\/fr\\\/\"},{\"@type\":\"ListItem\",\"position\":2,\"name\":\"Romain GANNEAU\"}]},{\"@type\":\"WebSite\",\"@id\":\"https:\\\/\\\/www.silvereco.org\\\/festival\\\/fr\\\/#website\",\"url\":\"https:\\\/\\\/www.silvereco.org\\\/festival\\\/fr\\\/\",\"name\":\"Salon de la fili\u00e8re Silver \u00e9conomie et Assises Silver Eco\",\"description\":\"International Silver Economy and Ageing Well Festival\",\"publisher\":{\"@id\":\"https:\\\/\\\/www.silvereco.org\\\/festival\\\/fr\\\/#organization\"},\"potentialAction\":[{\"@type\":\"SearchAction\",\"target\":{\"@type\":\"EntryPoint\",\"urlTemplate\":\"https:\\\/\\\/www.silvereco.org\\\/festival\\\/fr\\\/?s={search_term_string}\"},\"query-input\":{\"@type\":\"PropertyValueSpecification\",\"valueRequired\":true,\"valueName\":\"search_term_string\"}}],\"inLanguage\":\"fr-FR\"},{\"@type\":\"Organization\",\"@id\":\"https:\\\/\\\/www.silvereco.org\\\/festival\\\/fr\\\/#organization\",\"name\":\"International Silver Economy and Ageing Well Festival\",\"url\":\"https:\\\/\\\/www.silvereco.org\\\/festival\\\/fr\\\/\",\"logo\":{\"@type\":\"ImageObject\",\"inLanguage\":\"fr-FR\",\"@id\":\"https:\\\/\\\/www.silvereco.org\\\/festival\\\/fr\\\/#\\\/schema\\\/logo\\\/image\\\/\",\"url\":\"https:\\\/\\\/www.silvereco.org\\\/festival\\\/fr\\\/wp-content\\\/medias\\\/2022\\\/12\\\/cropped-festival-silvereco-2020-2-300x93-1.png\",\"contentUrl\":\"https:\\\/\\\/www.silvereco.org\\\/festival\\\/fr\\\/wp-content\\\/medias\\\/2022\\\/12\\\/cropped-festival-silvereco-2020-2-300x93-1.png\",\"width\":300,\"height\":93,\"caption\":\"International Silver Economy and Ageing Well Festival\"},\"image\":{\"@id\":\"https:\\\/\\\/www.silvereco.org\\\/festival\\\/fr\\\/#\\\/schema\\\/logo\\\/image\\\/\"}},{\"@type\":\"Person\",\"@id\":\"https:\\\/\\\/www.silvereco.org\\\/festival\\\/fr\\\/#\\\/schema\\\/person\\\/8d1bfb6e918fff2973189b38baebf8e3\",\"name\":\"Silver Economy\",\"image\":{\"@type\":\"ImageObject\",\"inLanguage\":\"fr-FR\",\"@id\":\"https:\\\/\\\/secure.gravatar.com\\\/avatar\\\/a1ee424dd82b8f00da838b078ac0b0e8f2881c8d75773dfb426a4bfac883b3f5?s=96&d=mm&r=g\",\"url\":\"https:\\\/\\\/secure.gravatar.com\\\/avatar\\\/a1ee424dd82b8f00da838b078ac0b0e8f2881c8d75773dfb426a4bfac883b3f5?s=96&d=mm&r=g\",\"contentUrl\":\"https:\\\/\\\/secure.gravatar.com\\\/avatar\\\/a1ee424dd82b8f00da838b078ac0b0e8f2881c8d75773dfb426a4bfac883b3f5?s=96&d=mm&r=g\",\"caption\":\"Silver Economy\"},\"url\":\"https:\\\/\\\/www.silvereco.org\\\/festival\\\/fr\\\/author\\\/festredac26\\\/\"}]}<\/script>\n<!-- \/ Yoast SEO plugin. -->","yoast_head_json":{"title":"Romain GANNEAU - Salon de la fili\u00e8re Silver \u00e9conomie et Assises Silver Eco Bien-Vieillir","robots":{"index":"index","follow":"follow","max-snippet":"max-snippet:-1","max-image-preview":"max-image-preview:large","max-video-preview":"max-video-preview:-1"},"canonical":"https:\/\/www.silvereco.org\/festival\/fr\/membre-du-jury-expert-2025-47\/","og_locale":"fr_FR","og_type":"article","og_title":"Romain GANNEAU - Salon de la fili\u00e8re Silver \u00e9conomie et Assises Silver Eco Bien-Vieillir","og_description":"Directeur G\u00e9n\u00e9ral \u2013 Silver Valley \/\/ Managing Director \u2013 Silver Valley","og_url":"https:\/\/www.silvereco.org\/festival\/fr\/membre-du-jury-expert-2025-47\/","og_site_name":"Salon de la fili\u00e8re Silver \u00e9conomie et Assises Silver Eco Bien-Vieillir","article_published_time":"2025-10-10T15:31:21+00:00","article_modified_time":"2026-08-27T14:51:23+00:00","og_image":[{"width":377,"height":377,"url":"https:\/\/www.silvereco.org\/festival\/fr\/wp-content\/medias\/2024\/08\/Romain-Ganneau-1-edited.jpg","type":"image\/jpeg"}],"author":"Silver Economy","twitter_card":"summary_large_image","twitter_misc":{"\u00c9crit par":"Silver Economy","Dur\u00e9e de lecture estim\u00e9e":"3 minutes"},"schema":{"@context":"https:\/\/schema.org","@graph":[{"@type":"Article","@id":"https:\/\/www.silvereco.org\/festival\/fr\/membre-du-jury-expert-2025-47\/#article","isPartOf":{"@id":"https:\/\/www.silvereco.org\/festival\/fr\/membre-du-jury-expert-2025-47\/"},"author":{"name":"Silver Economy","@id":"https:\/\/www.silvereco.org\/festival\/fr\/#\/schema\/person\/8d1bfb6e918fff2973189b38baebf8e3"},"headline":"Romain GANNEAU","datePublished":"2025-10-10T15:31:21+00:00","dateModified":"2026-08-27T14:51:23+00:00","mainEntityOfPage":{"@id":"https:\/\/www.silvereco.org\/festival\/fr\/membre-du-jury-expert-2025-47\/"},"wordCount":312,"publisher":{"@id":"https:\/\/www.silvereco.org\/festival\/fr\/#organization"},"image":{"@id":"https:\/\/www.silvereco.org\/festival\/fr\/membre-du-jury-expert-2025-47\/#primaryimage"},"thumbnailUrl":"https:\/\/www.silvereco.org\/festival\/fr\/wp-content\/medias\/2024\/08\/Romain-Ganneau-1-edited.jpg","articleSection":["Jury","speaker M-Z","TR10 participant"],"inLanguage":"fr-FR"},{"@type":"WebPage","@id":"https:\/\/www.silvereco.org\/festival\/fr\/membre-du-jury-expert-2025-47\/","url":"https:\/\/www.silvereco.org\/festival\/fr\/membre-du-jury-expert-2025-47\/","name":"Romain GANNEAU - Salon de la fili\u00e8re Silver \u00e9conomie et Assises Silver Eco Bien-Vieillir","isPartOf":{"@id":"https:\/\/www.silvereco.org\/festival\/fr\/#website"},"primaryImageOfPage":{"@id":"https:\/\/www.silvereco.org\/festival\/fr\/membre-du-jury-expert-2025-47\/#primaryimage"},"image":{"@id":"https:\/\/www.silvereco.org\/festival\/fr\/membre-du-jury-expert-2025-47\/#primaryimage"},"thumbnailUrl":"https:\/\/www.silvereco.org\/festival\/fr\/wp-content\/medias\/2024\/08\/Romain-Ganneau-1-edited.jpg","datePublished":"2025-10-10T15:31:21+00:00","dateModified":"2026-08-27T14:51:23+00:00","breadcrumb":{"@id":"https:\/\/www.silvereco.org\/festival\/fr\/membre-du-jury-expert-2025-47\/#breadcrumb"},"inLanguage":"fr-FR","potentialAction":[{"@type":"ReadAction","target":["https:\/\/www.silvereco.org\/festival\/fr\/membre-du-jury-expert-2025-47\/"]}]},{"@type":"ImageObject","inLanguage":"fr-FR","@id":"https:\/\/www.silvereco.org\/festival\/fr\/membre-du-jury-expert-2025-47\/#primaryimage","url":"https:\/\/www.silvereco.org\/festival\/fr\/wp-content\/medias\/2024\/08\/Romain-Ganneau-1-edited.jpg","contentUrl":"https:\/\/www.silvereco.org\/festival\/fr\/wp-content\/medias\/2024\/08\/Romain-Ganneau-1-edited.jpg","width":377,"height":377},{"@type":"BreadcrumbList","@id":"https:\/\/www.silvereco.org\/festival\/fr\/membre-du-jury-expert-2025-47\/#breadcrumb","itemListElement":[{"@type":"ListItem","position":1,"name":"Accueil","item":"https:\/\/www.silvereco.org\/festival\/fr\/"},{"@type":"ListItem","position":2,"name":"Romain GANNEAU"}]},{"@type":"WebSite","@id":"https:\/\/www.silvereco.org\/festival\/fr\/#website","url":"https:\/\/www.silvereco.org\/festival\/fr\/","name":"Salon de la fili\u00e8re Silver \u00e9conomie et Assises Silver Eco","description":"International Silver Economy and Ageing Well Festival","publisher":{"@id":"https:\/\/www.silvereco.org\/festival\/fr\/#organization"},"potentialAction":[{"@type":"SearchAction","target":{"@type":"EntryPoint","urlTemplate":"https:\/\/www.silvereco.org\/festival\/fr\/?s={search_term_string}"},"query-input":{"@type":"PropertyValueSpecification","valueRequired":true,"valueName":"search_term_string"}}],"inLanguage":"fr-FR"},{"@type":"Organization","@id":"https:\/\/www.silvereco.org\/festival\/fr\/#organization","name":"International Silver Economy and Ageing Well Festival","url":"https:\/\/www.silvereco.org\/festival\/fr\/","logo":{"@type":"ImageObject","inLanguage":"fr-FR","@id":"https:\/\/www.silvereco.org\/festival\/fr\/#\/schema\/logo\/image\/","url":"https:\/\/www.silvereco.org\/festival\/fr\/wp-content\/medias\/2022\/12\/cropped-festival-silvereco-2020-2-300x93-1.png","contentUrl":"https:\/\/www.silvereco.org\/festival\/fr\/wp-content\/medias\/2022\/12\/cropped-festival-silvereco-2020-2-300x93-1.png","width":300,"height":93,"caption":"International Silver Economy and Ageing Well Festival"},"image":{"@id":"https:\/\/www.silvereco.org\/festival\/fr\/#\/schema\/logo\/image\/"}},{"@type":"Person","@id":"https:\/\/www.silvereco.org\/festival\/fr\/#\/schema\/person\/8d1bfb6e918fff2973189b38baebf8e3","name":"Silver Economy","image":{"@type":"ImageObject","inLanguage":"fr-FR","@id":"https:\/\/secure.gravatar.com\/avatar\/a1ee424dd82b8f00da838b078ac0b0e8f2881c8d75773dfb426a4bfac883b3f5?s=96&d=mm&r=g","url":"https:\/\/secure.gravatar.com\/avatar\/a1ee424dd82b8f00da838b078ac0b0e8f2881c8d75773dfb426a4bfac883b3f5?s=96&d=mm&r=g","contentUrl":"https:\/\/secure.gravatar.com\/avatar\/a1ee424dd82b8f00da838b078ac0b0e8f2881c8d75773dfb426a4bfac883b3f5?s=96&d=mm&r=g","caption":"Silver Economy"},"url":"https:\/\/www.silvereco.org\/festival\/fr\/author\/festredac26\/"}]}},"uagb_featured_image_src":{"full":["https:\/\/www.silvereco.org\/festival\/fr\/wp-content\/medias\/2024\/08\/Romain-Ganneau-1-edited.jpg",377,377,false],"thumbnail":["https:\/\/www.silvereco.org\/festival\/fr\/wp-content\/medias\/2024\/08\/Romain-Ganneau-1-edited-150x150.jpg",150,150,true],"medium":["https:\/\/www.silvereco.org\/festival\/fr\/wp-content\/medias\/2024\/08\/Romain-Ganneau-1-edited-300x300.jpg",300,300,true],"medium_large":["https:\/\/www.silvereco.org\/festival\/fr\/wp-content\/medias\/2024\/08\/Romain-Ganneau-1-edited.jpg",377,377,false],"large":["https:\/\/www.silvereco.org\/festival\/fr\/wp-content\/medias\/2024\/08\/Romain-Ganneau-1-edited.jpg",377,377,false],"1536x1536":["https:\/\/www.silvereco.org\/festival\/fr\/wp-content\/medias\/2024\/08\/Romain-Ganneau-1-edited.jpg",377,377,false],"2048x2048":["https:\/\/www.silvereco.org\/festival\/fr\/wp-content\/medias\/2024\/08\/Romain-Ganneau-1-edited.jpg",377,377,false]},"uagb_author_info":{"display_name":"Silver Economy","author_link":"https:\/\/www.silvereco.org\/festival\/fr\/author\/festredac26\/"},"uagb_comment_info":0,"uagb_excerpt":"Directeur G\u00e9n\u00e9ral \u2013 Silver Valley \/\/ Managing Director \u2013 Silver Valley","_links":{"self":[{"href":"https:\/\/www.silvereco.org\/festival\/fr\/wp-json\/wp\/v2\/posts\/79331","targetHints":{"allow":["GET"]}}],"collection":[{"href":"https:\/\/www.silvereco.org\/festival\/fr\/wp-json\/wp\/v2\/posts"}],"about":[{"href":"https:\/\/www.silvereco.org\/festival\/fr\/wp-json\/wp\/v2\/types\/post"}],"author":[{"embeddable":true,"href":"https:\/\/www.silvereco.org\/festival\/fr\/wp-json\/wp\/v2\/users\/7"}],"replies":[{"embeddable":true,"href":"https:\/\/www.silvereco.org\/festival\/fr\/wp-json\/wp\/v2\/comments?post=79331"}],"version-history":[{"count":14,"href":"https:\/\/www.silvereco.org\/festival\/fr\/wp-json\/wp\/v2\/posts\/79331\/revisions"}],"predecessor-version":[{"id":88099,"href":"https:\/\/www.silvereco.org\/festival\/fr\/wp-json\/wp\/v2\/posts\/79331\/revisions\/88099"}],"wp:featuredmedia":[{"embeddable":true,"href":"https:\/\/www.silvereco.org\/festival\/fr\/wp-json\/wp\/v2\/media\/55660"}],"wp:attachment":[{"href":"https:\/\/www.silvereco.org\/festival\/fr\/wp-json\/wp\/v2\/media?parent=79331"}],"wp:term":[{"taxonomy":"category","embeddable":true,"href":"https:\/\/www.silvereco.org\/festival\/fr\/wp-json\/wp\/v2\/categories?post=79331"},{"taxonomy":"post_tag","embeddable":true,"href":"https:\/\/www.silvereco.org\/festival\/fr\/wp-json\/wp\/v2\/tags?post=79331"}],"curies":[{"name":"wp","href":"https:\/\/api.w.org\/{rel}","templated":true}]}}