{"id":79070,"date":"2025-10-10T11:16:16","date_gmt":"2025-10-10T10:16:16","guid":{"rendered":"https:\/\/www.silvereco.org\/festival\/fr\/?p=79070"},"modified":"2026-01-22T14:26:08","modified_gmt":"2026-01-22T13:26:08","slug":"membre-du-jury-expert-2025-25","status":"publish","type":"post","link":"https:\/\/www.silvereco.org\/festival\/fr\/membre-du-jury-expert-2025-25\/","title":{"rendered":"Christelle AYACHE"},"content":{"rendered":"\n<div class=\"wp-block-columns is-layout-flex wp-container-core-columns-is-layout-28f84493 wp-block-columns-is-layout-flex\">\n<div class=\"wp-block-column is-layout-flow wp-block-column-is-layout-flow\" style=\"flex-basis:33.33%\">\n<figure class=\"wp-block-image aligncenter size-full is-resized is-style-rounded wp-duotone-grayscale\"><img loading=\"lazy\" decoding=\"async\" width=\"455\" height=\"455\" src=\"https:\/\/www.silvereco.org\/festival\/fr\/wp-content\/medias\/2024\/08\/Christelle-AYACHE-edited.jpg\" alt=\"\" class=\"wp-image-55575\" style=\"aspect-ratio:1;object-fit:cover;width:300px\" srcset=\"https:\/\/www.silvereco.org\/festival\/fr\/wp-content\/medias\/2024\/08\/Christelle-AYACHE-edited.jpg 455w, https:\/\/www.silvereco.org\/festival\/fr\/wp-content\/medias\/2024\/08\/Christelle-AYACHE-edited-300x300.jpg 300w, https:\/\/www.silvereco.org\/festival\/fr\/wp-content\/medias\/2024\/08\/Christelle-AYACHE-edited-150x150.jpg 150w\" sizes=\"auto, (max-width: 455px) 100vw, 455px\" \/><\/figure>\n<\/div>\n\n\n\n<div class=\"wp-block-column is-layout-flow wp-block-column-is-layout-flow\" style=\"flex-basis:66.66%\">\n<h1 class=\"wp-block-heading\">Christelle AYACHE<\/h1>\n\n\n\n<h2 class=\"wp-block-heading has-ast-global-color-0-color has-text-color has-link-color wp-elements-068173143a00dea9f925940a0aa500ed\">Directrice adjointe du Programme Num\u00e9rique en sant\u00e9 chez Inria<br>Deputy Director of the Digital Health Program at Inria<\/h2>\n\n\n\n<figure class=\"wp-block-image size-full is-resized\" style=\"margin-top:0;margin-right:0;margin-bottom:0;margin-left:0\"><img loading=\"lazy\" decoding=\"async\" width=\"235\" height=\"157\" src=\"https:\/\/www.silvereco.org\/festival\/fr\/wp-content\/medias\/2025\/11\/FR-FLAG.png\" alt=\"\" class=\"wp-image-81265\" style=\"width:37px;height:auto\"\/><\/figure>\n\n\n\n<p style=\"margin-top:0;margin-bottom:0\">La recherche et l&#8217;innovation technologique de pointe font partie int\u00e9grante du ADN de Inria. Avec 3 500 chercheurs et ing\u00e9nieurs, ils mettent leur passion pour les technologies num\u00e9riques au service de pr\u00e8s de 200 \u00e9quipes de projet, dont la plupart sont des \u00e9quipes mixtes avec nos partenaires universitaires, notamment de grandes universit\u00e9s de recherche et le CNRS. Ils explorent de nouveaux domaines, souvent en collaboration avec diff\u00e9rentes disciplines et des partenaires industriels, dans le but de relever des d\u00e9fis ambitieux.<\/p>\n\n\n\n<p><\/p>\n\n\n\n<figure class=\"wp-block-image size-full is-resized\" style=\"margin-top:0;margin-right:0;margin-bottom:0;margin-left:0\"><img loading=\"lazy\" decoding=\"async\" width=\"235\" height=\"156\" src=\"https:\/\/www.silvereco.org\/festival\/fr\/wp-content\/medias\/2025\/11\/EN-FLAG.png\" alt=\"\" class=\"wp-image-81282\" style=\"width:37px\"\/><\/figure>\n\n\n\n<p style=\"margin-top:0;margin-bottom:0\">Cutting-edge research and technological innovation are part of Inria&#8217;s DNA. With 3,500 researchers and engineers, they put their passion for digital technologies to work in nearly 200 project teams, most of which are joint teams with our academic partners, including major research universities and the CNRS. They explore new fields, often in collaboration with different disciplines and industrial partners, with the aim of tackling ambitious challenges.<\/p>\n\n\n\n<p class=\"has-ast-global-color-0-color has-text-color has-link-color wp-elements-4ea7e09ee9fddd3e62f1d0d9f070b677\"><a href=\"https:\/\/www.linkedin.com\/in\/christelle-ayache-54b9106\/\"><strong>@LinkedIn<\/strong><\/a> \/ <strong><a href=\"https:\/\/www.inria.fr\/fr\">Website<\/a><\/strong><\/p>\n<\/div>\n<\/div>\n\n\n\n<h3 class=\"wp-block-heading has-ast-global-color-5-color has-vivid-red-background-color has-text-color has-background has-link-color wp-elements-227ce99f7f55e54b185872173597787c\" style=\"margin-top:var(--wp--preset--spacing--20);margin-right:var(--wp--preset--spacing--20);margin-bottom:var(--wp--preset--spacing--20);margin-left:var(--wp--preset--spacing--20);padding-top:var(--wp--preset--spacing--20);padding-right:var(--wp--preset--spacing--30);padding-bottom:var(--wp--preset--spacing--20);padding-left:var(--wp--preset--spacing--30)\"><a href=\"https:\/\/www.silvereco.org\/festival\/fr\/membres-jury\/\">Expert Jury Member \/ Membre du Jury<\/a><\/h3>\n","protected":false},"excerpt":{"rendered":"<p>Directrice adjointe du Programme Num\u00e9rique en sant\u00e9 chez Inria \/\/ Deputy Director of the Digital Health Program at Inria<\/p>\n","protected":false},"author":7,"featured_media":55575,"comment_status":"closed","ping_status":"closed","sticky":false,"template":"","format":"standard","meta":{"_uag_custom_page_level_css":"","site-sidebar-layout":"default","site-content-layout":"","ast-site-content-layout":"default","site-content-style":"default","site-sidebar-style":"default","ast-global-header-display":"","ast-banner-title-visibility":"","ast-main-header-display":"","ast-hfb-above-header-display":"","ast-hfb-below-header-display":"","ast-hfb-mobile-header-display":"","site-post-title":"disabled","ast-breadcrumbs-content":"","ast-featured-img":"","footer-sml-layout":"","ast-disable-related-posts":"","theme-transparent-header-meta":"","adv-header-id-meta":"","stick-header-meta":"","header-above-stick-meta":"","header-main-stick-meta":"","header-below-stick-meta":"","astra-migrate-meta-layouts":"set","ast-page-background-enabled":"default","ast-page-background-meta":{"desktop":{"background-color":"var(--ast-global-color-4)","background-image":"","background-repeat":"repeat","background-position":"center center","background-size":"auto","background-attachment":"scroll","background-type":"","background-media":"","overlay-type":"","overlay-color":"","overlay-opacity":"","overlay-gradient":""},"tablet":{"background-color":"","background-image":"","background-repeat":"repeat","background-position":"center center","background-size":"auto","background-attachment":"scroll","background-type":"","background-media":"","overlay-type":"","overlay-color":"","overlay-opacity":"","overlay-gradient":""},"mobile":{"background-color":"","background-image":"","background-repeat":"repeat","background-position":"center center","background-size":"auto","background-attachment":"scroll","background-type":"","background-media":"","overlay-type":"","overlay-color":"","overlay-opacity":"","overlay-gradient":""}},"ast-content-background-meta":{"desktop":{"background-color":"var(--ast-global-color-5)","background-image":"","background-repeat":"repeat","background-position":"center center","background-size":"auto","background-attachment":"scroll","background-type":"","background-media":"","overlay-type":"","overlay-color":"","overlay-opacity":"","overlay-gradient":""},"tablet":{"background-color":"var(--ast-global-color-5)","background-image":"","background-repeat":"repeat","background-position":"center center","background-size":"auto","background-attachment":"scroll","background-type":"","background-media":"","overlay-type":"","overlay-color":"","overlay-opacity":"","overlay-gradient":""},"mobile":{"background-color":"var(--ast-global-color-5)","background-image":"","background-repeat":"repeat","background-position":"center center","background-size":"auto","background-attachment":"scroll","background-type":"","background-media":"","overlay-type":"","overlay-color":"","overlay-opacity":"","overlay-gradient":""}},"ngg_post_thumbnail":0,"footnotes":""},"categories":[161],"tags":[],"class_list":["post-79070","post","type-post","status-publish","format-standard","has-post-thumbnail","hentry","category-jury"],"yoast_head":"<!-- This site is optimized with the Yoast SEO plugin v27.2 - https:\/\/yoast.com\/product\/yoast-seo-wordpress\/ -->\n<title>Christelle AYACHE - Salon de la fili\u00e8re Silver \u00e9conomie et Assises Silver Eco Bien-Vieillir<\/title>\n<meta name=\"robots\" content=\"index, follow, max-snippet:-1, max-image-preview:large, max-video-preview:-1\" \/>\n<link rel=\"canonical\" href=\"https:\/\/www.silvereco.org\/festival\/fr\/membre-du-jury-expert-2025-25\/\" \/>\n<meta property=\"og:locale\" content=\"fr_FR\" \/>\n<meta property=\"og:type\" content=\"article\" \/>\n<meta property=\"og:title\" content=\"Christelle AYACHE - Salon de la fili\u00e8re Silver \u00e9conomie et Assises Silver Eco Bien-Vieillir\" \/>\n<meta property=\"og:description\" content=\"Directrice adjointe du Programme Num\u00e9rique en sant\u00e9 chez Inria \/\/ Deputy Director of the Digital Health Program at Inria\" \/>\n<meta property=\"og:url\" content=\"https:\/\/www.silvereco.org\/festival\/fr\/membre-du-jury-expert-2025-25\/\" \/>\n<meta property=\"og:site_name\" content=\"Salon de la fili\u00e8re Silver \u00e9conomie et Assises Silver Eco Bien-Vieillir\" \/>\n<meta property=\"article:published_time\" content=\"2025-10-10T10:16:16+00:00\" \/>\n<meta property=\"article:modified_time\" content=\"2026-01-22T13:26:08+00:00\" \/>\n<meta property=\"og:image\" content=\"https:\/\/www.silvereco.org\/festival\/fr\/wp-content\/medias\/2024\/08\/Christelle-AYACHE-edited.jpg\" \/>\n\t<meta property=\"og:image:width\" content=\"455\" \/>\n\t<meta property=\"og:image:height\" content=\"455\" \/>\n\t<meta property=\"og:image:type\" content=\"image\/jpeg\" \/>\n<meta name=\"author\" content=\"Silver Economy\" \/>\n<meta name=\"twitter:card\" content=\"summary_large_image\" \/>\n<meta name=\"twitter:label1\" content=\"\u00c9crit par\" \/>\n\t<meta name=\"twitter:data1\" content=\"Silver Economy\" \/>\n\t<meta name=\"twitter:label2\" content=\"Dur\u00e9e de lecture estim\u00e9e\" \/>\n\t<meta name=\"twitter:data2\" content=\"2 minutes\" \/>\n<script type=\"application\/ld+json\" class=\"yoast-schema-graph\">{\"@context\":\"https:\/\/schema.org\",\"@graph\":[{\"@type\":\"Article\",\"@id\":\"https:\/\/www.silvereco.org\/festival\/fr\/membre-du-jury-expert-2025-25\/#article\",\"isPartOf\":{\"@id\":\"https:\/\/www.silvereco.org\/festival\/fr\/membre-du-jury-expert-2025-25\/\"},\"author\":{\"name\":\"Silver Economy\",\"@id\":\"https:\/\/www.silvereco.org\/festival\/fr\/#\/schema\/person\/8d1bfb6e918fff2973189b38baebf8e3\"},\"headline\":\"Christelle AYACHE\",\"datePublished\":\"2025-10-10T10:16:16+00:00\",\"dateModified\":\"2026-01-22T13:26:08+00:00\",\"mainEntityOfPage\":{\"@id\":\"https:\/\/www.silvereco.org\/festival\/fr\/membre-du-jury-expert-2025-25\/\"},\"wordCount\":180,\"publisher\":{\"@id\":\"https:\/\/www.silvereco.org\/festival\/fr\/#organization\"},\"image\":{\"@id\":\"https:\/\/www.silvereco.org\/festival\/fr\/membre-du-jury-expert-2025-25\/#primaryimage\"},\"thumbnailUrl\":\"https:\/\/www.silvereco.org\/festival\/fr\/wp-content\/medias\/2024\/08\/Christelle-AYACHE-edited.jpg\",\"articleSection\":[\"Jury\"],\"inLanguage\":\"fr-FR\"},{\"@type\":\"WebPage\",\"@id\":\"https:\/\/www.silvereco.org\/festival\/fr\/membre-du-jury-expert-2025-25\/\",\"url\":\"https:\/\/www.silvereco.org\/festival\/fr\/membre-du-jury-expert-2025-25\/\",\"name\":\"Christelle AYACHE - Salon de la fili\u00e8re Silver \u00e9conomie et Assises Silver Eco Bien-Vieillir\",\"isPartOf\":{\"@id\":\"https:\/\/www.silvereco.org\/festival\/fr\/#website\"},\"primaryImageOfPage\":{\"@id\":\"https:\/\/www.silvereco.org\/festival\/fr\/membre-du-jury-expert-2025-25\/#primaryimage\"},\"image\":{\"@id\":\"https:\/\/www.silvereco.org\/festival\/fr\/membre-du-jury-expert-2025-25\/#primaryimage\"},\"thumbnailUrl\":\"https:\/\/www.silvereco.org\/festival\/fr\/wp-content\/medias\/2024\/08\/Christelle-AYACHE-edited.jpg\",\"datePublished\":\"2025-10-10T10:16:16+00:00\",\"dateModified\":\"2026-01-22T13:26:08+00:00\",\"breadcrumb\":{\"@id\":\"https:\/\/www.silvereco.org\/festival\/fr\/membre-du-jury-expert-2025-25\/#breadcrumb\"},\"inLanguage\":\"fr-FR\",\"potentialAction\":[{\"@type\":\"ReadAction\",\"target\":[\"https:\/\/www.silvereco.org\/festival\/fr\/membre-du-jury-expert-2025-25\/\"]}]},{\"@type\":\"ImageObject\",\"inLanguage\":\"fr-FR\",\"@id\":\"https:\/\/www.silvereco.org\/festival\/fr\/membre-du-jury-expert-2025-25\/#primaryimage\",\"url\":\"https:\/\/www.silvereco.org\/festival\/fr\/wp-content\/medias\/2024\/08\/Christelle-AYACHE-edited.jpg\",\"contentUrl\":\"https:\/\/www.silvereco.org\/festival\/fr\/wp-content\/medias\/2024\/08\/Christelle-AYACHE-edited.jpg\",\"width\":455,\"height\":455},{\"@type\":\"BreadcrumbList\",\"@id\":\"https:\/\/www.silvereco.org\/festival\/fr\/membre-du-jury-expert-2025-25\/#breadcrumb\",\"itemListElement\":[{\"@type\":\"ListItem\",\"position\":1,\"name\":\"Accueil\",\"item\":\"https:\/\/www.silvereco.org\/festival\/fr\/\"},{\"@type\":\"ListItem\",\"position\":2,\"name\":\"Christelle AYACHE\"}]},{\"@type\":\"WebSite\",\"@id\":\"https:\/\/www.silvereco.org\/festival\/fr\/#website\",\"url\":\"https:\/\/www.silvereco.org\/festival\/fr\/\",\"name\":\"Salon de la fili\u00e8re Silver \u00e9conomie et Assises Silver Eco\",\"description\":\"International Silver Economy and Ageing Well Festival\",\"publisher\":{\"@id\":\"https:\/\/www.silvereco.org\/festival\/fr\/#organization\"},\"potentialAction\":[{\"@type\":\"SearchAction\",\"target\":{\"@type\":\"EntryPoint\",\"urlTemplate\":\"https:\/\/www.silvereco.org\/festival\/fr\/?s={search_term_string}\"},\"query-input\":{\"@type\":\"PropertyValueSpecification\",\"valueRequired\":true,\"valueName\":\"search_term_string\"}}],\"inLanguage\":\"fr-FR\"},{\"@type\":\"Organization\",\"@id\":\"https:\/\/www.silvereco.org\/festival\/fr\/#organization\",\"name\":\"International Silver Economy and Ageing Well Festival\",\"url\":\"https:\/\/www.silvereco.org\/festival\/fr\/\",\"logo\":{\"@type\":\"ImageObject\",\"inLanguage\":\"fr-FR\",\"@id\":\"https:\/\/www.silvereco.org\/festival\/fr\/#\/schema\/logo\/image\/\",\"url\":\"https:\/\/www.silvereco.org\/festival\/fr\/wp-content\/medias\/2022\/12\/cropped-festival-silvereco-2020-2-300x93-1.png\",\"contentUrl\":\"https:\/\/www.silvereco.org\/festival\/fr\/wp-content\/medias\/2022\/12\/cropped-festival-silvereco-2020-2-300x93-1.png\",\"width\":300,\"height\":93,\"caption\":\"International Silver Economy and Ageing Well Festival\"},\"image\":{\"@id\":\"https:\/\/www.silvereco.org\/festival\/fr\/#\/schema\/logo\/image\/\"}},{\"@type\":\"Person\",\"@id\":\"https:\/\/www.silvereco.org\/festival\/fr\/#\/schema\/person\/8d1bfb6e918fff2973189b38baebf8e3\",\"name\":\"Silver Economy\",\"image\":{\"@type\":\"ImageObject\",\"inLanguage\":\"fr-FR\",\"@id\":\"https:\/\/secure.gravatar.com\/avatar\/a1ee424dd82b8f00da838b078ac0b0e8f2881c8d75773dfb426a4bfac883b3f5?s=96&d=mm&r=g\",\"url\":\"https:\/\/secure.gravatar.com\/avatar\/a1ee424dd82b8f00da838b078ac0b0e8f2881c8d75773dfb426a4bfac883b3f5?s=96&d=mm&r=g\",\"contentUrl\":\"https:\/\/secure.gravatar.com\/avatar\/a1ee424dd82b8f00da838b078ac0b0e8f2881c8d75773dfb426a4bfac883b3f5?s=96&d=mm&r=g\",\"caption\":\"Silver Economy\"},\"url\":\"https:\/\/www.silvereco.org\/festival\/fr\/author\/festredac26\/\"}]}<\/script>\n<!-- \/ Yoast SEO plugin. -->","yoast_head_json":{"title":"Christelle AYACHE - Salon de la fili\u00e8re Silver \u00e9conomie et Assises Silver Eco Bien-Vieillir","robots":{"index":"index","follow":"follow","max-snippet":"max-snippet:-1","max-image-preview":"max-image-preview:large","max-video-preview":"max-video-preview:-1"},"canonical":"https:\/\/www.silvereco.org\/festival\/fr\/membre-du-jury-expert-2025-25\/","og_locale":"fr_FR","og_type":"article","og_title":"Christelle AYACHE - Salon de la fili\u00e8re Silver \u00e9conomie et Assises Silver Eco Bien-Vieillir","og_description":"Directrice adjointe du Programme Num\u00e9rique en sant\u00e9 chez Inria \/\/ Deputy Director of the Digital Health Program at Inria","og_url":"https:\/\/www.silvereco.org\/festival\/fr\/membre-du-jury-expert-2025-25\/","og_site_name":"Salon de la fili\u00e8re Silver \u00e9conomie et Assises Silver Eco Bien-Vieillir","article_published_time":"2025-10-10T10:16:16+00:00","article_modified_time":"2026-01-22T13:26:08+00:00","og_image":[{"width":455,"height":455,"url":"https:\/\/www.silvereco.org\/festival\/fr\/wp-content\/medias\/2024\/08\/Christelle-AYACHE-edited.jpg","type":"image\/jpeg"}],"author":"Silver Economy","twitter_card":"summary_large_image","twitter_misc":{"\u00c9crit par":"Silver Economy","Dur\u00e9e de lecture estim\u00e9e":"2 minutes"},"schema":{"@context":"https:\/\/schema.org","@graph":[{"@type":"Article","@id":"https:\/\/www.silvereco.org\/festival\/fr\/membre-du-jury-expert-2025-25\/#article","isPartOf":{"@id":"https:\/\/www.silvereco.org\/festival\/fr\/membre-du-jury-expert-2025-25\/"},"author":{"name":"Silver Economy","@id":"https:\/\/www.silvereco.org\/festival\/fr\/#\/schema\/person\/8d1bfb6e918fff2973189b38baebf8e3"},"headline":"Christelle AYACHE","datePublished":"2025-10-10T10:16:16+00:00","dateModified":"2026-01-22T13:26:08+00:00","mainEntityOfPage":{"@id":"https:\/\/www.silvereco.org\/festival\/fr\/membre-du-jury-expert-2025-25\/"},"wordCount":180,"publisher":{"@id":"https:\/\/www.silvereco.org\/festival\/fr\/#organization"},"image":{"@id":"https:\/\/www.silvereco.org\/festival\/fr\/membre-du-jury-expert-2025-25\/#primaryimage"},"thumbnailUrl":"https:\/\/www.silvereco.org\/festival\/fr\/wp-content\/medias\/2024\/08\/Christelle-AYACHE-edited.jpg","articleSection":["Jury"],"inLanguage":"fr-FR"},{"@type":"WebPage","@id":"https:\/\/www.silvereco.org\/festival\/fr\/membre-du-jury-expert-2025-25\/","url":"https:\/\/www.silvereco.org\/festival\/fr\/membre-du-jury-expert-2025-25\/","name":"Christelle AYACHE - Salon de la fili\u00e8re Silver \u00e9conomie et Assises Silver Eco Bien-Vieillir","isPartOf":{"@id":"https:\/\/www.silvereco.org\/festival\/fr\/#website"},"primaryImageOfPage":{"@id":"https:\/\/www.silvereco.org\/festival\/fr\/membre-du-jury-expert-2025-25\/#primaryimage"},"image":{"@id":"https:\/\/www.silvereco.org\/festival\/fr\/membre-du-jury-expert-2025-25\/#primaryimage"},"thumbnailUrl":"https:\/\/www.silvereco.org\/festival\/fr\/wp-content\/medias\/2024\/08\/Christelle-AYACHE-edited.jpg","datePublished":"2025-10-10T10:16:16+00:00","dateModified":"2026-01-22T13:26:08+00:00","breadcrumb":{"@id":"https:\/\/www.silvereco.org\/festival\/fr\/membre-du-jury-expert-2025-25\/#breadcrumb"},"inLanguage":"fr-FR","potentialAction":[{"@type":"ReadAction","target":["https:\/\/www.silvereco.org\/festival\/fr\/membre-du-jury-expert-2025-25\/"]}]},{"@type":"ImageObject","inLanguage":"fr-FR","@id":"https:\/\/www.silvereco.org\/festival\/fr\/membre-du-jury-expert-2025-25\/#primaryimage","url":"https:\/\/www.silvereco.org\/festival\/fr\/wp-content\/medias\/2024\/08\/Christelle-AYACHE-edited.jpg","contentUrl":"https:\/\/www.silvereco.org\/festival\/fr\/wp-content\/medias\/2024\/08\/Christelle-AYACHE-edited.jpg","width":455,"height":455},{"@type":"BreadcrumbList","@id":"https:\/\/www.silvereco.org\/festival\/fr\/membre-du-jury-expert-2025-25\/#breadcrumb","itemListElement":[{"@type":"ListItem","position":1,"name":"Accueil","item":"https:\/\/www.silvereco.org\/festival\/fr\/"},{"@type":"ListItem","position":2,"name":"Christelle AYACHE"}]},{"@type":"WebSite","@id":"https:\/\/www.silvereco.org\/festival\/fr\/#website","url":"https:\/\/www.silvereco.org\/festival\/fr\/","name":"Salon de la fili\u00e8re Silver \u00e9conomie et Assises Silver Eco","description":"International Silver Economy and Ageing Well Festival","publisher":{"@id":"https:\/\/www.silvereco.org\/festival\/fr\/#organization"},"potentialAction":[{"@type":"SearchAction","target":{"@type":"EntryPoint","urlTemplate":"https:\/\/www.silvereco.org\/festival\/fr\/?s={search_term_string}"},"query-input":{"@type":"PropertyValueSpecification","valueRequired":true,"valueName":"search_term_string"}}],"inLanguage":"fr-FR"},{"@type":"Organization","@id":"https:\/\/www.silvereco.org\/festival\/fr\/#organization","name":"International Silver Economy and Ageing Well Festival","url":"https:\/\/www.silvereco.org\/festival\/fr\/","logo":{"@type":"ImageObject","inLanguage":"fr-FR","@id":"https:\/\/www.silvereco.org\/festival\/fr\/#\/schema\/logo\/image\/","url":"https:\/\/www.silvereco.org\/festival\/fr\/wp-content\/medias\/2022\/12\/cropped-festival-silvereco-2020-2-300x93-1.png","contentUrl":"https:\/\/www.silvereco.org\/festival\/fr\/wp-content\/medias\/2022\/12\/cropped-festival-silvereco-2020-2-300x93-1.png","width":300,"height":93,"caption":"International Silver Economy and Ageing Well Festival"},"image":{"@id":"https:\/\/www.silvereco.org\/festival\/fr\/#\/schema\/logo\/image\/"}},{"@type":"Person","@id":"https:\/\/www.silvereco.org\/festival\/fr\/#\/schema\/person\/8d1bfb6e918fff2973189b38baebf8e3","name":"Silver Economy","image":{"@type":"ImageObject","inLanguage":"fr-FR","@id":"https:\/\/secure.gravatar.com\/avatar\/a1ee424dd82b8f00da838b078ac0b0e8f2881c8d75773dfb426a4bfac883b3f5?s=96&d=mm&r=g","url":"https:\/\/secure.gravatar.com\/avatar\/a1ee424dd82b8f00da838b078ac0b0e8f2881c8d75773dfb426a4bfac883b3f5?s=96&d=mm&r=g","contentUrl":"https:\/\/secure.gravatar.com\/avatar\/a1ee424dd82b8f00da838b078ac0b0e8f2881c8d75773dfb426a4bfac883b3f5?s=96&d=mm&r=g","caption":"Silver Economy"},"url":"https:\/\/www.silvereco.org\/festival\/fr\/author\/festredac26\/"}]}},"uagb_featured_image_src":{"full":["https:\/\/www.silvereco.org\/festival\/fr\/wp-content\/medias\/2024\/08\/Christelle-AYACHE-edited.jpg",455,455,false],"thumbnail":["https:\/\/www.silvereco.org\/festival\/fr\/wp-content\/medias\/2024\/08\/Christelle-AYACHE-edited-150x150.jpg",150,150,true],"medium":["https:\/\/www.silvereco.org\/festival\/fr\/wp-content\/medias\/2024\/08\/Christelle-AYACHE-edited-300x300.jpg",300,300,true],"medium_large":["https:\/\/www.silvereco.org\/festival\/fr\/wp-content\/medias\/2024\/08\/Christelle-AYACHE-edited.jpg",455,455,false],"large":["https:\/\/www.silvereco.org\/festival\/fr\/wp-content\/medias\/2024\/08\/Christelle-AYACHE-edited.jpg",455,455,false],"1536x1536":["https:\/\/www.silvereco.org\/festival\/fr\/wp-content\/medias\/2024\/08\/Christelle-AYACHE-edited.jpg",455,455,false],"2048x2048":["https:\/\/www.silvereco.org\/festival\/fr\/wp-content\/medias\/2024\/08\/Christelle-AYACHE-edited.jpg",455,455,false]},"uagb_author_info":{"display_name":"Silver Economy","author_link":"https:\/\/www.silvereco.org\/festival\/fr\/author\/festredac26\/"},"uagb_comment_info":0,"uagb_excerpt":"Directrice adjointe du Programme Num\u00e9rique en sant\u00e9 chez Inria \/\/ Deputy Director of the Digital Health Program at Inria","_links":{"self":[{"href":"https:\/\/www.silvereco.org\/festival\/fr\/wp-json\/wp\/v2\/posts\/79070","targetHints":{"allow":["GET"]}}],"collection":[{"href":"https:\/\/www.silvereco.org\/festival\/fr\/wp-json\/wp\/v2\/posts"}],"about":[{"href":"https:\/\/www.silvereco.org\/festival\/fr\/wp-json\/wp\/v2\/types\/post"}],"author":[{"embeddable":true,"href":"https:\/\/www.silvereco.org\/festival\/fr\/wp-json\/wp\/v2\/users\/7"}],"replies":[{"embeddable":true,"href":"https:\/\/www.silvereco.org\/festival\/fr\/wp-json\/wp\/v2\/comments?post=79070"}],"version-history":[{"count":5,"href":"https:\/\/www.silvereco.org\/festival\/fr\/wp-json\/wp\/v2\/posts\/79070\/revisions"}],"predecessor-version":[{"id":84461,"href":"https:\/\/www.silvereco.org\/festival\/fr\/wp-json\/wp\/v2\/posts\/79070\/revisions\/84461"}],"wp:featuredmedia":[{"embeddable":true,"href":"https:\/\/www.silvereco.org\/festival\/fr\/wp-json\/wp\/v2\/media\/55575"}],"wp:attachment":[{"href":"https:\/\/www.silvereco.org\/festival\/fr\/wp-json\/wp\/v2\/media?parent=79070"}],"wp:term":[{"taxonomy":"category","embeddable":true,"href":"https:\/\/www.silvereco.org\/festival\/fr\/wp-json\/wp\/v2\/categories?post=79070"},{"taxonomy":"post_tag","embeddable":true,"href":"https:\/\/www.silvereco.org\/festival\/fr\/wp-json\/wp\/v2\/tags?post=79070"}],"curies":[{"name":"wp","href":"https:\/\/api.w.org\/{rel}","templated":true}]}}