{"id":79069,"date":"2025-10-10T11:10:46","date_gmt":"2025-10-10T10:10:46","guid":{"rendered":"https:\/\/www.silvereco.org\/festival\/fr\/?p=79069"},"modified":"2026-01-22T14:26:09","modified_gmt":"2026-01-22T13:26:09","slug":"membre-du-jury-expert-2025-24","status":"publish","type":"post","link":"https:\/\/www.silvereco.org\/festival\/fr\/membre-du-jury-expert-2025-24\/","title":{"rendered":"Federico PALERMITI"},"content":{"rendered":"\n<div class=\"wp-block-columns is-layout-flex wp-container-core-columns-is-layout-28f84493 wp-block-columns-is-layout-flex\">\n<div class=\"wp-block-column is-layout-flow wp-block-column-is-layout-flow\" style=\"flex-basis:33.33%\">\n<figure class=\"wp-block-image aligncenter size-full is-resized is-style-rounded\"><img loading=\"lazy\" decoding=\"async\" width=\"285\" height=\"381\" src=\"https:\/\/www.silvereco.org\/festival\/fr\/wp-content\/medias\/2023\/09\/Frederico-PALERMITI.jpg\" alt=\"\" class=\"wp-image-39248\" style=\"aspect-ratio:1;object-fit:cover;width:300px\" srcset=\"https:\/\/www.silvereco.org\/festival\/fr\/wp-content\/medias\/2023\/09\/Frederico-PALERMITI.jpg 285w, https:\/\/www.silvereco.org\/festival\/fr\/wp-content\/medias\/2023\/09\/Frederico-PALERMITI-224x300.jpg 224w\" sizes=\"auto, (max-width: 285px) 100vw, 285px\" \/><\/figure>\n<\/div>\n\n\n\n<div class=\"wp-block-column is-layout-flow wp-block-column-is-layout-flow\" style=\"flex-basis:66.66%\">\n<h1 class=\"wp-block-heading\">Federico PALERMITI<\/h1>\n\n\n\n<h2 class=\"wp-block-heading has-ast-global-color-0-color has-text-color has-link-color wp-elements-c883068d0ef248fe614e90c73982aca9\">Pr\u00e9sident de l\u2019Association France Alzheimer 06<br>Chairman of the France Alzheimer Association 06<\/h2>\n\n\n\n<figure class=\"wp-block-image size-full is-resized\" style=\"margin-top:0;margin-right:0;margin-bottom:0;margin-left:0\"><img loading=\"lazy\" decoding=\"async\" width=\"235\" height=\"157\" src=\"https:\/\/www.silvereco.org\/festival\/fr\/wp-content\/medias\/2025\/11\/FR-FLAG.png\" alt=\"\" class=\"wp-image-81265\" style=\"width:37px;height:auto\"\/><\/figure>\n\n\n\n<p style=\"margin-top:0;margin-bottom:0\">France Alzheimer 06 est une association d\u00e9partementale qui porte la parole des Aidants et relaie leurs besoins. Elle assure aussi des actions d&#8217;accompagnement psycho-social, ainsi que la cr\u00e9ation de dispositifs de r\u00e9pit. Porteuse d&#8217;un accueil de jour et d&#8217;une plate forme d&#8217;accompagnement et de r\u00e9pit, nous portons la d\u00e9mystification des troubles li\u00e9s au handicap cognitif pour valoriser que le patient est avant tout une personne.<\/p>\n\n\n\n<p><\/p>\n\n\n\n<figure class=\"wp-block-image size-full is-resized\" style=\"margin-top:0;margin-right:0;margin-bottom:0;margin-left:0\"><img loading=\"lazy\" decoding=\"async\" width=\"235\" height=\"156\" src=\"https:\/\/www.silvereco.org\/festival\/fr\/wp-content\/medias\/2025\/11\/EN-FLAG.png\" alt=\"\" class=\"wp-image-81282\" style=\"width:37px\"\/><\/figure>\n\n\n\n<p style=\"margin-top:0;margin-bottom:0\">France Alzheimer 06 is a departmental association that speaks on behalf of caregivers and relays their needs. It also provides psychosocial support and creates respite services. With a day center and a support and respite platform, we work to demystify the disorders associated with cognitive impairment in order to emphasize that the patient is, above all, a person.<\/p>\n\n\n\n<p class=\"has-ast-global-color-0-color has-text-color has-link-color wp-elements-609f7b6c943f7d43d1827cfbb2069d7d\"><a href=\"https:\/\/www.linkedin.com\/in\/federico-p-a99264101\/\"><strong>@LinkedIn<\/strong><\/a> \/ <strong><a href=\"https:\/\/www.francealzheimer.org\/alpesmaritimes\/\">Website<\/a><\/strong><\/p>\n<\/div>\n<\/div>\n\n\n\n<h3 class=\"wp-block-heading has-ast-global-color-5-color has-vivid-red-background-color has-text-color has-background has-link-color wp-elements-227ce99f7f55e54b185872173597787c\" style=\"margin-top:var(--wp--preset--spacing--20);margin-right:var(--wp--preset--spacing--20);margin-bottom:var(--wp--preset--spacing--20);margin-left:var(--wp--preset--spacing--20);padding-top:var(--wp--preset--spacing--20);padding-right:var(--wp--preset--spacing--30);padding-bottom:var(--wp--preset--spacing--20);padding-left:var(--wp--preset--spacing--30)\"><a href=\"https:\/\/www.silvereco.org\/festival\/fr\/membres-jury\/\">Expert Jury Member \/ Membre du Jury<\/a><\/h3>\n","protected":false},"excerpt":{"rendered":"<p>Pr\u00e9sident de l\u2019Association France Alzheimer 06 \/\/ Chairman of the France Alzheimer Association 06<\/p>\n","protected":false},"author":7,"featured_media":39249,"comment_status":"closed","ping_status":"closed","sticky":false,"template":"","format":"standard","meta":{"_uag_custom_page_level_css":"","site-sidebar-layout":"default","site-content-layout":"","ast-site-content-layout":"default","site-content-style":"default","site-sidebar-style":"default","ast-global-header-display":"","ast-banner-title-visibility":"","ast-main-header-display":"","ast-hfb-above-header-display":"","ast-hfb-below-header-display":"","ast-hfb-mobile-header-display":"","site-post-title":"disabled","ast-breadcrumbs-content":"","ast-featured-img":"","footer-sml-layout":"","ast-disable-related-posts":"","theme-transparent-header-meta":"","adv-header-id-meta":"","stick-header-meta":"","header-above-stick-meta":"","header-main-stick-meta":"","header-below-stick-meta":"","astra-migrate-meta-layouts":"set","ast-page-background-enabled":"default","ast-page-background-meta":{"desktop":{"background-color":"var(--ast-global-color-4)","background-image":"","background-repeat":"repeat","background-position":"center center","background-size":"auto","background-attachment":"scroll","background-type":"","background-media":"","overlay-type":"","overlay-color":"","overlay-opacity":"","overlay-gradient":""},"tablet":{"background-color":"","background-image":"","background-repeat":"repeat","background-position":"center center","background-size":"auto","background-attachment":"scroll","background-type":"","background-media":"","overlay-type":"","overlay-color":"","overlay-opacity":"","overlay-gradient":""},"mobile":{"background-color":"","background-image":"","background-repeat":"repeat","background-position":"center center","background-size":"auto","background-attachment":"scroll","background-type":"","background-media":"","overlay-type":"","overlay-color":"","overlay-opacity":"","overlay-gradient":""}},"ast-content-background-meta":{"desktop":{"background-color":"var(--ast-global-color-5)","background-image":"","background-repeat":"repeat","background-position":"center center","background-size":"auto","background-attachment":"scroll","background-type":"","background-media":"","overlay-type":"","overlay-color":"","overlay-opacity":"","overlay-gradient":""},"tablet":{"background-color":"var(--ast-global-color-5)","background-image":"","background-repeat":"repeat","background-position":"center center","background-size":"auto","background-attachment":"scroll","background-type":"","background-media":"","overlay-type":"","overlay-color":"","overlay-opacity":"","overlay-gradient":""},"mobile":{"background-color":"var(--ast-global-color-5)","background-image":"","background-repeat":"repeat","background-position":"center center","background-size":"auto","background-attachment":"scroll","background-type":"","background-media":"","overlay-type":"","overlay-color":"","overlay-opacity":"","overlay-gradient":""}},"ngg_post_thumbnail":0,"footnotes":""},"categories":[161],"tags":[],"class_list":["post-79069","post","type-post","status-publish","format-standard","has-post-thumbnail","hentry","category-jury"],"yoast_head":"<!-- This site is optimized with the Yoast SEO plugin v27.2 - https:\/\/yoast.com\/product\/yoast-seo-wordpress\/ -->\n<title>Federico PALERMITI - Salon de la fili\u00e8re Silver \u00e9conomie et Assises Silver Eco Bien-Vieillir<\/title>\n<meta name=\"robots\" content=\"index, follow, max-snippet:-1, max-image-preview:large, max-video-preview:-1\" \/>\n<link rel=\"canonical\" href=\"https:\/\/www.silvereco.org\/festival\/fr\/membre-du-jury-expert-2025-24\/\" \/>\n<meta property=\"og:locale\" content=\"fr_FR\" \/>\n<meta property=\"og:type\" content=\"article\" \/>\n<meta property=\"og:title\" content=\"Federico PALERMITI - Salon de la fili\u00e8re Silver \u00e9conomie et Assises Silver Eco Bien-Vieillir\" \/>\n<meta property=\"og:description\" content=\"Pr\u00e9sident de l\u2019Association France Alzheimer 06 \/\/ Chairman of the France Alzheimer Association 06\" \/>\n<meta property=\"og:url\" content=\"https:\/\/www.silvereco.org\/festival\/fr\/membre-du-jury-expert-2025-24\/\" \/>\n<meta property=\"og:site_name\" content=\"Salon de la fili\u00e8re Silver \u00e9conomie et Assises Silver Eco Bien-Vieillir\" \/>\n<meta property=\"article:published_time\" content=\"2025-10-10T10:10:46+00:00\" \/>\n<meta property=\"article:modified_time\" content=\"2026-01-22T13:26:09+00:00\" \/>\n<meta property=\"og:image\" content=\"https:\/\/www.silvereco.org\/festival\/fr\/wp-content\/medias\/2023\/09\/Frederico-PALERMITI-edited.jpg\" \/>\n\t<meta property=\"og:image:width\" content=\"285\" \/>\n\t<meta property=\"og:image:height\" content=\"285\" \/>\n\t<meta property=\"og:image:type\" content=\"image\/jpeg\" \/>\n<meta name=\"author\" content=\"Silver Economy\" \/>\n<meta name=\"twitter:card\" content=\"summary_large_image\" \/>\n<meta name=\"twitter:label1\" content=\"\u00c9crit par\" \/>\n\t<meta name=\"twitter:data1\" content=\"Silver Economy\" \/>\n\t<meta name=\"twitter:label2\" content=\"Dur\u00e9e de lecture estim\u00e9e\" \/>\n\t<meta name=\"twitter:data2\" content=\"2 minutes\" \/>\n<script type=\"application\/ld+json\" class=\"yoast-schema-graph\">{\"@context\":\"https:\/\/schema.org\",\"@graph\":[{\"@type\":\"Article\",\"@id\":\"https:\/\/www.silvereco.org\/festival\/fr\/membre-du-jury-expert-2025-24\/#article\",\"isPartOf\":{\"@id\":\"https:\/\/www.silvereco.org\/festival\/fr\/membre-du-jury-expert-2025-24\/\"},\"author\":{\"name\":\"Silver Economy\",\"@id\":\"https:\/\/www.silvereco.org\/festival\/fr\/#\/schema\/person\/8d1bfb6e918fff2973189b38baebf8e3\"},\"headline\":\"Federico PALERMITI\",\"datePublished\":\"2025-10-10T10:10:46+00:00\",\"dateModified\":\"2026-01-22T13:26:09+00:00\",\"mainEntityOfPage\":{\"@id\":\"https:\/\/www.silvereco.org\/festival\/fr\/membre-du-jury-expert-2025-24\/\"},\"wordCount\":156,\"publisher\":{\"@id\":\"https:\/\/www.silvereco.org\/festival\/fr\/#organization\"},\"image\":{\"@id\":\"https:\/\/www.silvereco.org\/festival\/fr\/membre-du-jury-expert-2025-24\/#primaryimage\"},\"thumbnailUrl\":\"https:\/\/www.silvereco.org\/festival\/fr\/wp-content\/medias\/2023\/09\/Frederico-PALERMITI-edited.jpg\",\"articleSection\":[\"Jury\"],\"inLanguage\":\"fr-FR\"},{\"@type\":\"WebPage\",\"@id\":\"https:\/\/www.silvereco.org\/festival\/fr\/membre-du-jury-expert-2025-24\/\",\"url\":\"https:\/\/www.silvereco.org\/festival\/fr\/membre-du-jury-expert-2025-24\/\",\"name\":\"Federico PALERMITI - Salon de la fili\u00e8re Silver \u00e9conomie et Assises Silver Eco Bien-Vieillir\",\"isPartOf\":{\"@id\":\"https:\/\/www.silvereco.org\/festival\/fr\/#website\"},\"primaryImageOfPage\":{\"@id\":\"https:\/\/www.silvereco.org\/festival\/fr\/membre-du-jury-expert-2025-24\/#primaryimage\"},\"image\":{\"@id\":\"https:\/\/www.silvereco.org\/festival\/fr\/membre-du-jury-expert-2025-24\/#primaryimage\"},\"thumbnailUrl\":\"https:\/\/www.silvereco.org\/festival\/fr\/wp-content\/medias\/2023\/09\/Frederico-PALERMITI-edited.jpg\",\"datePublished\":\"2025-10-10T10:10:46+00:00\",\"dateModified\":\"2026-01-22T13:26:09+00:00\",\"breadcrumb\":{\"@id\":\"https:\/\/www.silvereco.org\/festival\/fr\/membre-du-jury-expert-2025-24\/#breadcrumb\"},\"inLanguage\":\"fr-FR\",\"potentialAction\":[{\"@type\":\"ReadAction\",\"target\":[\"https:\/\/www.silvereco.org\/festival\/fr\/membre-du-jury-expert-2025-24\/\"]}]},{\"@type\":\"ImageObject\",\"inLanguage\":\"fr-FR\",\"@id\":\"https:\/\/www.silvereco.org\/festival\/fr\/membre-du-jury-expert-2025-24\/#primaryimage\",\"url\":\"https:\/\/www.silvereco.org\/festival\/fr\/wp-content\/medias\/2023\/09\/Frederico-PALERMITI-edited.jpg\",\"contentUrl\":\"https:\/\/www.silvereco.org\/festival\/fr\/wp-content\/medias\/2023\/09\/Frederico-PALERMITI-edited.jpg\",\"width\":285,\"height\":285},{\"@type\":\"BreadcrumbList\",\"@id\":\"https:\/\/www.silvereco.org\/festival\/fr\/membre-du-jury-expert-2025-24\/#breadcrumb\",\"itemListElement\":[{\"@type\":\"ListItem\",\"position\":1,\"name\":\"Accueil\",\"item\":\"https:\/\/www.silvereco.org\/festival\/fr\/\"},{\"@type\":\"ListItem\",\"position\":2,\"name\":\"Federico PALERMITI\"}]},{\"@type\":\"WebSite\",\"@id\":\"https:\/\/www.silvereco.org\/festival\/fr\/#website\",\"url\":\"https:\/\/www.silvereco.org\/festival\/fr\/\",\"name\":\"Salon de la fili\u00e8re Silver \u00e9conomie et Assises Silver Eco\",\"description\":\"International Silver Economy and Ageing Well Festival\",\"publisher\":{\"@id\":\"https:\/\/www.silvereco.org\/festival\/fr\/#organization\"},\"potentialAction\":[{\"@type\":\"SearchAction\",\"target\":{\"@type\":\"EntryPoint\",\"urlTemplate\":\"https:\/\/www.silvereco.org\/festival\/fr\/?s={search_term_string}\"},\"query-input\":{\"@type\":\"PropertyValueSpecification\",\"valueRequired\":true,\"valueName\":\"search_term_string\"}}],\"inLanguage\":\"fr-FR\"},{\"@type\":\"Organization\",\"@id\":\"https:\/\/www.silvereco.org\/festival\/fr\/#organization\",\"name\":\"International Silver Economy and Ageing Well Festival\",\"url\":\"https:\/\/www.silvereco.org\/festival\/fr\/\",\"logo\":{\"@type\":\"ImageObject\",\"inLanguage\":\"fr-FR\",\"@id\":\"https:\/\/www.silvereco.org\/festival\/fr\/#\/schema\/logo\/image\/\",\"url\":\"https:\/\/www.silvereco.org\/festival\/fr\/wp-content\/medias\/2022\/12\/cropped-festival-silvereco-2020-2-300x93-1.png\",\"contentUrl\":\"https:\/\/www.silvereco.org\/festival\/fr\/wp-content\/medias\/2022\/12\/cropped-festival-silvereco-2020-2-300x93-1.png\",\"width\":300,\"height\":93,\"caption\":\"International Silver Economy and Ageing Well Festival\"},\"image\":{\"@id\":\"https:\/\/www.silvereco.org\/festival\/fr\/#\/schema\/logo\/image\/\"}},{\"@type\":\"Person\",\"@id\":\"https:\/\/www.silvereco.org\/festival\/fr\/#\/schema\/person\/8d1bfb6e918fff2973189b38baebf8e3\",\"name\":\"Silver Economy\",\"image\":{\"@type\":\"ImageObject\",\"inLanguage\":\"fr-FR\",\"@id\":\"https:\/\/secure.gravatar.com\/avatar\/a1ee424dd82b8f00da838b078ac0b0e8f2881c8d75773dfb426a4bfac883b3f5?s=96&d=mm&r=g\",\"url\":\"https:\/\/secure.gravatar.com\/avatar\/a1ee424dd82b8f00da838b078ac0b0e8f2881c8d75773dfb426a4bfac883b3f5?s=96&d=mm&r=g\",\"contentUrl\":\"https:\/\/secure.gravatar.com\/avatar\/a1ee424dd82b8f00da838b078ac0b0e8f2881c8d75773dfb426a4bfac883b3f5?s=96&d=mm&r=g\",\"caption\":\"Silver Economy\"},\"url\":\"https:\/\/www.silvereco.org\/festival\/fr\/author\/festredac26\/\"}]}<\/script>\n<!-- \/ Yoast SEO plugin. -->","yoast_head_json":{"title":"Federico PALERMITI - Salon de la fili\u00e8re Silver \u00e9conomie et Assises Silver Eco Bien-Vieillir","robots":{"index":"index","follow":"follow","max-snippet":"max-snippet:-1","max-image-preview":"max-image-preview:large","max-video-preview":"max-video-preview:-1"},"canonical":"https:\/\/www.silvereco.org\/festival\/fr\/membre-du-jury-expert-2025-24\/","og_locale":"fr_FR","og_type":"article","og_title":"Federico PALERMITI - Salon de la fili\u00e8re Silver \u00e9conomie et Assises Silver Eco Bien-Vieillir","og_description":"Pr\u00e9sident de l\u2019Association France Alzheimer 06 \/\/ Chairman of the France Alzheimer Association 06","og_url":"https:\/\/www.silvereco.org\/festival\/fr\/membre-du-jury-expert-2025-24\/","og_site_name":"Salon de la fili\u00e8re Silver \u00e9conomie et Assises Silver Eco Bien-Vieillir","article_published_time":"2025-10-10T10:10:46+00:00","article_modified_time":"2026-01-22T13:26:09+00:00","og_image":[{"width":285,"height":285,"url":"https:\/\/www.silvereco.org\/festival\/fr\/wp-content\/medias\/2023\/09\/Frederico-PALERMITI-edited.jpg","type":"image\/jpeg"}],"author":"Silver Economy","twitter_card":"summary_large_image","twitter_misc":{"\u00c9crit par":"Silver Economy","Dur\u00e9e de lecture estim\u00e9e":"2 minutes"},"schema":{"@context":"https:\/\/schema.org","@graph":[{"@type":"Article","@id":"https:\/\/www.silvereco.org\/festival\/fr\/membre-du-jury-expert-2025-24\/#article","isPartOf":{"@id":"https:\/\/www.silvereco.org\/festival\/fr\/membre-du-jury-expert-2025-24\/"},"author":{"name":"Silver Economy","@id":"https:\/\/www.silvereco.org\/festival\/fr\/#\/schema\/person\/8d1bfb6e918fff2973189b38baebf8e3"},"headline":"Federico PALERMITI","datePublished":"2025-10-10T10:10:46+00:00","dateModified":"2026-01-22T13:26:09+00:00","mainEntityOfPage":{"@id":"https:\/\/www.silvereco.org\/festival\/fr\/membre-du-jury-expert-2025-24\/"},"wordCount":156,"publisher":{"@id":"https:\/\/www.silvereco.org\/festival\/fr\/#organization"},"image":{"@id":"https:\/\/www.silvereco.org\/festival\/fr\/membre-du-jury-expert-2025-24\/#primaryimage"},"thumbnailUrl":"https:\/\/www.silvereco.org\/festival\/fr\/wp-content\/medias\/2023\/09\/Frederico-PALERMITI-edited.jpg","articleSection":["Jury"],"inLanguage":"fr-FR"},{"@type":"WebPage","@id":"https:\/\/www.silvereco.org\/festival\/fr\/membre-du-jury-expert-2025-24\/","url":"https:\/\/www.silvereco.org\/festival\/fr\/membre-du-jury-expert-2025-24\/","name":"Federico PALERMITI - Salon de la fili\u00e8re Silver \u00e9conomie et Assises Silver Eco Bien-Vieillir","isPartOf":{"@id":"https:\/\/www.silvereco.org\/festival\/fr\/#website"},"primaryImageOfPage":{"@id":"https:\/\/www.silvereco.org\/festival\/fr\/membre-du-jury-expert-2025-24\/#primaryimage"},"image":{"@id":"https:\/\/www.silvereco.org\/festival\/fr\/membre-du-jury-expert-2025-24\/#primaryimage"},"thumbnailUrl":"https:\/\/www.silvereco.org\/festival\/fr\/wp-content\/medias\/2023\/09\/Frederico-PALERMITI-edited.jpg","datePublished":"2025-10-10T10:10:46+00:00","dateModified":"2026-01-22T13:26:09+00:00","breadcrumb":{"@id":"https:\/\/www.silvereco.org\/festival\/fr\/membre-du-jury-expert-2025-24\/#breadcrumb"},"inLanguage":"fr-FR","potentialAction":[{"@type":"ReadAction","target":["https:\/\/www.silvereco.org\/festival\/fr\/membre-du-jury-expert-2025-24\/"]}]},{"@type":"ImageObject","inLanguage":"fr-FR","@id":"https:\/\/www.silvereco.org\/festival\/fr\/membre-du-jury-expert-2025-24\/#primaryimage","url":"https:\/\/www.silvereco.org\/festival\/fr\/wp-content\/medias\/2023\/09\/Frederico-PALERMITI-edited.jpg","contentUrl":"https:\/\/www.silvereco.org\/festival\/fr\/wp-content\/medias\/2023\/09\/Frederico-PALERMITI-edited.jpg","width":285,"height":285},{"@type":"BreadcrumbList","@id":"https:\/\/www.silvereco.org\/festival\/fr\/membre-du-jury-expert-2025-24\/#breadcrumb","itemListElement":[{"@type":"ListItem","position":1,"name":"Accueil","item":"https:\/\/www.silvereco.org\/festival\/fr\/"},{"@type":"ListItem","position":2,"name":"Federico PALERMITI"}]},{"@type":"WebSite","@id":"https:\/\/www.silvereco.org\/festival\/fr\/#website","url":"https:\/\/www.silvereco.org\/festival\/fr\/","name":"Salon de la fili\u00e8re Silver \u00e9conomie et Assises Silver Eco","description":"International Silver Economy and Ageing Well Festival","publisher":{"@id":"https:\/\/www.silvereco.org\/festival\/fr\/#organization"},"potentialAction":[{"@type":"SearchAction","target":{"@type":"EntryPoint","urlTemplate":"https:\/\/www.silvereco.org\/festival\/fr\/?s={search_term_string}"},"query-input":{"@type":"PropertyValueSpecification","valueRequired":true,"valueName":"search_term_string"}}],"inLanguage":"fr-FR"},{"@type":"Organization","@id":"https:\/\/www.silvereco.org\/festival\/fr\/#organization","name":"International Silver Economy and Ageing Well Festival","url":"https:\/\/www.silvereco.org\/festival\/fr\/","logo":{"@type":"ImageObject","inLanguage":"fr-FR","@id":"https:\/\/www.silvereco.org\/festival\/fr\/#\/schema\/logo\/image\/","url":"https:\/\/www.silvereco.org\/festival\/fr\/wp-content\/medias\/2022\/12\/cropped-festival-silvereco-2020-2-300x93-1.png","contentUrl":"https:\/\/www.silvereco.org\/festival\/fr\/wp-content\/medias\/2022\/12\/cropped-festival-silvereco-2020-2-300x93-1.png","width":300,"height":93,"caption":"International Silver Economy and Ageing Well Festival"},"image":{"@id":"https:\/\/www.silvereco.org\/festival\/fr\/#\/schema\/logo\/image\/"}},{"@type":"Person","@id":"https:\/\/www.silvereco.org\/festival\/fr\/#\/schema\/person\/8d1bfb6e918fff2973189b38baebf8e3","name":"Silver Economy","image":{"@type":"ImageObject","inLanguage":"fr-FR","@id":"https:\/\/secure.gravatar.com\/avatar\/a1ee424dd82b8f00da838b078ac0b0e8f2881c8d75773dfb426a4bfac883b3f5?s=96&d=mm&r=g","url":"https:\/\/secure.gravatar.com\/avatar\/a1ee424dd82b8f00da838b078ac0b0e8f2881c8d75773dfb426a4bfac883b3f5?s=96&d=mm&r=g","contentUrl":"https:\/\/secure.gravatar.com\/avatar\/a1ee424dd82b8f00da838b078ac0b0e8f2881c8d75773dfb426a4bfac883b3f5?s=96&d=mm&r=g","caption":"Silver Economy"},"url":"https:\/\/www.silvereco.org\/festival\/fr\/author\/festredac26\/"}]}},"uagb_featured_image_src":{"full":["https:\/\/www.silvereco.org\/festival\/fr\/wp-content\/medias\/2023\/09\/Frederico-PALERMITI-edited.jpg",285,285,false],"thumbnail":["https:\/\/www.silvereco.org\/festival\/fr\/wp-content\/medias\/2023\/09\/Frederico-PALERMITI-edited-150x150.jpg",150,150,true],"medium":["https:\/\/www.silvereco.org\/festival\/fr\/wp-content\/medias\/2023\/09\/Frederico-PALERMITI-edited.jpg",285,285,false],"medium_large":["https:\/\/www.silvereco.org\/festival\/fr\/wp-content\/medias\/2023\/09\/Frederico-PALERMITI-edited.jpg",285,285,false],"large":["https:\/\/www.silvereco.org\/festival\/fr\/wp-content\/medias\/2023\/09\/Frederico-PALERMITI-edited.jpg",285,285,false],"1536x1536":["https:\/\/www.silvereco.org\/festival\/fr\/wp-content\/medias\/2023\/09\/Frederico-PALERMITI-edited.jpg",285,285,false],"2048x2048":["https:\/\/www.silvereco.org\/festival\/fr\/wp-content\/medias\/2023\/09\/Frederico-PALERMITI-edited.jpg",285,285,false]},"uagb_author_info":{"display_name":"Silver Economy","author_link":"https:\/\/www.silvereco.org\/festival\/fr\/author\/festredac26\/"},"uagb_comment_info":0,"uagb_excerpt":"Pr\u00e9sident de l\u2019Association France Alzheimer 06 \/\/ Chairman of the France Alzheimer Association 06","_links":{"self":[{"href":"https:\/\/www.silvereco.org\/festival\/fr\/wp-json\/wp\/v2\/posts\/79069","targetHints":{"allow":["GET"]}}],"collection":[{"href":"https:\/\/www.silvereco.org\/festival\/fr\/wp-json\/wp\/v2\/posts"}],"about":[{"href":"https:\/\/www.silvereco.org\/festival\/fr\/wp-json\/wp\/v2\/types\/post"}],"author":[{"embeddable":true,"href":"https:\/\/www.silvereco.org\/festival\/fr\/wp-json\/wp\/v2\/users\/7"}],"replies":[{"embeddable":true,"href":"https:\/\/www.silvereco.org\/festival\/fr\/wp-json\/wp\/v2\/comments?post=79069"}],"version-history":[{"count":5,"href":"https:\/\/www.silvereco.org\/festival\/fr\/wp-json\/wp\/v2\/posts\/79069\/revisions"}],"predecessor-version":[{"id":84444,"href":"https:\/\/www.silvereco.org\/festival\/fr\/wp-json\/wp\/v2\/posts\/79069\/revisions\/84444"}],"wp:featuredmedia":[{"embeddable":true,"href":"https:\/\/www.silvereco.org\/festival\/fr\/wp-json\/wp\/v2\/media\/39249"}],"wp:attachment":[{"href":"https:\/\/www.silvereco.org\/festival\/fr\/wp-json\/wp\/v2\/media?parent=79069"}],"wp:term":[{"taxonomy":"category","embeddable":true,"href":"https:\/\/www.silvereco.org\/festival\/fr\/wp-json\/wp\/v2\/categories?post=79069"},{"taxonomy":"post_tag","embeddable":true,"href":"https:\/\/www.silvereco.org\/festival\/fr\/wp-json\/wp\/v2\/tags?post=79069"}],"curies":[{"name":"wp","href":"https:\/\/api.w.org\/{rel}","templated":true}]}}