{"id":51483,"date":"2024-07-17T09:53:48","date_gmt":"2024-07-17T08:53:48","guid":{"rendered":"https:\/\/www.silvereco.org\/festival\/fr\/?p=51483"},"modified":"2026-01-22T14:26:43","modified_gmt":"2026-01-22T13:26:43","slug":"chu-de-nice-laboratoire-lapcos-cobtek","status":"publish","type":"post","link":"https:\/\/www.silvereco.org\/festival\/fr\/chu-de-nice-laboratoire-lapcos-cobtek\/","title":{"rendered":"CHU de Nice, laboratoire LAPCOS, CobTek"},"content":{"rendered":"\n<div class=\"wp-block-columns is-layout-flex wp-container-core-columns-is-layout-28f84493 wp-block-columns-is-layout-flex\">\n<div class=\"wp-block-column is-layout-flow wp-block-column-is-layout-flow\">\n<figure class=\"wp-block-image alignleft size-large is-resized\"><img loading=\"lazy\" decoding=\"async\" width=\"1024\" height=\"536\" src=\"https:\/\/www.silvereco.org\/festival\/fr\/wp-content\/medias\/2024\/07\/logo-CHU-1024x536.png\" alt=\"\" class=\"wp-image-51734\" style=\"aspect-ratio:1.9104477611940298;width:278px;height:auto\" srcset=\"https:\/\/www.silvereco.org\/festival\/fr\/wp-content\/medias\/2024\/07\/logo-CHU-1024x536.png 1024w, https:\/\/www.silvereco.org\/festival\/fr\/wp-content\/medias\/2024\/07\/logo-CHU-300x157.png 300w, https:\/\/www.silvereco.org\/festival\/fr\/wp-content\/medias\/2024\/07\/logo-CHU-768x402.png 768w, https:\/\/www.silvereco.org\/festival\/fr\/wp-content\/medias\/2024\/07\/logo-CHU.png 1200w\" sizes=\"auto, (max-width: 1024px) 100vw, 1024px\" \/><\/figure>\n<\/div>\n\n\n\n<div class=\"wp-block-column is-layout-flow wp-block-column-is-layout-flow\">\n<figure class=\"wp-block-image alignleft size-full is-resized\"><img loading=\"lazy\" decoding=\"async\" width=\"381\" height=\"400\" src=\"https:\/\/www.silvereco.org\/festival\/fr\/wp-content\/medias\/2024\/07\/logo_lapcos.jpg\" alt=\"\" class=\"wp-image-51735\" style=\"aspect-ratio:0.9525;width:190px;height:auto\" srcset=\"https:\/\/www.silvereco.org\/festival\/fr\/wp-content\/medias\/2024\/07\/logo_lapcos.jpg 381w, https:\/\/www.silvereco.org\/festival\/fr\/wp-content\/medias\/2024\/07\/logo_lapcos-286x300.jpg 286w\" sizes=\"auto, (max-width: 381px) 100vw, 381px\" \/><\/figure>\n<\/div>\n\n\n\n<div class=\"wp-block-column is-layout-flow wp-block-column-is-layout-flow\">\n<figure class=\"wp-block-image alignleft size-full is-resized\"><img loading=\"lazy\" decoding=\"async\" width=\"228\" height=\"122\" src=\"https:\/\/www.silvereco.org\/festival\/fr\/wp-content\/medias\/2024\/07\/logo-cobtek.jpg\" alt=\"\" class=\"wp-image-51736\" style=\"aspect-ratio:1.8688524590163935;width:243px;height:auto\"\/><\/figure>\n<\/div>\n<\/div>\n\n\n\n<h2 class=\"wp-block-heading\">CHU de Nice, laboratoire LAPCOS, CobTek<\/h2>\n\n\n\n<h2 class=\"wp-block-heading\">Nomin\u00e9 dans la cat\u00e9gorie :<\/h2>\n\n\n\n<h2 class=\"wp-block-heading has-ast-global-color-0-color has-text-color\">Lutte contre l&#8217;isolement \/ Interg\u00e9n\u00e9rationnel<\/h2>\n\n\n\n<hr class=\"wp-block-separator has-text-color has-ast-global-color-0-color has-alpha-channel-opacity has-ast-global-color-0-background-color has-background is-style-wide\"\/>\n\n\n\n<p><strong>Le r\u00e9sum\u00e9 du dossier de candidature :<\/strong><\/p>\n\n\n\n<h3 class=\"wp-block-heading\"><em>Part&#8217;Ages programme interg\u00e9n\u00e9rationnel entre deux populations fragiles<\/em><\/h3>\n\n\n\n<p>Le programme PartAges est un projet de recherche innovant bas\u00e9 sur les approches interg\u00e9n\u00e9rationnelles et la th\u00e9orie de l&#8217;auto-d\u00e9termination. Des groupes de seniors isol\u00e9s et des enfants issus de milieux d\u00e9favoris\u00e9s seront amen\u00e9s \u00e0 co-construire, via les m\u00e9canismes de la d\u00e9mocratie participative, un programme d&#8217;activit\u00e9 commun. Prouver l&#8217;efficacit\u00e9 d&#8217;une telle approche sur diff\u00e9rents param\u00e8tres l\u00e9gitimera une extension au niveau national.<\/p>\n\n\n\n<p><a href=\"https:\/\/www.cmrr-nice.fr\/\" target=\"_blank\" rel=\"noreferrer noopener\">www.cmrr-nice.fr<\/a><\/p>\n\n\n\n<hr class=\"wp-block-separator has-text-color has-ast-global-color-0-color has-alpha-channel-opacity has-ast-global-color-0-background-color has-background is-style-wide\"\/>\n\n\n\n<h4 class=\"wp-block-heading\">Troph\u00e9es SilverEco<\/h4>\n\n\n\n<p><strong><a href=\"http:\/\/www.silvereco.org\/festival\/fr\/votez-pour-votre-candidat\/\">Je vote pour ce candidat !<\/a> <\/strong><\/p>\n\n\n\n<p><strong><a href=\"http:\/\/www.silvereco.org\/festival\/fr\/les-nomines\/\">Retour \u00e0 la liste des nomin\u00e9s<\/a><\/strong><\/p>\n","protected":false},"excerpt":{"rendered":"<p>CHU de Nice, laboratoire LAPCOS, CobTek Nomin\u00e9 dans la cat\u00e9gorie : Lutte contre l&#8217;isolement \/ Interg\u00e9n\u00e9rationnel Le r\u00e9sum\u00e9 du dossier de candidature : Part&#8217;Ages programme interg\u00e9n\u00e9rationnel entre deux populations fragiles Le programme PartAges est un projet de recherche innovant bas\u00e9 sur les approches interg\u00e9n\u00e9rationnelles et la th\u00e9orie de l&#8217;auto-d\u00e9termination. Des groupes de seniors isol\u00e9s et [&hellip;]<\/p>\n","protected":false},"author":7,"featured_media":0,"comment_status":"closed","ping_status":"closed","sticky":false,"template":"","format":"standard","meta":{"_uag_custom_page_level_css":"","site-sidebar-layout":"default","site-content-layout":"","ast-site-content-layout":"default","site-content-style":"default","site-sidebar-style":"default","ast-global-header-display":"","ast-banner-title-visibility":"","ast-main-header-display":"","ast-hfb-above-header-display":"","ast-hfb-below-header-display":"","ast-hfb-mobile-header-display":"","site-post-title":"","ast-breadcrumbs-content":"","ast-featured-img":"","footer-sml-layout":"","ast-disable-related-posts":"","theme-transparent-header-meta":"","adv-header-id-meta":"","stick-header-meta":"","header-above-stick-meta":"","header-main-stick-meta":"","header-below-stick-meta":"","astra-migrate-meta-layouts":"set","ast-page-background-enabled":"default","ast-page-background-meta":{"desktop":{"background-color":"var(--ast-global-color-4)","background-image":"","background-repeat":"repeat","background-position":"center center","background-size":"auto","background-attachment":"scroll","background-type":"","background-media":"","overlay-type":"","overlay-color":"","overlay-opacity":"","overlay-gradient":""},"tablet":{"background-color":"","background-image":"","background-repeat":"repeat","background-position":"center center","background-size":"auto","background-attachment":"scroll","background-type":"","background-media":"","overlay-type":"","overlay-color":"","overlay-opacity":"","overlay-gradient":""},"mobile":{"background-color":"","background-image":"","background-repeat":"repeat","background-position":"center center","background-size":"auto","background-attachment":"scroll","background-type":"","background-media":"","overlay-type":"","overlay-color":"","overlay-opacity":"","overlay-gradient":""}},"ast-content-background-meta":{"desktop":{"background-color":"var(--ast-global-color-5)","background-image":"","background-repeat":"repeat","background-position":"center center","background-size":"auto","background-attachment":"scroll","background-type":"","background-media":"","overlay-type":"","overlay-color":"","overlay-opacity":"","overlay-gradient":""},"tablet":{"background-color":"var(--ast-global-color-5)","background-image":"","background-repeat":"repeat","background-position":"center center","background-size":"auto","background-attachment":"scroll","background-type":"","background-media":"","overlay-type":"","overlay-color":"","overlay-opacity":"","overlay-gradient":""},"mobile":{"background-color":"var(--ast-global-color-5)","background-image":"","background-repeat":"repeat","background-position":"center center","background-size":"auto","background-attachment":"scroll","background-type":"","background-media":"","overlay-type":"","overlay-color":"","overlay-opacity":"","overlay-gradient":""}},"ngg_post_thumbnail":0,"footnotes":""},"categories":[143,134],"tags":[],"class_list":["post-51483","post","type-post","status-publish","format-standard","hentry","category-categorie-lutte-contre-lisolement-intergenerationnel","category-nomines-2024"],"yoast_head":"<!-- This site is optimized with the Yoast SEO plugin v27.5 - https:\/\/yoast.com\/product\/yoast-seo-wordpress\/ -->\n<title>CHU de Nice, laboratoire LAPCOS, CobTek - Salon de la fili\u00e8re Silver \u00e9conomie et Assises Silver Eco Bien-Vieillir<\/title>\n<meta name=\"robots\" content=\"index, follow, max-snippet:-1, max-image-preview:large, max-video-preview:-1\" \/>\n<link rel=\"canonical\" href=\"https:\/\/www.silvereco.org\/festival\/fr\/chu-de-nice-laboratoire-lapcos-cobtek\/\" \/>\n<meta property=\"og:locale\" content=\"fr_FR\" \/>\n<meta property=\"og:type\" content=\"article\" \/>\n<meta property=\"og:title\" content=\"CHU de Nice, laboratoire LAPCOS, CobTek - Salon de la fili\u00e8re Silver \u00e9conomie et Assises Silver Eco Bien-Vieillir\" \/>\n<meta property=\"og:description\" content=\"CHU de Nice, laboratoire LAPCOS, CobTek Nomin\u00e9 dans la cat\u00e9gorie : Lutte contre l&#8217;isolement \/ Interg\u00e9n\u00e9rationnel Le r\u00e9sum\u00e9 du dossier de candidature : Part&#8217;Ages programme interg\u00e9n\u00e9rationnel entre deux populations fragiles Le programme PartAges est un projet de recherche innovant bas\u00e9 sur les approches interg\u00e9n\u00e9rationnelles et la th\u00e9orie de l&#8217;auto-d\u00e9termination. Des groupes de seniors isol\u00e9s et [&hellip;]\" \/>\n<meta property=\"og:url\" content=\"https:\/\/www.silvereco.org\/festival\/fr\/chu-de-nice-laboratoire-lapcos-cobtek\/\" \/>\n<meta property=\"og:site_name\" content=\"Salon de la fili\u00e8re Silver \u00e9conomie et Assises Silver Eco Bien-Vieillir\" \/>\n<meta property=\"article:published_time\" content=\"2024-07-17T08:53:48+00:00\" \/>\n<meta property=\"article:modified_time\" content=\"2026-01-22T13:26:43+00:00\" \/>\n<meta property=\"og:image\" content=\"https:\/\/www.silvereco.org\/festival\/fr\/wp-content\/medias\/2024\/07\/logo-CHU.png\" \/>\n\t<meta property=\"og:image:width\" content=\"1200\" \/>\n\t<meta property=\"og:image:height\" content=\"628\" \/>\n\t<meta property=\"og:image:type\" content=\"image\/png\" \/>\n<meta name=\"author\" content=\"Silver Economy\" \/>\n<meta name=\"twitter:card\" content=\"summary_large_image\" \/>\n<meta name=\"twitter:label1\" content=\"\u00c9crit par\" \/>\n\t<meta name=\"twitter:data1\" content=\"Silver Economy\" \/>\n\t<meta name=\"twitter:label2\" content=\"Dur\u00e9e de lecture estim\u00e9e\" \/>\n\t<meta name=\"twitter:data2\" content=\"2 minutes\" \/>\n<script type=\"application\/ld+json\" class=\"yoast-schema-graph\">{\"@context\":\"https:\\\/\\\/schema.org\",\"@graph\":[{\"@type\":\"Article\",\"@id\":\"https:\\\/\\\/www.silvereco.org\\\/festival\\\/fr\\\/chu-de-nice-laboratoire-lapcos-cobtek\\\/#article\",\"isPartOf\":{\"@id\":\"https:\\\/\\\/www.silvereco.org\\\/festival\\\/fr\\\/chu-de-nice-laboratoire-lapcos-cobtek\\\/\"},\"author\":{\"name\":\"Silver Economy\",\"@id\":\"https:\\\/\\\/www.silvereco.org\\\/festival\\\/fr\\\/#\\\/schema\\\/person\\\/8d1bfb6e918fff2973189b38baebf8e3\"},\"headline\":\"CHU de Nice, laboratoire LAPCOS, CobTek\",\"datePublished\":\"2024-07-17T08:53:48+00:00\",\"dateModified\":\"2026-01-22T13:26:43+00:00\",\"mainEntityOfPage\":{\"@id\":\"https:\\\/\\\/www.silvereco.org\\\/festival\\\/fr\\\/chu-de-nice-laboratoire-lapcos-cobtek\\\/\"},\"wordCount\":134,\"publisher\":{\"@id\":\"https:\\\/\\\/www.silvereco.org\\\/festival\\\/fr\\\/#organization\"},\"image\":{\"@id\":\"https:\\\/\\\/www.silvereco.org\\\/festival\\\/fr\\\/chu-de-nice-laboratoire-lapcos-cobtek\\\/#primaryimage\"},\"thumbnailUrl\":\"https:\\\/\\\/www.silvereco.org\\\/festival\\\/fr\\\/wp-content\\\/medias\\\/2024\\\/07\\\/logo-CHU-1024x536.png\",\"articleSection\":[\"Cat\u00e9gorie Lutte contre l'isolement \\\/ Interg\u00e9n\u00e9rationnel\",\"Nomin\u00e9s 2024\"],\"inLanguage\":\"fr-FR\"},{\"@type\":\"WebPage\",\"@id\":\"https:\\\/\\\/www.silvereco.org\\\/festival\\\/fr\\\/chu-de-nice-laboratoire-lapcos-cobtek\\\/\",\"url\":\"https:\\\/\\\/www.silvereco.org\\\/festival\\\/fr\\\/chu-de-nice-laboratoire-lapcos-cobtek\\\/\",\"name\":\"CHU de Nice, laboratoire LAPCOS, CobTek - Salon de la fili\u00e8re Silver \u00e9conomie et Assises Silver Eco Bien-Vieillir\",\"isPartOf\":{\"@id\":\"https:\\\/\\\/www.silvereco.org\\\/festival\\\/fr\\\/#website\"},\"primaryImageOfPage\":{\"@id\":\"https:\\\/\\\/www.silvereco.org\\\/festival\\\/fr\\\/chu-de-nice-laboratoire-lapcos-cobtek\\\/#primaryimage\"},\"image\":{\"@id\":\"https:\\\/\\\/www.silvereco.org\\\/festival\\\/fr\\\/chu-de-nice-laboratoire-lapcos-cobtek\\\/#primaryimage\"},\"thumbnailUrl\":\"https:\\\/\\\/www.silvereco.org\\\/festival\\\/fr\\\/wp-content\\\/medias\\\/2024\\\/07\\\/logo-CHU-1024x536.png\",\"datePublished\":\"2024-07-17T08:53:48+00:00\",\"dateModified\":\"2026-01-22T13:26:43+00:00\",\"breadcrumb\":{\"@id\":\"https:\\\/\\\/www.silvereco.org\\\/festival\\\/fr\\\/chu-de-nice-laboratoire-lapcos-cobtek\\\/#breadcrumb\"},\"inLanguage\":\"fr-FR\",\"potentialAction\":[{\"@type\":\"ReadAction\",\"target\":[\"https:\\\/\\\/www.silvereco.org\\\/festival\\\/fr\\\/chu-de-nice-laboratoire-lapcos-cobtek\\\/\"]}]},{\"@type\":\"ImageObject\",\"inLanguage\":\"fr-FR\",\"@id\":\"https:\\\/\\\/www.silvereco.org\\\/festival\\\/fr\\\/chu-de-nice-laboratoire-lapcos-cobtek\\\/#primaryimage\",\"url\":\"https:\\\/\\\/www.silvereco.org\\\/festival\\\/fr\\\/wp-content\\\/medias\\\/2024\\\/07\\\/logo-CHU.png\",\"contentUrl\":\"https:\\\/\\\/www.silvereco.org\\\/festival\\\/fr\\\/wp-content\\\/medias\\\/2024\\\/07\\\/logo-CHU.png\",\"width\":1200,\"height\":628},{\"@type\":\"BreadcrumbList\",\"@id\":\"https:\\\/\\\/www.silvereco.org\\\/festival\\\/fr\\\/chu-de-nice-laboratoire-lapcos-cobtek\\\/#breadcrumb\",\"itemListElement\":[{\"@type\":\"ListItem\",\"position\":1,\"name\":\"Accueil\",\"item\":\"https:\\\/\\\/www.silvereco.org\\\/festival\\\/fr\\\/\"},{\"@type\":\"ListItem\",\"position\":2,\"name\":\"CHU de Nice, laboratoire LAPCOS, CobTek\"}]},{\"@type\":\"WebSite\",\"@id\":\"https:\\\/\\\/www.silvereco.org\\\/festival\\\/fr\\\/#website\",\"url\":\"https:\\\/\\\/www.silvereco.org\\\/festival\\\/fr\\\/\",\"name\":\"Salon de la fili\u00e8re Silver \u00e9conomie et Assises Silver Eco\",\"description\":\"International Silver Economy and Ageing Well Festival\",\"publisher\":{\"@id\":\"https:\\\/\\\/www.silvereco.org\\\/festival\\\/fr\\\/#organization\"},\"potentialAction\":[{\"@type\":\"SearchAction\",\"target\":{\"@type\":\"EntryPoint\",\"urlTemplate\":\"https:\\\/\\\/www.silvereco.org\\\/festival\\\/fr\\\/?s={search_term_string}\"},\"query-input\":{\"@type\":\"PropertyValueSpecification\",\"valueRequired\":true,\"valueName\":\"search_term_string\"}}],\"inLanguage\":\"fr-FR\"},{\"@type\":\"Organization\",\"@id\":\"https:\\\/\\\/www.silvereco.org\\\/festival\\\/fr\\\/#organization\",\"name\":\"International Silver Economy and Ageing Well Festival\",\"url\":\"https:\\\/\\\/www.silvereco.org\\\/festival\\\/fr\\\/\",\"logo\":{\"@type\":\"ImageObject\",\"inLanguage\":\"fr-FR\",\"@id\":\"https:\\\/\\\/www.silvereco.org\\\/festival\\\/fr\\\/#\\\/schema\\\/logo\\\/image\\\/\",\"url\":\"https:\\\/\\\/www.silvereco.org\\\/festival\\\/fr\\\/wp-content\\\/medias\\\/2022\\\/12\\\/cropped-festival-silvereco-2020-2-300x93-1.png\",\"contentUrl\":\"https:\\\/\\\/www.silvereco.org\\\/festival\\\/fr\\\/wp-content\\\/medias\\\/2022\\\/12\\\/cropped-festival-silvereco-2020-2-300x93-1.png\",\"width\":300,\"height\":93,\"caption\":\"International Silver Economy and Ageing Well Festival\"},\"image\":{\"@id\":\"https:\\\/\\\/www.silvereco.org\\\/festival\\\/fr\\\/#\\\/schema\\\/logo\\\/image\\\/\"}},{\"@type\":\"Person\",\"@id\":\"https:\\\/\\\/www.silvereco.org\\\/festival\\\/fr\\\/#\\\/schema\\\/person\\\/8d1bfb6e918fff2973189b38baebf8e3\",\"name\":\"Silver Economy\",\"image\":{\"@type\":\"ImageObject\",\"inLanguage\":\"fr-FR\",\"@id\":\"https:\\\/\\\/secure.gravatar.com\\\/avatar\\\/a1ee424dd82b8f00da838b078ac0b0e8f2881c8d75773dfb426a4bfac883b3f5?s=96&d=mm&r=g\",\"url\":\"https:\\\/\\\/secure.gravatar.com\\\/avatar\\\/a1ee424dd82b8f00da838b078ac0b0e8f2881c8d75773dfb426a4bfac883b3f5?s=96&d=mm&r=g\",\"contentUrl\":\"https:\\\/\\\/secure.gravatar.com\\\/avatar\\\/a1ee424dd82b8f00da838b078ac0b0e8f2881c8d75773dfb426a4bfac883b3f5?s=96&d=mm&r=g\",\"caption\":\"Silver Economy\"},\"url\":\"https:\\\/\\\/www.silvereco.org\\\/festival\\\/fr\\\/author\\\/festredac26\\\/\"}]}<\/script>\n<!-- \/ Yoast SEO plugin. -->","yoast_head_json":{"title":"CHU de Nice, laboratoire LAPCOS, CobTek - Salon de la fili\u00e8re Silver \u00e9conomie et Assises Silver Eco Bien-Vieillir","robots":{"index":"index","follow":"follow","max-snippet":"max-snippet:-1","max-image-preview":"max-image-preview:large","max-video-preview":"max-video-preview:-1"},"canonical":"https:\/\/www.silvereco.org\/festival\/fr\/chu-de-nice-laboratoire-lapcos-cobtek\/","og_locale":"fr_FR","og_type":"article","og_title":"CHU de Nice, laboratoire LAPCOS, CobTek - Salon de la fili\u00e8re Silver \u00e9conomie et Assises Silver Eco Bien-Vieillir","og_description":"CHU de Nice, laboratoire LAPCOS, CobTek Nomin\u00e9 dans la cat\u00e9gorie : Lutte contre l&#8217;isolement \/ Interg\u00e9n\u00e9rationnel Le r\u00e9sum\u00e9 du dossier de candidature : Part&#8217;Ages programme interg\u00e9n\u00e9rationnel entre deux populations fragiles Le programme PartAges est un projet de recherche innovant bas\u00e9 sur les approches interg\u00e9n\u00e9rationnelles et la th\u00e9orie de l&#8217;auto-d\u00e9termination. Des groupes de seniors isol\u00e9s et [&hellip;]","og_url":"https:\/\/www.silvereco.org\/festival\/fr\/chu-de-nice-laboratoire-lapcos-cobtek\/","og_site_name":"Salon de la fili\u00e8re Silver \u00e9conomie et Assises Silver Eco Bien-Vieillir","article_published_time":"2024-07-17T08:53:48+00:00","article_modified_time":"2026-01-22T13:26:43+00:00","og_image":[{"width":1200,"height":628,"url":"https:\/\/www.silvereco.org\/festival\/fr\/wp-content\/medias\/2024\/07\/logo-CHU.png","type":"image\/png"}],"author":"Silver Economy","twitter_card":"summary_large_image","twitter_misc":{"\u00c9crit par":"Silver Economy","Dur\u00e9e de lecture estim\u00e9e":"2 minutes"},"schema":{"@context":"https:\/\/schema.org","@graph":[{"@type":"Article","@id":"https:\/\/www.silvereco.org\/festival\/fr\/chu-de-nice-laboratoire-lapcos-cobtek\/#article","isPartOf":{"@id":"https:\/\/www.silvereco.org\/festival\/fr\/chu-de-nice-laboratoire-lapcos-cobtek\/"},"author":{"name":"Silver Economy","@id":"https:\/\/www.silvereco.org\/festival\/fr\/#\/schema\/person\/8d1bfb6e918fff2973189b38baebf8e3"},"headline":"CHU de Nice, laboratoire LAPCOS, CobTek","datePublished":"2024-07-17T08:53:48+00:00","dateModified":"2026-01-22T13:26:43+00:00","mainEntityOfPage":{"@id":"https:\/\/www.silvereco.org\/festival\/fr\/chu-de-nice-laboratoire-lapcos-cobtek\/"},"wordCount":134,"publisher":{"@id":"https:\/\/www.silvereco.org\/festival\/fr\/#organization"},"image":{"@id":"https:\/\/www.silvereco.org\/festival\/fr\/chu-de-nice-laboratoire-lapcos-cobtek\/#primaryimage"},"thumbnailUrl":"https:\/\/www.silvereco.org\/festival\/fr\/wp-content\/medias\/2024\/07\/logo-CHU-1024x536.png","articleSection":["Cat\u00e9gorie Lutte contre l'isolement \/ Interg\u00e9n\u00e9rationnel","Nomin\u00e9s 2024"],"inLanguage":"fr-FR"},{"@type":"WebPage","@id":"https:\/\/www.silvereco.org\/festival\/fr\/chu-de-nice-laboratoire-lapcos-cobtek\/","url":"https:\/\/www.silvereco.org\/festival\/fr\/chu-de-nice-laboratoire-lapcos-cobtek\/","name":"CHU de Nice, laboratoire LAPCOS, CobTek - Salon de la fili\u00e8re Silver \u00e9conomie et Assises Silver Eco Bien-Vieillir","isPartOf":{"@id":"https:\/\/www.silvereco.org\/festival\/fr\/#website"},"primaryImageOfPage":{"@id":"https:\/\/www.silvereco.org\/festival\/fr\/chu-de-nice-laboratoire-lapcos-cobtek\/#primaryimage"},"image":{"@id":"https:\/\/www.silvereco.org\/festival\/fr\/chu-de-nice-laboratoire-lapcos-cobtek\/#primaryimage"},"thumbnailUrl":"https:\/\/www.silvereco.org\/festival\/fr\/wp-content\/medias\/2024\/07\/logo-CHU-1024x536.png","datePublished":"2024-07-17T08:53:48+00:00","dateModified":"2026-01-22T13:26:43+00:00","breadcrumb":{"@id":"https:\/\/www.silvereco.org\/festival\/fr\/chu-de-nice-laboratoire-lapcos-cobtek\/#breadcrumb"},"inLanguage":"fr-FR","potentialAction":[{"@type":"ReadAction","target":["https:\/\/www.silvereco.org\/festival\/fr\/chu-de-nice-laboratoire-lapcos-cobtek\/"]}]},{"@type":"ImageObject","inLanguage":"fr-FR","@id":"https:\/\/www.silvereco.org\/festival\/fr\/chu-de-nice-laboratoire-lapcos-cobtek\/#primaryimage","url":"https:\/\/www.silvereco.org\/festival\/fr\/wp-content\/medias\/2024\/07\/logo-CHU.png","contentUrl":"https:\/\/www.silvereco.org\/festival\/fr\/wp-content\/medias\/2024\/07\/logo-CHU.png","width":1200,"height":628},{"@type":"BreadcrumbList","@id":"https:\/\/www.silvereco.org\/festival\/fr\/chu-de-nice-laboratoire-lapcos-cobtek\/#breadcrumb","itemListElement":[{"@type":"ListItem","position":1,"name":"Accueil","item":"https:\/\/www.silvereco.org\/festival\/fr\/"},{"@type":"ListItem","position":2,"name":"CHU de Nice, laboratoire LAPCOS, CobTek"}]},{"@type":"WebSite","@id":"https:\/\/www.silvereco.org\/festival\/fr\/#website","url":"https:\/\/www.silvereco.org\/festival\/fr\/","name":"Salon de la fili\u00e8re Silver \u00e9conomie et Assises Silver Eco","description":"International Silver Economy and Ageing Well Festival","publisher":{"@id":"https:\/\/www.silvereco.org\/festival\/fr\/#organization"},"potentialAction":[{"@type":"SearchAction","target":{"@type":"EntryPoint","urlTemplate":"https:\/\/www.silvereco.org\/festival\/fr\/?s={search_term_string}"},"query-input":{"@type":"PropertyValueSpecification","valueRequired":true,"valueName":"search_term_string"}}],"inLanguage":"fr-FR"},{"@type":"Organization","@id":"https:\/\/www.silvereco.org\/festival\/fr\/#organization","name":"International Silver Economy and Ageing Well Festival","url":"https:\/\/www.silvereco.org\/festival\/fr\/","logo":{"@type":"ImageObject","inLanguage":"fr-FR","@id":"https:\/\/www.silvereco.org\/festival\/fr\/#\/schema\/logo\/image\/","url":"https:\/\/www.silvereco.org\/festival\/fr\/wp-content\/medias\/2022\/12\/cropped-festival-silvereco-2020-2-300x93-1.png","contentUrl":"https:\/\/www.silvereco.org\/festival\/fr\/wp-content\/medias\/2022\/12\/cropped-festival-silvereco-2020-2-300x93-1.png","width":300,"height":93,"caption":"International Silver Economy and Ageing Well Festival"},"image":{"@id":"https:\/\/www.silvereco.org\/festival\/fr\/#\/schema\/logo\/image\/"}},{"@type":"Person","@id":"https:\/\/www.silvereco.org\/festival\/fr\/#\/schema\/person\/8d1bfb6e918fff2973189b38baebf8e3","name":"Silver Economy","image":{"@type":"ImageObject","inLanguage":"fr-FR","@id":"https:\/\/secure.gravatar.com\/avatar\/a1ee424dd82b8f00da838b078ac0b0e8f2881c8d75773dfb426a4bfac883b3f5?s=96&d=mm&r=g","url":"https:\/\/secure.gravatar.com\/avatar\/a1ee424dd82b8f00da838b078ac0b0e8f2881c8d75773dfb426a4bfac883b3f5?s=96&d=mm&r=g","contentUrl":"https:\/\/secure.gravatar.com\/avatar\/a1ee424dd82b8f00da838b078ac0b0e8f2881c8d75773dfb426a4bfac883b3f5?s=96&d=mm&r=g","caption":"Silver Economy"},"url":"https:\/\/www.silvereco.org\/festival\/fr\/author\/festredac26\/"}]}},"uagb_featured_image_src":{"full":false,"thumbnail":false,"medium":false,"medium_large":false,"large":false,"1536x1536":false,"2048x2048":false},"uagb_author_info":{"display_name":"Silver Economy","author_link":"https:\/\/www.silvereco.org\/festival\/fr\/author\/festredac26\/"},"uagb_comment_info":0,"uagb_excerpt":"CHU de Nice, laboratoire LAPCOS, CobTek Nomin\u00e9 dans la cat\u00e9gorie : Lutte contre l&#8217;isolement \/ Interg\u00e9n\u00e9rationnel Le r\u00e9sum\u00e9 du dossier de candidature : Part&#8217;Ages programme interg\u00e9n\u00e9rationnel entre deux populations fragiles Le programme PartAges est un projet de recherche innovant bas\u00e9 sur les approches interg\u00e9n\u00e9rationnelles et la th\u00e9orie de l&#8217;auto-d\u00e9termination. Des groupes de seniors isol\u00e9s et\u2026","_links":{"self":[{"href":"https:\/\/www.silvereco.org\/festival\/fr\/wp-json\/wp\/v2\/posts\/51483","targetHints":{"allow":["GET"]}}],"collection":[{"href":"https:\/\/www.silvereco.org\/festival\/fr\/wp-json\/wp\/v2\/posts"}],"about":[{"href":"https:\/\/www.silvereco.org\/festival\/fr\/wp-json\/wp\/v2\/types\/post"}],"author":[{"embeddable":true,"href":"https:\/\/www.silvereco.org\/festival\/fr\/wp-json\/wp\/v2\/users\/7"}],"replies":[{"embeddable":true,"href":"https:\/\/www.silvereco.org\/festival\/fr\/wp-json\/wp\/v2\/comments?post=51483"}],"version-history":[{"count":13,"href":"https:\/\/www.silvereco.org\/festival\/fr\/wp-json\/wp\/v2\/posts\/51483\/revisions"}],"predecessor-version":[{"id":84549,"href":"https:\/\/www.silvereco.org\/festival\/fr\/wp-json\/wp\/v2\/posts\/51483\/revisions\/84549"}],"wp:attachment":[{"href":"https:\/\/www.silvereco.org\/festival\/fr\/wp-json\/wp\/v2\/media?parent=51483"}],"wp:term":[{"taxonomy":"category","embeddable":true,"href":"https:\/\/www.silvereco.org\/festival\/fr\/wp-json\/wp\/v2\/categories?post=51483"},{"taxonomy":"post_tag","embeddable":true,"href":"https:\/\/www.silvereco.org\/festival\/fr\/wp-json\/wp\/v2\/tags?post=51483"}],"curies":[{"name":"wp","href":"https:\/\/api.w.org\/{rel}","templated":true}]}}