{"id":51344,"date":"2024-07-17T10:03:14","date_gmt":"2024-07-17T09:03:14","guid":{"rendered":"https:\/\/www.silvereco.org\/festival\/fr\/?p=51344"},"modified":"2026-01-22T14:26:43","modified_gmt":"2026-01-22T13:26:43","slug":"lifento","status":"publish","type":"post","link":"https:\/\/www.silvereco.org\/festival\/fr\/lifento\/","title":{"rendered":"Lifento"},"content":{"rendered":"\n<figure class=\"wp-block-image size-full is-resized\"><img loading=\"lazy\" decoding=\"async\" width=\"641\" height=\"183\" src=\"https:\/\/www.silvereco.org\/festival\/fr\/wp-content\/medias\/2024\/07\/lifento-logo-.png\" alt=\"\" class=\"wp-image-51750\" style=\"aspect-ratio:3.5027322404371586;width:461px;height:auto\" srcset=\"https:\/\/www.silvereco.org\/festival\/fr\/wp-content\/medias\/2024\/07\/lifento-logo-.png 641w, https:\/\/www.silvereco.org\/festival\/fr\/wp-content\/medias\/2024\/07\/lifento-logo--300x86.png 300w\" sizes=\"auto, (max-width: 641px) 100vw, 641px\" \/><\/figure>\n\n\n\n<h2 class=\"wp-block-heading\">Lifento<\/h2>\n\n\n\n<h2 class=\"wp-block-heading\">Nomin\u00e9 dans la cat\u00e9gorie :<\/h2>\n\n\n\n<h2 class=\"wp-block-heading has-ast-global-color-0-color has-text-color\"><strong>H\u00e9bergement Collectif<\/strong><\/h2>\n\n\n\n<hr class=\"wp-block-separator has-text-color has-ast-global-color-0-color has-alpha-channel-opacity has-ast-global-color-0-background-color has-background is-style-wide\"\/>\n\n\n\n<p><strong>Le r\u00e9sum\u00e9 du dossier de candidature :<\/strong><\/p>\n\n\n\n<h3 class=\"wp-block-heading\"><em>Lifento, Healthcare Real Estate<\/em><\/h3>\n\n\n\n<p>Lifento est une soci\u00e9t\u00e9 de gestion qui g\u00e8re pour le compte d\u2019investisseurs institutionnels des fonds d\u2019investissement immobiliers sp\u00e9cialis\u00e9s dans la sant\u00e9. A ce jour, la soci\u00e9t\u00e9 a r\u00e9alis\u00e9 plus de 390 M\u20ac d\u2019investissements en sant\u00e9 dans toute l\u2019Europe. Lifento met en place une politique d\u2019investissement immobilier \u00e9thique, responsable et engag\u00e9e en int\u00e9grant des crit\u00e8res ESG dans le processus de s\u00e9lection et par la gestion de sa fondation.<\/p>\n\n\n\n<p><a href=\"https:\/\/lifento.com\/\" target=\"_blank\" rel=\"noreferrer noopener\">www.lifento.com<\/a><\/p>\n\n\n\n<hr class=\"wp-block-separator has-text-color has-ast-global-color-0-color has-alpha-channel-opacity has-ast-global-color-0-background-color has-background is-style-wide\"\/>\n\n\n\n<h4 class=\"wp-block-heading\">Troph\u00e9es SilverEco<\/h4>\n\n\n\n<p><strong><a href=\"http:\/\/www.silvereco.org\/festival\/fr\/votez-pour-votre-candidat\/\">Je vote pour ce candidat !<\/a> <\/strong><\/p>\n\n\n\n<p><strong><a href=\"http:\/\/www.silvereco.org\/festival\/fr\/les-nomines\/\">Retour \u00e0 la liste des nomin\u00e9s<\/a><\/strong><\/p>\n","protected":false},"excerpt":{"rendered":"<p>Lifento Nomin\u00e9 dans la cat\u00e9gorie : H\u00e9bergement Collectif Le r\u00e9sum\u00e9 du dossier de candidature : Lifento, Healthcare Real Estate Lifento est une soci\u00e9t\u00e9 de gestion qui g\u00e8re pour le compte d\u2019investisseurs institutionnels des fonds d\u2019investissement immobiliers sp\u00e9cialis\u00e9s dans la sant\u00e9. A ce jour, la soci\u00e9t\u00e9 a r\u00e9alis\u00e9 plus de 390 M\u20ac d\u2019investissements en sant\u00e9 dans [&hellip;]<\/p>\n","protected":false},"author":7,"featured_media":0,"comment_status":"closed","ping_status":"closed","sticky":false,"template":"","format":"standard","meta":{"_uag_custom_page_level_css":"","site-sidebar-layout":"default","site-content-layout":"","ast-site-content-layout":"default","site-content-style":"default","site-sidebar-style":"default","ast-global-header-display":"","ast-banner-title-visibility":"","ast-main-header-display":"","ast-hfb-above-header-display":"","ast-hfb-below-header-display":"","ast-hfb-mobile-header-display":"","site-post-title":"","ast-breadcrumbs-content":"","ast-featured-img":"","footer-sml-layout":"","ast-disable-related-posts":"","theme-transparent-header-meta":"","adv-header-id-meta":"","stick-header-meta":"","header-above-stick-meta":"","header-main-stick-meta":"","header-below-stick-meta":"","astra-migrate-meta-layouts":"set","ast-page-background-enabled":"default","ast-page-background-meta":{"desktop":{"background-color":"var(--ast-global-color-4)","background-image":"","background-repeat":"repeat","background-position":"center center","background-size":"auto","background-attachment":"scroll","background-type":"","background-media":"","overlay-type":"","overlay-color":"","overlay-opacity":"","overlay-gradient":""},"tablet":{"background-color":"","background-image":"","background-repeat":"repeat","background-position":"center center","background-size":"auto","background-attachment":"scroll","background-type":"","background-media":"","overlay-type":"","overlay-color":"","overlay-opacity":"","overlay-gradient":""},"mobile":{"background-color":"","background-image":"","background-repeat":"repeat","background-position":"center center","background-size":"auto","background-attachment":"scroll","background-type":"","background-media":"","overlay-type":"","overlay-color":"","overlay-opacity":"","overlay-gradient":""}},"ast-content-background-meta":{"desktop":{"background-color":"var(--ast-global-color-5)","background-image":"","background-repeat":"repeat","background-position":"center center","background-size":"auto","background-attachment":"scroll","background-type":"","background-media":"","overlay-type":"","overlay-color":"","overlay-opacity":"","overlay-gradient":""},"tablet":{"background-color":"var(--ast-global-color-5)","background-image":"","background-repeat":"repeat","background-position":"center center","background-size":"auto","background-attachment":"scroll","background-type":"","background-media":"","overlay-type":"","overlay-color":"","overlay-opacity":"","overlay-gradient":""},"mobile":{"background-color":"var(--ast-global-color-5)","background-image":"","background-repeat":"repeat","background-position":"center center","background-size":"auto","background-attachment":"scroll","background-type":"","background-media":"","overlay-type":"","overlay-color":"","overlay-opacity":"","overlay-gradient":""}},"ngg_post_thumbnail":0,"footnotes":""},"categories":[136,134],"tags":[],"class_list":["post-51344","post","type-post","status-publish","format-standard","hentry","category-categorie-hebergement-collectif","category-nomines-2024"],"yoast_head":"<!-- This site is optimized with the Yoast SEO plugin v27.5 - https:\/\/yoast.com\/product\/yoast-seo-wordpress\/ -->\n<title>Lifento - Salon de la fili\u00e8re Silver \u00e9conomie et Assises Silver Eco Bien-Vieillir<\/title>\n<meta name=\"robots\" content=\"index, follow, max-snippet:-1, max-image-preview:large, max-video-preview:-1\" \/>\n<link rel=\"canonical\" href=\"https:\/\/www.silvereco.org\/festival\/fr\/lifento\/\" \/>\n<meta property=\"og:locale\" content=\"fr_FR\" \/>\n<meta property=\"og:type\" content=\"article\" \/>\n<meta property=\"og:title\" content=\"Lifento - Salon de la fili\u00e8re Silver \u00e9conomie et Assises Silver Eco Bien-Vieillir\" \/>\n<meta property=\"og:description\" content=\"Lifento Nomin\u00e9 dans la cat\u00e9gorie : H\u00e9bergement Collectif Le r\u00e9sum\u00e9 du dossier de candidature : Lifento, Healthcare Real Estate Lifento est une soci\u00e9t\u00e9 de gestion qui g\u00e8re pour le compte d\u2019investisseurs institutionnels des fonds d\u2019investissement immobiliers sp\u00e9cialis\u00e9s dans la sant\u00e9. A ce jour, la soci\u00e9t\u00e9 a r\u00e9alis\u00e9 plus de 390 M\u20ac d\u2019investissements en sant\u00e9 dans [&hellip;]\" \/>\n<meta property=\"og:url\" content=\"https:\/\/www.silvereco.org\/festival\/fr\/lifento\/\" \/>\n<meta property=\"og:site_name\" content=\"Salon de la fili\u00e8re Silver \u00e9conomie et Assises Silver Eco Bien-Vieillir\" \/>\n<meta property=\"article:published_time\" content=\"2024-07-17T09:03:14+00:00\" \/>\n<meta property=\"article:modified_time\" content=\"2026-01-22T13:26:43+00:00\" \/>\n<meta property=\"og:image\" content=\"https:\/\/www.silvereco.org\/festival\/fr\/wp-content\/medias\/2024\/07\/lifento-logo-.png\" \/>\n\t<meta property=\"og:image:width\" content=\"641\" \/>\n\t<meta property=\"og:image:height\" content=\"183\" \/>\n\t<meta property=\"og:image:type\" content=\"image\/png\" \/>\n<meta name=\"author\" content=\"Silver Economy\" \/>\n<meta name=\"twitter:card\" content=\"summary_large_image\" \/>\n<meta name=\"twitter:label1\" content=\"\u00c9crit par\" \/>\n\t<meta name=\"twitter:data1\" content=\"Silver Economy\" \/>\n\t<meta name=\"twitter:label2\" content=\"Dur\u00e9e de lecture estim\u00e9e\" \/>\n\t<meta name=\"twitter:data2\" content=\"1 minute\" \/>\n<script type=\"application\/ld+json\" class=\"yoast-schema-graph\">{\"@context\":\"https:\\\/\\\/schema.org\",\"@graph\":[{\"@type\":\"Article\",\"@id\":\"https:\\\/\\\/www.silvereco.org\\\/festival\\\/fr\\\/lifento\\\/#article\",\"isPartOf\":{\"@id\":\"https:\\\/\\\/www.silvereco.org\\\/festival\\\/fr\\\/lifento\\\/\"},\"author\":{\"name\":\"Silver Economy\",\"@id\":\"https:\\\/\\\/www.silvereco.org\\\/festival\\\/fr\\\/#\\\/schema\\\/person\\\/8d1bfb6e918fff2973189b38baebf8e3\"},\"headline\":\"Lifento\",\"datePublished\":\"2024-07-17T09:03:14+00:00\",\"dateModified\":\"2026-01-22T13:26:43+00:00\",\"mainEntityOfPage\":{\"@id\":\"https:\\\/\\\/www.silvereco.org\\\/festival\\\/fr\\\/lifento\\\/\"},\"wordCount\":119,\"publisher\":{\"@id\":\"https:\\\/\\\/www.silvereco.org\\\/festival\\\/fr\\\/#organization\"},\"image\":{\"@id\":\"https:\\\/\\\/www.silvereco.org\\\/festival\\\/fr\\\/lifento\\\/#primaryimage\"},\"thumbnailUrl\":\"https:\\\/\\\/www.silvereco.org\\\/festival\\\/fr\\\/wp-content\\\/medias\\\/2024\\\/07\\\/lifento-logo-.png\",\"articleSection\":[\"Cat\u00e9gorie H\u00e9bergement Collectif\",\"Nomin\u00e9s 2024\"],\"inLanguage\":\"fr-FR\"},{\"@type\":\"WebPage\",\"@id\":\"https:\\\/\\\/www.silvereco.org\\\/festival\\\/fr\\\/lifento\\\/\",\"url\":\"https:\\\/\\\/www.silvereco.org\\\/festival\\\/fr\\\/lifento\\\/\",\"name\":\"Lifento - Salon de la fili\u00e8re Silver \u00e9conomie et Assises Silver Eco Bien-Vieillir\",\"isPartOf\":{\"@id\":\"https:\\\/\\\/www.silvereco.org\\\/festival\\\/fr\\\/#website\"},\"primaryImageOfPage\":{\"@id\":\"https:\\\/\\\/www.silvereco.org\\\/festival\\\/fr\\\/lifento\\\/#primaryimage\"},\"image\":{\"@id\":\"https:\\\/\\\/www.silvereco.org\\\/festival\\\/fr\\\/lifento\\\/#primaryimage\"},\"thumbnailUrl\":\"https:\\\/\\\/www.silvereco.org\\\/festival\\\/fr\\\/wp-content\\\/medias\\\/2024\\\/07\\\/lifento-logo-.png\",\"datePublished\":\"2024-07-17T09:03:14+00:00\",\"dateModified\":\"2026-01-22T13:26:43+00:00\",\"breadcrumb\":{\"@id\":\"https:\\\/\\\/www.silvereco.org\\\/festival\\\/fr\\\/lifento\\\/#breadcrumb\"},\"inLanguage\":\"fr-FR\",\"potentialAction\":[{\"@type\":\"ReadAction\",\"target\":[\"https:\\\/\\\/www.silvereco.org\\\/festival\\\/fr\\\/lifento\\\/\"]}]},{\"@type\":\"ImageObject\",\"inLanguage\":\"fr-FR\",\"@id\":\"https:\\\/\\\/www.silvereco.org\\\/festival\\\/fr\\\/lifento\\\/#primaryimage\",\"url\":\"https:\\\/\\\/www.silvereco.org\\\/festival\\\/fr\\\/wp-content\\\/medias\\\/2024\\\/07\\\/lifento-logo-.png\",\"contentUrl\":\"https:\\\/\\\/www.silvereco.org\\\/festival\\\/fr\\\/wp-content\\\/medias\\\/2024\\\/07\\\/lifento-logo-.png\",\"width\":641,\"height\":183},{\"@type\":\"BreadcrumbList\",\"@id\":\"https:\\\/\\\/www.silvereco.org\\\/festival\\\/fr\\\/lifento\\\/#breadcrumb\",\"itemListElement\":[{\"@type\":\"ListItem\",\"position\":1,\"name\":\"Accueil\",\"item\":\"https:\\\/\\\/www.silvereco.org\\\/festival\\\/fr\\\/\"},{\"@type\":\"ListItem\",\"position\":2,\"name\":\"Lifento\"}]},{\"@type\":\"WebSite\",\"@id\":\"https:\\\/\\\/www.silvereco.org\\\/festival\\\/fr\\\/#website\",\"url\":\"https:\\\/\\\/www.silvereco.org\\\/festival\\\/fr\\\/\",\"name\":\"Salon de la fili\u00e8re Silver \u00e9conomie et Assises Silver Eco\",\"description\":\"International Silver Economy and Ageing Well Festival\",\"publisher\":{\"@id\":\"https:\\\/\\\/www.silvereco.org\\\/festival\\\/fr\\\/#organization\"},\"potentialAction\":[{\"@type\":\"SearchAction\",\"target\":{\"@type\":\"EntryPoint\",\"urlTemplate\":\"https:\\\/\\\/www.silvereco.org\\\/festival\\\/fr\\\/?s={search_term_string}\"},\"query-input\":{\"@type\":\"PropertyValueSpecification\",\"valueRequired\":true,\"valueName\":\"search_term_string\"}}],\"inLanguage\":\"fr-FR\"},{\"@type\":\"Organization\",\"@id\":\"https:\\\/\\\/www.silvereco.org\\\/festival\\\/fr\\\/#organization\",\"name\":\"International Silver Economy and Ageing Well Festival\",\"url\":\"https:\\\/\\\/www.silvereco.org\\\/festival\\\/fr\\\/\",\"logo\":{\"@type\":\"ImageObject\",\"inLanguage\":\"fr-FR\",\"@id\":\"https:\\\/\\\/www.silvereco.org\\\/festival\\\/fr\\\/#\\\/schema\\\/logo\\\/image\\\/\",\"url\":\"https:\\\/\\\/www.silvereco.org\\\/festival\\\/fr\\\/wp-content\\\/medias\\\/2022\\\/12\\\/cropped-festival-silvereco-2020-2-300x93-1.png\",\"contentUrl\":\"https:\\\/\\\/www.silvereco.org\\\/festival\\\/fr\\\/wp-content\\\/medias\\\/2022\\\/12\\\/cropped-festival-silvereco-2020-2-300x93-1.png\",\"width\":300,\"height\":93,\"caption\":\"International Silver Economy and Ageing Well Festival\"},\"image\":{\"@id\":\"https:\\\/\\\/www.silvereco.org\\\/festival\\\/fr\\\/#\\\/schema\\\/logo\\\/image\\\/\"}},{\"@type\":\"Person\",\"@id\":\"https:\\\/\\\/www.silvereco.org\\\/festival\\\/fr\\\/#\\\/schema\\\/person\\\/8d1bfb6e918fff2973189b38baebf8e3\",\"name\":\"Silver Economy\",\"image\":{\"@type\":\"ImageObject\",\"inLanguage\":\"fr-FR\",\"@id\":\"https:\\\/\\\/secure.gravatar.com\\\/avatar\\\/a1ee424dd82b8f00da838b078ac0b0e8f2881c8d75773dfb426a4bfac883b3f5?s=96&d=mm&r=g\",\"url\":\"https:\\\/\\\/secure.gravatar.com\\\/avatar\\\/a1ee424dd82b8f00da838b078ac0b0e8f2881c8d75773dfb426a4bfac883b3f5?s=96&d=mm&r=g\",\"contentUrl\":\"https:\\\/\\\/secure.gravatar.com\\\/avatar\\\/a1ee424dd82b8f00da838b078ac0b0e8f2881c8d75773dfb426a4bfac883b3f5?s=96&d=mm&r=g\",\"caption\":\"Silver Economy\"},\"url\":\"https:\\\/\\\/www.silvereco.org\\\/festival\\\/fr\\\/author\\\/festredac26\\\/\"}]}<\/script>\n<!-- \/ Yoast SEO plugin. -->","yoast_head_json":{"title":"Lifento - Salon de la fili\u00e8re Silver \u00e9conomie et Assises Silver Eco Bien-Vieillir","robots":{"index":"index","follow":"follow","max-snippet":"max-snippet:-1","max-image-preview":"max-image-preview:large","max-video-preview":"max-video-preview:-1"},"canonical":"https:\/\/www.silvereco.org\/festival\/fr\/lifento\/","og_locale":"fr_FR","og_type":"article","og_title":"Lifento - Salon de la fili\u00e8re Silver \u00e9conomie et Assises Silver Eco Bien-Vieillir","og_description":"Lifento Nomin\u00e9 dans la cat\u00e9gorie : H\u00e9bergement Collectif Le r\u00e9sum\u00e9 du dossier de candidature : Lifento, Healthcare Real Estate Lifento est une soci\u00e9t\u00e9 de gestion qui g\u00e8re pour le compte d\u2019investisseurs institutionnels des fonds d\u2019investissement immobiliers sp\u00e9cialis\u00e9s dans la sant\u00e9. A ce jour, la soci\u00e9t\u00e9 a r\u00e9alis\u00e9 plus de 390 M\u20ac d\u2019investissements en sant\u00e9 dans [&hellip;]","og_url":"https:\/\/www.silvereco.org\/festival\/fr\/lifento\/","og_site_name":"Salon de la fili\u00e8re Silver \u00e9conomie et Assises Silver Eco Bien-Vieillir","article_published_time":"2024-07-17T09:03:14+00:00","article_modified_time":"2026-01-22T13:26:43+00:00","og_image":[{"width":641,"height":183,"url":"https:\/\/www.silvereco.org\/festival\/fr\/wp-content\/medias\/2024\/07\/lifento-logo-.png","type":"image\/png"}],"author":"Silver Economy","twitter_card":"summary_large_image","twitter_misc":{"\u00c9crit par":"Silver Economy","Dur\u00e9e de lecture estim\u00e9e":"1 minute"},"schema":{"@context":"https:\/\/schema.org","@graph":[{"@type":"Article","@id":"https:\/\/www.silvereco.org\/festival\/fr\/lifento\/#article","isPartOf":{"@id":"https:\/\/www.silvereco.org\/festival\/fr\/lifento\/"},"author":{"name":"Silver Economy","@id":"https:\/\/www.silvereco.org\/festival\/fr\/#\/schema\/person\/8d1bfb6e918fff2973189b38baebf8e3"},"headline":"Lifento","datePublished":"2024-07-17T09:03:14+00:00","dateModified":"2026-01-22T13:26:43+00:00","mainEntityOfPage":{"@id":"https:\/\/www.silvereco.org\/festival\/fr\/lifento\/"},"wordCount":119,"publisher":{"@id":"https:\/\/www.silvereco.org\/festival\/fr\/#organization"},"image":{"@id":"https:\/\/www.silvereco.org\/festival\/fr\/lifento\/#primaryimage"},"thumbnailUrl":"https:\/\/www.silvereco.org\/festival\/fr\/wp-content\/medias\/2024\/07\/lifento-logo-.png","articleSection":["Cat\u00e9gorie H\u00e9bergement Collectif","Nomin\u00e9s 2024"],"inLanguage":"fr-FR"},{"@type":"WebPage","@id":"https:\/\/www.silvereco.org\/festival\/fr\/lifento\/","url":"https:\/\/www.silvereco.org\/festival\/fr\/lifento\/","name":"Lifento - Salon de la fili\u00e8re Silver \u00e9conomie et Assises Silver Eco Bien-Vieillir","isPartOf":{"@id":"https:\/\/www.silvereco.org\/festival\/fr\/#website"},"primaryImageOfPage":{"@id":"https:\/\/www.silvereco.org\/festival\/fr\/lifento\/#primaryimage"},"image":{"@id":"https:\/\/www.silvereco.org\/festival\/fr\/lifento\/#primaryimage"},"thumbnailUrl":"https:\/\/www.silvereco.org\/festival\/fr\/wp-content\/medias\/2024\/07\/lifento-logo-.png","datePublished":"2024-07-17T09:03:14+00:00","dateModified":"2026-01-22T13:26:43+00:00","breadcrumb":{"@id":"https:\/\/www.silvereco.org\/festival\/fr\/lifento\/#breadcrumb"},"inLanguage":"fr-FR","potentialAction":[{"@type":"ReadAction","target":["https:\/\/www.silvereco.org\/festival\/fr\/lifento\/"]}]},{"@type":"ImageObject","inLanguage":"fr-FR","@id":"https:\/\/www.silvereco.org\/festival\/fr\/lifento\/#primaryimage","url":"https:\/\/www.silvereco.org\/festival\/fr\/wp-content\/medias\/2024\/07\/lifento-logo-.png","contentUrl":"https:\/\/www.silvereco.org\/festival\/fr\/wp-content\/medias\/2024\/07\/lifento-logo-.png","width":641,"height":183},{"@type":"BreadcrumbList","@id":"https:\/\/www.silvereco.org\/festival\/fr\/lifento\/#breadcrumb","itemListElement":[{"@type":"ListItem","position":1,"name":"Accueil","item":"https:\/\/www.silvereco.org\/festival\/fr\/"},{"@type":"ListItem","position":2,"name":"Lifento"}]},{"@type":"WebSite","@id":"https:\/\/www.silvereco.org\/festival\/fr\/#website","url":"https:\/\/www.silvereco.org\/festival\/fr\/","name":"Salon de la fili\u00e8re Silver \u00e9conomie et Assises Silver Eco","description":"International Silver Economy and Ageing Well Festival","publisher":{"@id":"https:\/\/www.silvereco.org\/festival\/fr\/#organization"},"potentialAction":[{"@type":"SearchAction","target":{"@type":"EntryPoint","urlTemplate":"https:\/\/www.silvereco.org\/festival\/fr\/?s={search_term_string}"},"query-input":{"@type":"PropertyValueSpecification","valueRequired":true,"valueName":"search_term_string"}}],"inLanguage":"fr-FR"},{"@type":"Organization","@id":"https:\/\/www.silvereco.org\/festival\/fr\/#organization","name":"International Silver Economy and Ageing Well Festival","url":"https:\/\/www.silvereco.org\/festival\/fr\/","logo":{"@type":"ImageObject","inLanguage":"fr-FR","@id":"https:\/\/www.silvereco.org\/festival\/fr\/#\/schema\/logo\/image\/","url":"https:\/\/www.silvereco.org\/festival\/fr\/wp-content\/medias\/2022\/12\/cropped-festival-silvereco-2020-2-300x93-1.png","contentUrl":"https:\/\/www.silvereco.org\/festival\/fr\/wp-content\/medias\/2022\/12\/cropped-festival-silvereco-2020-2-300x93-1.png","width":300,"height":93,"caption":"International Silver Economy and Ageing Well Festival"},"image":{"@id":"https:\/\/www.silvereco.org\/festival\/fr\/#\/schema\/logo\/image\/"}},{"@type":"Person","@id":"https:\/\/www.silvereco.org\/festival\/fr\/#\/schema\/person\/8d1bfb6e918fff2973189b38baebf8e3","name":"Silver Economy","image":{"@type":"ImageObject","inLanguage":"fr-FR","@id":"https:\/\/secure.gravatar.com\/avatar\/a1ee424dd82b8f00da838b078ac0b0e8f2881c8d75773dfb426a4bfac883b3f5?s=96&d=mm&r=g","url":"https:\/\/secure.gravatar.com\/avatar\/a1ee424dd82b8f00da838b078ac0b0e8f2881c8d75773dfb426a4bfac883b3f5?s=96&d=mm&r=g","contentUrl":"https:\/\/secure.gravatar.com\/avatar\/a1ee424dd82b8f00da838b078ac0b0e8f2881c8d75773dfb426a4bfac883b3f5?s=96&d=mm&r=g","caption":"Silver Economy"},"url":"https:\/\/www.silvereco.org\/festival\/fr\/author\/festredac26\/"}]}},"uagb_featured_image_src":{"full":false,"thumbnail":false,"medium":false,"medium_large":false,"large":false,"1536x1536":false,"2048x2048":false},"uagb_author_info":{"display_name":"Silver Economy","author_link":"https:\/\/www.silvereco.org\/festival\/fr\/author\/festredac26\/"},"uagb_comment_info":0,"uagb_excerpt":"Lifento Nomin\u00e9 dans la cat\u00e9gorie : H\u00e9bergement Collectif Le r\u00e9sum\u00e9 du dossier de candidature : Lifento, Healthcare Real Estate Lifento est une soci\u00e9t\u00e9 de gestion qui g\u00e8re pour le compte d\u2019investisseurs institutionnels des fonds d\u2019investissement immobiliers sp\u00e9cialis\u00e9s dans la sant\u00e9. A ce jour, la soci\u00e9t\u00e9 a r\u00e9alis\u00e9 plus de 390 M\u20ac d\u2019investissements en sant\u00e9 dans\u2026","_links":{"self":[{"href":"https:\/\/www.silvereco.org\/festival\/fr\/wp-json\/wp\/v2\/posts\/51344","targetHints":{"allow":["GET"]}}],"collection":[{"href":"https:\/\/www.silvereco.org\/festival\/fr\/wp-json\/wp\/v2\/posts"}],"about":[{"href":"https:\/\/www.silvereco.org\/festival\/fr\/wp-json\/wp\/v2\/types\/post"}],"author":[{"embeddable":true,"href":"https:\/\/www.silvereco.org\/festival\/fr\/wp-json\/wp\/v2\/users\/7"}],"replies":[{"embeddable":true,"href":"https:\/\/www.silvereco.org\/festival\/fr\/wp-json\/wp\/v2\/comments?post=51344"}],"version-history":[{"count":5,"href":"https:\/\/www.silvereco.org\/festival\/fr\/wp-json\/wp\/v2\/posts\/51344\/revisions"}],"predecessor-version":[{"id":84546,"href":"https:\/\/www.silvereco.org\/festival\/fr\/wp-json\/wp\/v2\/posts\/51344\/revisions\/84546"}],"wp:attachment":[{"href":"https:\/\/www.silvereco.org\/festival\/fr\/wp-json\/wp\/v2\/media?parent=51344"}],"wp:term":[{"taxonomy":"category","embeddable":true,"href":"https:\/\/www.silvereco.org\/festival\/fr\/wp-json\/wp\/v2\/categories?post=51344"},{"taxonomy":"post_tag","embeddable":true,"href":"https:\/\/www.silvereco.org\/festival\/fr\/wp-json\/wp\/v2\/tags?post=51344"}],"curies":[{"name":"wp","href":"https:\/\/api.w.org\/{rel}","templated":true}]}}