{"id":28065,"date":"2023-07-11T10:37:41","date_gmt":"2023-07-11T09:37:41","guid":{"rendered":"https:\/\/www.silvereco.org\/festival\/fr\/?p=28065"},"modified":"2026-01-22T14:27:12","modified_gmt":"2026-01-22T13:27:12","slug":"trayvisor","status":"publish","type":"post","link":"https:\/\/www.silvereco.org\/festival\/fr\/trayvisor\/","title":{"rendered":"Trayvisor"},"content":{"rendered":"\n<figure class=\"wp-block-image size-large is-resized\"><img loading=\"lazy\" decoding=\"async\" src=\"https:\/\/www.silvereco.org\/festival\/fr\/wp-content\/medias\/2023\/07\/TRAYVISOR_LOGOTYPE_RVB_TRAYVISOR_COULEURS-1-1024x1024.png\" alt=\"\" class=\"wp-image-28133\" width=\"266\" height=\"266\" srcset=\"https:\/\/www.silvereco.org\/festival\/fr\/wp-content\/medias\/2023\/07\/TRAYVISOR_LOGOTYPE_RVB_TRAYVISOR_COULEURS-1-1024x1024.png 1024w, https:\/\/www.silvereco.org\/festival\/fr\/wp-content\/medias\/2023\/07\/TRAYVISOR_LOGOTYPE_RVB_TRAYVISOR_COULEURS-1-300x300.png 300w, https:\/\/www.silvereco.org\/festival\/fr\/wp-content\/medias\/2023\/07\/TRAYVISOR_LOGOTYPE_RVB_TRAYVISOR_COULEURS-1-150x150.png 150w, https:\/\/www.silvereco.org\/festival\/fr\/wp-content\/medias\/2023\/07\/TRAYVISOR_LOGOTYPE_RVB_TRAYVISOR_COULEURS-1-768x768.png 768w, https:\/\/www.silvereco.org\/festival\/fr\/wp-content\/medias\/2023\/07\/TRAYVISOR_LOGOTYPE_RVB_TRAYVISOR_COULEURS-1.png 1182w\" sizes=\"auto, (max-width: 266px) 100vw, 266px\" \/><\/figure>\n\n\n\n<h2 class=\"wp-block-heading\">Trayvisor<\/h2>\n\n\n\n<h2 class=\"wp-block-heading\">Nomin\u00e9 dans la cat\u00e9gorie :<\/h2>\n\n\n\n<h2 class=\"wp-block-heading has-ast-global-color-0-color has-text-color\"><strong>Nutrition<\/strong><\/h2>\n\n\n\n<hr class=\"wp-block-separator has-text-color has-ast-global-color-0-color has-alpha-channel-opacity has-ast-global-color-0-background-color has-background is-style-wide\"\/>\n\n\n\n<p><strong>Le r\u00e9sum\u00e9 du dossier de candidature :<\/strong><\/p>\n\n\n\n<h3 class=\"wp-block-heading\"><em>Intelligence artificielle au service de la sant\u00e9 et du gaspillage alimentaire<\/em><\/h3>\n\n\n\n<p>La solution Foodintech permet d&#8217;automatiser et de fiabiliser le relev\u00e9 de la prise alimentaire des patients et r\u00e9sidents, autrement appel\u00e9 ingesta, en prenant une photo du plateau repas avant et apr\u00e8s le service pour mesurer la portion consomm\u00e9e de chaque plat puisque ce qui ne sera pas consomm\u00e9 sera jet\u00e9, l&#8217;autre int\u00e9r\u00eat du syst\u00e8me Foodintech est de fournir aux responsables hospitaliers des donn\u00e9es pr\u00e9cises pour lutter contre le gaspillage des aliments servis. Des outils de suivi de l&#8217;analyse nutritionnelle de l&#8217;ingesta et du gaspillage alimentaire sont alors \u00e0 disposition des soignants et administrateurs de l&#8217;h\u00f4pital ou l&#8217;EHPAD, via une application permettant notamment de surveiller le risque de d\u00e9nutrition selon le profil des patients en alertant \u00e0 l&#8217;avance les di\u00e9t\u00e9ticien.ne.s. L&#8217;objectif \u00e9tant une meilleure prise en charge nutritionnelle en adaptant les repas, les quantit\u00e9s servies ou en enrichissant les aliments selon les besoins des patients d\u00e9nutris.<\/p>\n\n\n\n<p><a href=\"http:\/\/www.foodin.tech\">www.foodin.tech<\/a><\/p>\n\n\n\n<hr class=\"wp-block-separator has-text-color has-ast-global-color-0-color has-alpha-channel-opacity has-ast-global-color-0-background-color has-background is-style-wide\"\/>\n\n\n\n<h4 class=\"wp-block-heading\">Troph\u00e9es SilverEco<\/h4>\n\n\n\n<p><strong><a href=\"http:\/\/www.silvereco.org\/festival\/fr\/votez-pour-votre-candidat\/\">Je vote pour ce candidat !<\/a> <\/strong><\/p>\n\n\n\n<p><strong><a href=\"http:\/\/www.silvereco.org\/festival\/fr\/les-nomines\/\">Retour \u00e0 la liste des nomin\u00e9s<\/a><\/strong><\/p>\n","protected":false},"excerpt":{"rendered":"<p>Trayvisor Nomin\u00e9 dans la cat\u00e9gorie : Nutrition Le r\u00e9sum\u00e9 du dossier de candidature : Intelligence artificielle au service de la sant\u00e9 et du gaspillage alimentaire La solution Foodintech permet d&#8217;automatiser et de fiabiliser le relev\u00e9 de la prise alimentaire des patients et r\u00e9sidents, autrement appel\u00e9 ingesta, en prenant une photo du plateau repas avant et [&hellip;]<\/p>\n","protected":false},"author":7,"featured_media":0,"comment_status":"closed","ping_status":"closed","sticky":false,"template":"","format":"standard","meta":{"_uag_custom_page_level_css":"","site-sidebar-layout":"default","site-content-layout":"","ast-site-content-layout":"default","site-content-style":"default","site-sidebar-style":"default","ast-global-header-display":"","ast-banner-title-visibility":"","ast-main-header-display":"","ast-hfb-above-header-display":"","ast-hfb-below-header-display":"","ast-hfb-mobile-header-display":"","site-post-title":"","ast-breadcrumbs-content":"","ast-featured-img":"","footer-sml-layout":"","ast-disable-related-posts":"","theme-transparent-header-meta":"","adv-header-id-meta":"","stick-header-meta":"","header-above-stick-meta":"","header-main-stick-meta":"","header-below-stick-meta":"","astra-migrate-meta-layouts":"default","ast-page-background-enabled":"default","ast-page-background-meta":{"desktop":{"background-color":"var(--ast-global-color-4)","background-image":"","background-repeat":"repeat","background-position":"center center","background-size":"auto","background-attachment":"scroll","background-type":"","background-media":"","overlay-type":"","overlay-color":"","overlay-opacity":"","overlay-gradient":""},"tablet":{"background-color":"","background-image":"","background-repeat":"repeat","background-position":"center center","background-size":"auto","background-attachment":"scroll","background-type":"","background-media":"","overlay-type":"","overlay-color":"","overlay-opacity":"","overlay-gradient":""},"mobile":{"background-color":"","background-image":"","background-repeat":"repeat","background-position":"center center","background-size":"auto","background-attachment":"scroll","background-type":"","background-media":"","overlay-type":"","overlay-color":"","overlay-opacity":"","overlay-gradient":""}},"ast-content-background-meta":{"desktop":{"background-color":"var(--ast-global-color-5)","background-image":"","background-repeat":"repeat","background-position":"center center","background-size":"auto","background-attachment":"scroll","background-type":"","background-media":"","overlay-type":"","overlay-color":"","overlay-opacity":"","overlay-gradient":""},"tablet":{"background-color":"var(--ast-global-color-5)","background-image":"","background-repeat":"repeat","background-position":"center center","background-size":"auto","background-attachment":"scroll","background-type":"","background-media":"","overlay-type":"","overlay-color":"","overlay-opacity":"","overlay-gradient":""},"mobile":{"background-color":"var(--ast-global-color-5)","background-image":"","background-repeat":"repeat","background-position":"center center","background-size":"auto","background-attachment":"scroll","background-type":"","background-media":"","overlay-type":"","overlay-color":"","overlay-opacity":"","overlay-gradient":""}},"ngg_post_thumbnail":0,"footnotes":""},"categories":[22,121,46],"tags":[],"class_list":["post-28065","post","type-post","status-publish","format-standard","hentry","category-nomines","category-nomines-2023","category-nutrition"],"yoast_head":"<!-- This site is optimized with the Yoast SEO plugin v27.2 - https:\/\/yoast.com\/product\/yoast-seo-wordpress\/ -->\n<title>Trayvisor - Salon de la fili\u00e8re Silver \u00e9conomie et Assises Silver Eco Bien-Vieillir<\/title>\n<meta name=\"robots\" content=\"index, follow, max-snippet:-1, max-image-preview:large, max-video-preview:-1\" \/>\n<link rel=\"canonical\" href=\"https:\/\/www.silvereco.org\/festival\/fr\/trayvisor\/\" \/>\n<meta property=\"og:locale\" content=\"fr_FR\" \/>\n<meta property=\"og:type\" content=\"article\" \/>\n<meta property=\"og:title\" content=\"Trayvisor - Salon de la fili\u00e8re Silver \u00e9conomie et Assises Silver Eco Bien-Vieillir\" \/>\n<meta property=\"og:description\" content=\"Trayvisor Nomin\u00e9 dans la cat\u00e9gorie : Nutrition Le r\u00e9sum\u00e9 du dossier de candidature : Intelligence artificielle au service de la sant\u00e9 et du gaspillage alimentaire La solution Foodintech permet d&#8217;automatiser et de fiabiliser le relev\u00e9 de la prise alimentaire des patients et r\u00e9sidents, autrement appel\u00e9 ingesta, en prenant une photo du plateau repas avant et [&hellip;]\" \/>\n<meta property=\"og:url\" content=\"https:\/\/www.silvereco.org\/festival\/fr\/trayvisor\/\" \/>\n<meta property=\"og:site_name\" content=\"Salon de la fili\u00e8re Silver \u00e9conomie et Assises Silver Eco Bien-Vieillir\" \/>\n<meta property=\"article:published_time\" content=\"2023-07-11T09:37:41+00:00\" \/>\n<meta property=\"article:modified_time\" content=\"2026-01-22T13:27:12+00:00\" \/>\n<meta property=\"og:image\" content=\"https:\/\/www.silvereco.org\/festival\/fr\/wp-content\/medias\/2023\/07\/TRAYVISOR_LOGOTYPE_RVB_TRAYVISOR_COULEURS-1.png\" \/>\n\t<meta property=\"og:image:width\" content=\"1182\" \/>\n\t<meta property=\"og:image:height\" content=\"1182\" \/>\n\t<meta property=\"og:image:type\" content=\"image\/png\" \/>\n<meta name=\"author\" content=\"Silver Economy\" \/>\n<meta name=\"twitter:card\" content=\"summary_large_image\" \/>\n<meta name=\"twitter:label1\" content=\"\u00c9crit par\" \/>\n\t<meta name=\"twitter:data1\" content=\"Silver Economy\" \/>\n\t<meta name=\"twitter:label2\" content=\"Dur\u00e9e de lecture estim\u00e9e\" \/>\n\t<meta name=\"twitter:data2\" content=\"2 minutes\" \/>\n<script type=\"application\/ld+json\" class=\"yoast-schema-graph\">{\"@context\":\"https:\/\/schema.org\",\"@graph\":[{\"@type\":\"Article\",\"@id\":\"https:\/\/www.silvereco.org\/festival\/fr\/trayvisor\/#article\",\"isPartOf\":{\"@id\":\"https:\/\/www.silvereco.org\/festival\/fr\/trayvisor\/\"},\"author\":{\"name\":\"Silver Economy\",\"@id\":\"https:\/\/www.silvereco.org\/festival\/fr\/#\/schema\/person\/8d1bfb6e918fff2973189b38baebf8e3\"},\"headline\":\"Trayvisor\",\"datePublished\":\"2023-07-11T09:37:41+00:00\",\"dateModified\":\"2026-01-22T13:27:12+00:00\",\"mainEntityOfPage\":{\"@id\":\"https:\/\/www.silvereco.org\/festival\/fr\/trayvisor\/\"},\"wordCount\":210,\"publisher\":{\"@id\":\"https:\/\/www.silvereco.org\/festival\/fr\/#organization\"},\"image\":{\"@id\":\"https:\/\/www.silvereco.org\/festival\/fr\/trayvisor\/#primaryimage\"},\"thumbnailUrl\":\"https:\/\/www.silvereco.org\/festival\/fr\/wp-content\/medias\/2023\/07\/TRAYVISOR_LOGOTYPE_RVB_TRAYVISOR_COULEURS-1-1024x1024.png\",\"articleSection\":[\"Nomin\u00e9s\",\"Nomin\u00e9s 2023\",\"Nutrition\"],\"inLanguage\":\"fr-FR\"},{\"@type\":\"WebPage\",\"@id\":\"https:\/\/www.silvereco.org\/festival\/fr\/trayvisor\/\",\"url\":\"https:\/\/www.silvereco.org\/festival\/fr\/trayvisor\/\",\"name\":\"Trayvisor - Salon de la fili\u00e8re Silver \u00e9conomie et Assises Silver Eco Bien-Vieillir\",\"isPartOf\":{\"@id\":\"https:\/\/www.silvereco.org\/festival\/fr\/#website\"},\"primaryImageOfPage\":{\"@id\":\"https:\/\/www.silvereco.org\/festival\/fr\/trayvisor\/#primaryimage\"},\"image\":{\"@id\":\"https:\/\/www.silvereco.org\/festival\/fr\/trayvisor\/#primaryimage\"},\"thumbnailUrl\":\"https:\/\/www.silvereco.org\/festival\/fr\/wp-content\/medias\/2023\/07\/TRAYVISOR_LOGOTYPE_RVB_TRAYVISOR_COULEURS-1-1024x1024.png\",\"datePublished\":\"2023-07-11T09:37:41+00:00\",\"dateModified\":\"2026-01-22T13:27:12+00:00\",\"breadcrumb\":{\"@id\":\"https:\/\/www.silvereco.org\/festival\/fr\/trayvisor\/#breadcrumb\"},\"inLanguage\":\"fr-FR\",\"potentialAction\":[{\"@type\":\"ReadAction\",\"target\":[\"https:\/\/www.silvereco.org\/festival\/fr\/trayvisor\/\"]}]},{\"@type\":\"ImageObject\",\"inLanguage\":\"fr-FR\",\"@id\":\"https:\/\/www.silvereco.org\/festival\/fr\/trayvisor\/#primaryimage\",\"url\":\"https:\/\/www.silvereco.org\/festival\/fr\/wp-content\/medias\/2023\/07\/TRAYVISOR_LOGOTYPE_RVB_TRAYVISOR_COULEURS-1.png\",\"contentUrl\":\"https:\/\/www.silvereco.org\/festival\/fr\/wp-content\/medias\/2023\/07\/TRAYVISOR_LOGOTYPE_RVB_TRAYVISOR_COULEURS-1.png\",\"width\":1182,\"height\":1182},{\"@type\":\"BreadcrumbList\",\"@id\":\"https:\/\/www.silvereco.org\/festival\/fr\/trayvisor\/#breadcrumb\",\"itemListElement\":[{\"@type\":\"ListItem\",\"position\":1,\"name\":\"Accueil\",\"item\":\"https:\/\/www.silvereco.org\/festival\/fr\/\"},{\"@type\":\"ListItem\",\"position\":2,\"name\":\"Trayvisor\"}]},{\"@type\":\"WebSite\",\"@id\":\"https:\/\/www.silvereco.org\/festival\/fr\/#website\",\"url\":\"https:\/\/www.silvereco.org\/festival\/fr\/\",\"name\":\"Salon de la fili\u00e8re Silver \u00e9conomie et Assises Silver Eco\",\"description\":\"International Silver Economy and Ageing Well Festival\",\"publisher\":{\"@id\":\"https:\/\/www.silvereco.org\/festival\/fr\/#organization\"},\"potentialAction\":[{\"@type\":\"SearchAction\",\"target\":{\"@type\":\"EntryPoint\",\"urlTemplate\":\"https:\/\/www.silvereco.org\/festival\/fr\/?s={search_term_string}\"},\"query-input\":{\"@type\":\"PropertyValueSpecification\",\"valueRequired\":true,\"valueName\":\"search_term_string\"}}],\"inLanguage\":\"fr-FR\"},{\"@type\":\"Organization\",\"@id\":\"https:\/\/www.silvereco.org\/festival\/fr\/#organization\",\"name\":\"International Silver Economy and Ageing Well Festival\",\"url\":\"https:\/\/www.silvereco.org\/festival\/fr\/\",\"logo\":{\"@type\":\"ImageObject\",\"inLanguage\":\"fr-FR\",\"@id\":\"https:\/\/www.silvereco.org\/festival\/fr\/#\/schema\/logo\/image\/\",\"url\":\"https:\/\/www.silvereco.org\/festival\/fr\/wp-content\/medias\/2022\/12\/cropped-festival-silvereco-2020-2-300x93-1.png\",\"contentUrl\":\"https:\/\/www.silvereco.org\/festival\/fr\/wp-content\/medias\/2022\/12\/cropped-festival-silvereco-2020-2-300x93-1.png\",\"width\":300,\"height\":93,\"caption\":\"International Silver Economy and Ageing Well Festival\"},\"image\":{\"@id\":\"https:\/\/www.silvereco.org\/festival\/fr\/#\/schema\/logo\/image\/\"}},{\"@type\":\"Person\",\"@id\":\"https:\/\/www.silvereco.org\/festival\/fr\/#\/schema\/person\/8d1bfb6e918fff2973189b38baebf8e3\",\"name\":\"Silver Economy\",\"image\":{\"@type\":\"ImageObject\",\"inLanguage\":\"fr-FR\",\"@id\":\"https:\/\/secure.gravatar.com\/avatar\/a1ee424dd82b8f00da838b078ac0b0e8f2881c8d75773dfb426a4bfac883b3f5?s=96&d=mm&r=g\",\"url\":\"https:\/\/secure.gravatar.com\/avatar\/a1ee424dd82b8f00da838b078ac0b0e8f2881c8d75773dfb426a4bfac883b3f5?s=96&d=mm&r=g\",\"contentUrl\":\"https:\/\/secure.gravatar.com\/avatar\/a1ee424dd82b8f00da838b078ac0b0e8f2881c8d75773dfb426a4bfac883b3f5?s=96&d=mm&r=g\",\"caption\":\"Silver Economy\"},\"url\":\"https:\/\/www.silvereco.org\/festival\/fr\/author\/festredac26\/\"}]}<\/script>\n<!-- \/ Yoast SEO plugin. -->","yoast_head_json":{"title":"Trayvisor - Salon de la fili\u00e8re Silver \u00e9conomie et Assises Silver Eco Bien-Vieillir","robots":{"index":"index","follow":"follow","max-snippet":"max-snippet:-1","max-image-preview":"max-image-preview:large","max-video-preview":"max-video-preview:-1"},"canonical":"https:\/\/www.silvereco.org\/festival\/fr\/trayvisor\/","og_locale":"fr_FR","og_type":"article","og_title":"Trayvisor - Salon de la fili\u00e8re Silver \u00e9conomie et Assises Silver Eco Bien-Vieillir","og_description":"Trayvisor Nomin\u00e9 dans la cat\u00e9gorie : Nutrition Le r\u00e9sum\u00e9 du dossier de candidature : Intelligence artificielle au service de la sant\u00e9 et du gaspillage alimentaire La solution Foodintech permet d&#8217;automatiser et de fiabiliser le relev\u00e9 de la prise alimentaire des patients et r\u00e9sidents, autrement appel\u00e9 ingesta, en prenant une photo du plateau repas avant et [&hellip;]","og_url":"https:\/\/www.silvereco.org\/festival\/fr\/trayvisor\/","og_site_name":"Salon de la fili\u00e8re Silver \u00e9conomie et Assises Silver Eco Bien-Vieillir","article_published_time":"2023-07-11T09:37:41+00:00","article_modified_time":"2026-01-22T13:27:12+00:00","og_image":[{"width":1182,"height":1182,"url":"https:\/\/www.silvereco.org\/festival\/fr\/wp-content\/medias\/2023\/07\/TRAYVISOR_LOGOTYPE_RVB_TRAYVISOR_COULEURS-1.png","type":"image\/png"}],"author":"Silver Economy","twitter_card":"summary_large_image","twitter_misc":{"\u00c9crit par":"Silver Economy","Dur\u00e9e de lecture estim\u00e9e":"2 minutes"},"schema":{"@context":"https:\/\/schema.org","@graph":[{"@type":"Article","@id":"https:\/\/www.silvereco.org\/festival\/fr\/trayvisor\/#article","isPartOf":{"@id":"https:\/\/www.silvereco.org\/festival\/fr\/trayvisor\/"},"author":{"name":"Silver Economy","@id":"https:\/\/www.silvereco.org\/festival\/fr\/#\/schema\/person\/8d1bfb6e918fff2973189b38baebf8e3"},"headline":"Trayvisor","datePublished":"2023-07-11T09:37:41+00:00","dateModified":"2026-01-22T13:27:12+00:00","mainEntityOfPage":{"@id":"https:\/\/www.silvereco.org\/festival\/fr\/trayvisor\/"},"wordCount":210,"publisher":{"@id":"https:\/\/www.silvereco.org\/festival\/fr\/#organization"},"image":{"@id":"https:\/\/www.silvereco.org\/festival\/fr\/trayvisor\/#primaryimage"},"thumbnailUrl":"https:\/\/www.silvereco.org\/festival\/fr\/wp-content\/medias\/2023\/07\/TRAYVISOR_LOGOTYPE_RVB_TRAYVISOR_COULEURS-1-1024x1024.png","articleSection":["Nomin\u00e9s","Nomin\u00e9s 2023","Nutrition"],"inLanguage":"fr-FR"},{"@type":"WebPage","@id":"https:\/\/www.silvereco.org\/festival\/fr\/trayvisor\/","url":"https:\/\/www.silvereco.org\/festival\/fr\/trayvisor\/","name":"Trayvisor - Salon de la fili\u00e8re Silver \u00e9conomie et Assises Silver Eco Bien-Vieillir","isPartOf":{"@id":"https:\/\/www.silvereco.org\/festival\/fr\/#website"},"primaryImageOfPage":{"@id":"https:\/\/www.silvereco.org\/festival\/fr\/trayvisor\/#primaryimage"},"image":{"@id":"https:\/\/www.silvereco.org\/festival\/fr\/trayvisor\/#primaryimage"},"thumbnailUrl":"https:\/\/www.silvereco.org\/festival\/fr\/wp-content\/medias\/2023\/07\/TRAYVISOR_LOGOTYPE_RVB_TRAYVISOR_COULEURS-1-1024x1024.png","datePublished":"2023-07-11T09:37:41+00:00","dateModified":"2026-01-22T13:27:12+00:00","breadcrumb":{"@id":"https:\/\/www.silvereco.org\/festival\/fr\/trayvisor\/#breadcrumb"},"inLanguage":"fr-FR","potentialAction":[{"@type":"ReadAction","target":["https:\/\/www.silvereco.org\/festival\/fr\/trayvisor\/"]}]},{"@type":"ImageObject","inLanguage":"fr-FR","@id":"https:\/\/www.silvereco.org\/festival\/fr\/trayvisor\/#primaryimage","url":"https:\/\/www.silvereco.org\/festival\/fr\/wp-content\/medias\/2023\/07\/TRAYVISOR_LOGOTYPE_RVB_TRAYVISOR_COULEURS-1.png","contentUrl":"https:\/\/www.silvereco.org\/festival\/fr\/wp-content\/medias\/2023\/07\/TRAYVISOR_LOGOTYPE_RVB_TRAYVISOR_COULEURS-1.png","width":1182,"height":1182},{"@type":"BreadcrumbList","@id":"https:\/\/www.silvereco.org\/festival\/fr\/trayvisor\/#breadcrumb","itemListElement":[{"@type":"ListItem","position":1,"name":"Accueil","item":"https:\/\/www.silvereco.org\/festival\/fr\/"},{"@type":"ListItem","position":2,"name":"Trayvisor"}]},{"@type":"WebSite","@id":"https:\/\/www.silvereco.org\/festival\/fr\/#website","url":"https:\/\/www.silvereco.org\/festival\/fr\/","name":"Salon de la fili\u00e8re Silver \u00e9conomie et Assises Silver Eco","description":"International Silver Economy and Ageing Well Festival","publisher":{"@id":"https:\/\/www.silvereco.org\/festival\/fr\/#organization"},"potentialAction":[{"@type":"SearchAction","target":{"@type":"EntryPoint","urlTemplate":"https:\/\/www.silvereco.org\/festival\/fr\/?s={search_term_string}"},"query-input":{"@type":"PropertyValueSpecification","valueRequired":true,"valueName":"search_term_string"}}],"inLanguage":"fr-FR"},{"@type":"Organization","@id":"https:\/\/www.silvereco.org\/festival\/fr\/#organization","name":"International Silver Economy and Ageing Well Festival","url":"https:\/\/www.silvereco.org\/festival\/fr\/","logo":{"@type":"ImageObject","inLanguage":"fr-FR","@id":"https:\/\/www.silvereco.org\/festival\/fr\/#\/schema\/logo\/image\/","url":"https:\/\/www.silvereco.org\/festival\/fr\/wp-content\/medias\/2022\/12\/cropped-festival-silvereco-2020-2-300x93-1.png","contentUrl":"https:\/\/www.silvereco.org\/festival\/fr\/wp-content\/medias\/2022\/12\/cropped-festival-silvereco-2020-2-300x93-1.png","width":300,"height":93,"caption":"International Silver Economy and Ageing Well Festival"},"image":{"@id":"https:\/\/www.silvereco.org\/festival\/fr\/#\/schema\/logo\/image\/"}},{"@type":"Person","@id":"https:\/\/www.silvereco.org\/festival\/fr\/#\/schema\/person\/8d1bfb6e918fff2973189b38baebf8e3","name":"Silver Economy","image":{"@type":"ImageObject","inLanguage":"fr-FR","@id":"https:\/\/secure.gravatar.com\/avatar\/a1ee424dd82b8f00da838b078ac0b0e8f2881c8d75773dfb426a4bfac883b3f5?s=96&d=mm&r=g","url":"https:\/\/secure.gravatar.com\/avatar\/a1ee424dd82b8f00da838b078ac0b0e8f2881c8d75773dfb426a4bfac883b3f5?s=96&d=mm&r=g","contentUrl":"https:\/\/secure.gravatar.com\/avatar\/a1ee424dd82b8f00da838b078ac0b0e8f2881c8d75773dfb426a4bfac883b3f5?s=96&d=mm&r=g","caption":"Silver Economy"},"url":"https:\/\/www.silvereco.org\/festival\/fr\/author\/festredac26\/"}]}},"uagb_featured_image_src":{"full":false,"thumbnail":false,"medium":false,"medium_large":false,"large":false,"1536x1536":false,"2048x2048":false},"uagb_author_info":{"display_name":"Silver Economy","author_link":"https:\/\/www.silvereco.org\/festival\/fr\/author\/festredac26\/"},"uagb_comment_info":0,"uagb_excerpt":"Trayvisor Nomin\u00e9 dans la cat\u00e9gorie : Nutrition Le r\u00e9sum\u00e9 du dossier de candidature : Intelligence artificielle au service de la sant\u00e9 et du gaspillage alimentaire La solution Foodintech permet d&#8217;automatiser et de fiabiliser le relev\u00e9 de la prise alimentaire des patients et r\u00e9sidents, autrement appel\u00e9 ingesta, en prenant une photo du plateau repas avant et\u2026","_links":{"self":[{"href":"https:\/\/www.silvereco.org\/festival\/fr\/wp-json\/wp\/v2\/posts\/28065","targetHints":{"allow":["GET"]}}],"collection":[{"href":"https:\/\/www.silvereco.org\/festival\/fr\/wp-json\/wp\/v2\/posts"}],"about":[{"href":"https:\/\/www.silvereco.org\/festival\/fr\/wp-json\/wp\/v2\/types\/post"}],"author":[{"embeddable":true,"href":"https:\/\/www.silvereco.org\/festival\/fr\/wp-json\/wp\/v2\/users\/7"}],"replies":[{"embeddable":true,"href":"https:\/\/www.silvereco.org\/festival\/fr\/wp-json\/wp\/v2\/comments?post=28065"}],"version-history":[{"count":6,"href":"https:\/\/www.silvereco.org\/festival\/fr\/wp-json\/wp\/v2\/posts\/28065\/revisions"}],"predecessor-version":[{"id":39215,"href":"https:\/\/www.silvereco.org\/festival\/fr\/wp-json\/wp\/v2\/posts\/28065\/revisions\/39215"}],"wp:attachment":[{"href":"https:\/\/www.silvereco.org\/festival\/fr\/wp-json\/wp\/v2\/media?parent=28065"}],"wp:term":[{"taxonomy":"category","embeddable":true,"href":"https:\/\/www.silvereco.org\/festival\/fr\/wp-json\/wp\/v2\/categories?post=28065"},{"taxonomy":"post_tag","embeddable":true,"href":"https:\/\/www.silvereco.org\/festival\/fr\/wp-json\/wp\/v2\/tags?post=28065"}],"curies":[{"name":"wp","href":"https:\/\/api.w.org\/{rel}","templated":true}]}}