{"id":27861,"date":"2023-07-10T12:20:19","date_gmt":"2023-07-10T11:20:19","guid":{"rendered":"https:\/\/www.silvereco.org\/festival\/fr\/?p=27861"},"modified":"2026-01-22T14:27:15","modified_gmt":"2026-01-22T13:27:15","slug":"union-francaise-des-oeuvres-laiques-deducation-physique-ufolep","status":"publish","type":"post","link":"https:\/\/www.silvereco.org\/festival\/fr\/union-francaise-des-oeuvres-laiques-deducation-physique-ufolep\/","title":{"rendered":"Union Fran\u00e7aise des \u0152uvres La\u00efques d&#8217;Education Physique (UFOLEP)"},"content":{"rendered":"\n<figure class=\"wp-block-image size-large is-resized\"><img loading=\"lazy\" decoding=\"async\" src=\"https:\/\/www.silvereco.org\/festival\/fr\/wp-content\/medias\/2023\/07\/logo_ufolep-1024x284.png\" alt=\"\" class=\"wp-image-27862\" width=\"440\" height=\"122\" srcset=\"https:\/\/www.silvereco.org\/festival\/fr\/wp-content\/medias\/2023\/07\/logo_ufolep-1024x284.png 1024w, https:\/\/www.silvereco.org\/festival\/fr\/wp-content\/medias\/2023\/07\/logo_ufolep-300x83.png 300w, https:\/\/www.silvereco.org\/festival\/fr\/wp-content\/medias\/2023\/07\/logo_ufolep-768x213.png 768w, https:\/\/www.silvereco.org\/festival\/fr\/wp-content\/medias\/2023\/07\/logo_ufolep-1536x425.png 1536w, https:\/\/www.silvereco.org\/festival\/fr\/wp-content\/medias\/2023\/07\/logo_ufolep-2048x567.png 2048w\" sizes=\"auto, (max-width: 440px) 100vw, 440px\" \/><\/figure>\n\n\n\n<h2 class=\"wp-block-heading\">Union Fran\u00e7aise des \u0152uvres La\u00efques d&#8217;Education Physique (UFOLEP)<\/h2>\n\n\n\n<h2 class=\"wp-block-heading\">Nomin\u00e9 dans la cat\u00e9gorie :<\/h2>\n\n\n\n<h2 class=\"wp-block-heading has-ast-global-color-0-color has-text-color\"><strong><strong>Lutte contre l&#8217;isolement<\/strong> et Interg\u00e9n\u00e9rationnel<\/strong><\/h2>\n\n\n\n<hr class=\"wp-block-separator has-text-color has-ast-global-color-0-color has-alpha-channel-opacity has-ast-global-color-0-background-color has-background is-style-wide\"\/>\n\n\n\n<p><strong>Le r\u00e9sum\u00e9 du dossier de candidature :<\/strong><\/p>\n\n\n\n<h3 class=\"wp-block-heading\"><em>A mon rythme : Dispositif d&#8217;engagement et de sant\u00e9 des seniors<\/em><\/h3>\n\n\n\n<p>L&#8217;UFOLEP d\u00e9ploie depuis 3 ans des programmes de remobilisation physique, mentale et sociale des publics les plus isol\u00e9s. Parmi eux les seniors \u00e9loign\u00e9s de la pratique sportive et du soin dans les territoires les plus pr\u00e9caires au sein des Ufo3S, premier r\u00e9seau de maisons sport sant\u00e9 en France. Ces Ufo3s ont un r\u00f4le d&#8217;information, d&#8217;orientation et de prise en charge des seniors dans un but sant\u00e9 et d&#8217;engagement. Du sport sant\u00e9 \u00e0 impact social.<\/p>\n\n\n\n<p><a href=\"http:\/\/www.ufolep.org\">www.ufolep.org<\/a><\/p>\n\n\n\n<hr class=\"wp-block-separator has-text-color has-ast-global-color-0-color has-alpha-channel-opacity has-ast-global-color-0-background-color has-background is-style-wide\"\/>\n\n\n\n<h4 class=\"wp-block-heading\">Troph\u00e9es SilverEco<\/h4>\n\n\n\n<p><strong><a href=\"http:\/\/www.silvereco.org\/festival\/fr\/votez-pour-votre-candidat\/\">Je vote pour ce candidat !<\/a> <\/strong><\/p>\n\n\n\n<p><strong><a href=\"http:\/\/www.silvereco.org\/festival\/fr\/les-nomines\/\">Retour \u00e0 la liste des nomin\u00e9s<\/a><\/strong><\/p>\n","protected":false},"excerpt":{"rendered":"<p>Union Fran\u00e7aise des \u0152uvres La\u00efques d&#8217;Education Physique (UFOLEP) Nomin\u00e9 dans la cat\u00e9gorie : Lutte contre l&#8217;isolement et Interg\u00e9n\u00e9rationnel Le r\u00e9sum\u00e9 du dossier de candidature : A mon rythme : Dispositif d&#8217;engagement et de sant\u00e9 des seniors L&#8217;UFOLEP d\u00e9ploie depuis 3 ans des programmes de remobilisation physique, mentale et sociale des publics les plus isol\u00e9s. Parmi [&hellip;]<\/p>\n","protected":false},"author":7,"featured_media":0,"comment_status":"closed","ping_status":"closed","sticky":false,"template":"","format":"standard","meta":{"_uag_custom_page_level_css":"","site-sidebar-layout":"default","site-content-layout":"","ast-site-content-layout":"default","site-content-style":"default","site-sidebar-style":"default","ast-global-header-display":"","ast-banner-title-visibility":"","ast-main-header-display":"","ast-hfb-above-header-display":"","ast-hfb-below-header-display":"","ast-hfb-mobile-header-display":"","site-post-title":"","ast-breadcrumbs-content":"","ast-featured-img":"","footer-sml-layout":"","ast-disable-related-posts":"","theme-transparent-header-meta":"","adv-header-id-meta":"","stick-header-meta":"","header-above-stick-meta":"","header-main-stick-meta":"","header-below-stick-meta":"","astra-migrate-meta-layouts":"default","ast-page-background-enabled":"default","ast-page-background-meta":{"desktop":{"background-color":"var(--ast-global-color-4)","background-image":"","background-repeat":"repeat","background-position":"center center","background-size":"auto","background-attachment":"scroll","background-type":"","background-media":"","overlay-type":"","overlay-color":"","overlay-opacity":"","overlay-gradient":""},"tablet":{"background-color":"","background-image":"","background-repeat":"repeat","background-position":"center center","background-size":"auto","background-attachment":"scroll","background-type":"","background-media":"","overlay-type":"","overlay-color":"","overlay-opacity":"","overlay-gradient":""},"mobile":{"background-color":"","background-image":"","background-repeat":"repeat","background-position":"center center","background-size":"auto","background-attachment":"scroll","background-type":"","background-media":"","overlay-type":"","overlay-color":"","overlay-opacity":"","overlay-gradient":""}},"ast-content-background-meta":{"desktop":{"background-color":"var(--ast-global-color-5)","background-image":"","background-repeat":"repeat","background-position":"center center","background-size":"auto","background-attachment":"scroll","background-type":"","background-media":"","overlay-type":"","overlay-color":"","overlay-opacity":"","overlay-gradient":""},"tablet":{"background-color":"var(--ast-global-color-5)","background-image":"","background-repeat":"repeat","background-position":"center center","background-size":"auto","background-attachment":"scroll","background-type":"","background-media":"","overlay-type":"","overlay-color":"","overlay-opacity":"","overlay-gradient":""},"mobile":{"background-color":"var(--ast-global-color-5)","background-image":"","background-repeat":"repeat","background-position":"center center","background-size":"auto","background-attachment":"scroll","background-type":"","background-media":"","overlay-type":"","overlay-color":"","overlay-opacity":"","overlay-gradient":""}},"ngg_post_thumbnail":0,"footnotes":""},"categories":[92,22,121],"tags":[],"class_list":["post-27861","post","type-post","status-publish","format-standard","hentry","category-lutte-contre-lisolement-nomines-2021","category-nomines","category-nomines-2023"],"yoast_head":"<!-- This site is optimized with the Yoast SEO plugin v27.2 - https:\/\/yoast.com\/product\/yoast-seo-wordpress\/ -->\n<title>Union Fran\u00e7aise des \u0152uvres La\u00efques d&#039;Education Physique (UFOLEP) - Salon de la fili\u00e8re Silver \u00e9conomie et Assises Silver Eco Bien-Vieillir<\/title>\n<meta name=\"robots\" content=\"index, follow, max-snippet:-1, max-image-preview:large, max-video-preview:-1\" \/>\n<link rel=\"canonical\" href=\"https:\/\/www.silvereco.org\/festival\/fr\/union-francaise-des-oeuvres-laiques-deducation-physique-ufolep\/\" \/>\n<meta property=\"og:locale\" content=\"fr_FR\" \/>\n<meta property=\"og:type\" content=\"article\" \/>\n<meta property=\"og:title\" content=\"Union Fran\u00e7aise des \u0152uvres La\u00efques d&#039;Education Physique (UFOLEP) - Salon de la fili\u00e8re Silver \u00e9conomie et Assises Silver Eco Bien-Vieillir\" \/>\n<meta property=\"og:description\" content=\"Union Fran\u00e7aise des \u0152uvres La\u00efques d&#8217;Education Physique (UFOLEP) Nomin\u00e9 dans la cat\u00e9gorie : Lutte contre l&#8217;isolement et Interg\u00e9n\u00e9rationnel Le r\u00e9sum\u00e9 du dossier de candidature : A mon rythme : Dispositif d&#8217;engagement et de sant\u00e9 des seniors L&#8217;UFOLEP d\u00e9ploie depuis 3 ans des programmes de remobilisation physique, mentale et sociale des publics les plus isol\u00e9s. Parmi [&hellip;]\" \/>\n<meta property=\"og:url\" content=\"https:\/\/www.silvereco.org\/festival\/fr\/union-francaise-des-oeuvres-laiques-deducation-physique-ufolep\/\" \/>\n<meta property=\"og:site_name\" content=\"Salon de la fili\u00e8re Silver \u00e9conomie et Assises Silver Eco Bien-Vieillir\" \/>\n<meta property=\"article:published_time\" content=\"2023-07-10T11:20:19+00:00\" \/>\n<meta property=\"article:modified_time\" content=\"2026-01-22T13:27:15+00:00\" \/>\n<meta property=\"og:image\" content=\"https:\/\/www.silvereco.org\/festival\/fr\/wp-content\/medias\/2023\/07\/logo_ufolep.png\" \/>\n\t<meta property=\"og:image:width\" content=\"2358\" \/>\n\t<meta property=\"og:image:height\" content=\"653\" \/>\n\t<meta property=\"og:image:type\" content=\"image\/png\" \/>\n<meta name=\"author\" content=\"Silver Economy\" \/>\n<meta name=\"twitter:card\" content=\"summary_large_image\" \/>\n<meta name=\"twitter:label1\" content=\"\u00c9crit par\" \/>\n\t<meta name=\"twitter:data1\" content=\"Silver Economy\" \/>\n<script type=\"application\/ld+json\" class=\"yoast-schema-graph\">{\"@context\":\"https:\/\/schema.org\",\"@graph\":[{\"@type\":\"Article\",\"@id\":\"https:\/\/www.silvereco.org\/festival\/fr\/union-francaise-des-oeuvres-laiques-deducation-physique-ufolep\/#article\",\"isPartOf\":{\"@id\":\"https:\/\/www.silvereco.org\/festival\/fr\/union-francaise-des-oeuvres-laiques-deducation-physique-ufolep\/\"},\"author\":{\"name\":\"Silver Economy\",\"@id\":\"https:\/\/www.silvereco.org\/festival\/fr\/#\/schema\/person\/8d1bfb6e918fff2973189b38baebf8e3\"},\"headline\":\"Union Fran\u00e7aise des \u0152uvres La\u00efques d&#8217;Education Physique (UFOLEP)\",\"datePublished\":\"2023-07-10T11:20:19+00:00\",\"dateModified\":\"2026-01-22T13:27:15+00:00\",\"mainEntityOfPage\":{\"@id\":\"https:\/\/www.silvereco.org\/festival\/fr\/union-francaise-des-oeuvres-laiques-deducation-physique-ufolep\/\"},\"wordCount\":154,\"publisher\":{\"@id\":\"https:\/\/www.silvereco.org\/festival\/fr\/#organization\"},\"image\":{\"@id\":\"https:\/\/www.silvereco.org\/festival\/fr\/union-francaise-des-oeuvres-laiques-deducation-physique-ufolep\/#primaryimage\"},\"thumbnailUrl\":\"https:\/\/www.silvereco.org\/festival\/fr\/wp-content\/medias\/2023\/07\/logo_ufolep-1024x284.png\",\"articleSection\":[\"Lutte contre l'isolement\",\"Nomin\u00e9s\",\"Nomin\u00e9s 2023\"],\"inLanguage\":\"fr-FR\"},{\"@type\":\"WebPage\",\"@id\":\"https:\/\/www.silvereco.org\/festival\/fr\/union-francaise-des-oeuvres-laiques-deducation-physique-ufolep\/\",\"url\":\"https:\/\/www.silvereco.org\/festival\/fr\/union-francaise-des-oeuvres-laiques-deducation-physique-ufolep\/\",\"name\":\"Union Fran\u00e7aise des \u0152uvres La\u00efques d'Education Physique (UFOLEP) - Salon de la fili\u00e8re Silver \u00e9conomie et Assises Silver Eco Bien-Vieillir\",\"isPartOf\":{\"@id\":\"https:\/\/www.silvereco.org\/festival\/fr\/#website\"},\"primaryImageOfPage\":{\"@id\":\"https:\/\/www.silvereco.org\/festival\/fr\/union-francaise-des-oeuvres-laiques-deducation-physique-ufolep\/#primaryimage\"},\"image\":{\"@id\":\"https:\/\/www.silvereco.org\/festival\/fr\/union-francaise-des-oeuvres-laiques-deducation-physique-ufolep\/#primaryimage\"},\"thumbnailUrl\":\"https:\/\/www.silvereco.org\/festival\/fr\/wp-content\/medias\/2023\/07\/logo_ufolep-1024x284.png\",\"datePublished\":\"2023-07-10T11:20:19+00:00\",\"dateModified\":\"2026-01-22T13:27:15+00:00\",\"breadcrumb\":{\"@id\":\"https:\/\/www.silvereco.org\/festival\/fr\/union-francaise-des-oeuvres-laiques-deducation-physique-ufolep\/#breadcrumb\"},\"inLanguage\":\"fr-FR\",\"potentialAction\":[{\"@type\":\"ReadAction\",\"target\":[\"https:\/\/www.silvereco.org\/festival\/fr\/union-francaise-des-oeuvres-laiques-deducation-physique-ufolep\/\"]}]},{\"@type\":\"ImageObject\",\"inLanguage\":\"fr-FR\",\"@id\":\"https:\/\/www.silvereco.org\/festival\/fr\/union-francaise-des-oeuvres-laiques-deducation-physique-ufolep\/#primaryimage\",\"url\":\"https:\/\/www.silvereco.org\/festival\/fr\/wp-content\/medias\/2023\/07\/logo_ufolep.png\",\"contentUrl\":\"https:\/\/www.silvereco.org\/festival\/fr\/wp-content\/medias\/2023\/07\/logo_ufolep.png\",\"width\":2358,\"height\":653},{\"@type\":\"BreadcrumbList\",\"@id\":\"https:\/\/www.silvereco.org\/festival\/fr\/union-francaise-des-oeuvres-laiques-deducation-physique-ufolep\/#breadcrumb\",\"itemListElement\":[{\"@type\":\"ListItem\",\"position\":1,\"name\":\"Accueil\",\"item\":\"https:\/\/www.silvereco.org\/festival\/fr\/\"},{\"@type\":\"ListItem\",\"position\":2,\"name\":\"Union Fran\u00e7aise des \u0152uvres La\u00efques d&#8217;Education Physique (UFOLEP)\"}]},{\"@type\":\"WebSite\",\"@id\":\"https:\/\/www.silvereco.org\/festival\/fr\/#website\",\"url\":\"https:\/\/www.silvereco.org\/festival\/fr\/\",\"name\":\"Salon de la fili\u00e8re Silver \u00e9conomie et Assises Silver Eco\",\"description\":\"International Silver Economy and Ageing Well Festival\",\"publisher\":{\"@id\":\"https:\/\/www.silvereco.org\/festival\/fr\/#organization\"},\"potentialAction\":[{\"@type\":\"SearchAction\",\"target\":{\"@type\":\"EntryPoint\",\"urlTemplate\":\"https:\/\/www.silvereco.org\/festival\/fr\/?s={search_term_string}\"},\"query-input\":{\"@type\":\"PropertyValueSpecification\",\"valueRequired\":true,\"valueName\":\"search_term_string\"}}],\"inLanguage\":\"fr-FR\"},{\"@type\":\"Organization\",\"@id\":\"https:\/\/www.silvereco.org\/festival\/fr\/#organization\",\"name\":\"International Silver Economy and Ageing Well Festival\",\"url\":\"https:\/\/www.silvereco.org\/festival\/fr\/\",\"logo\":{\"@type\":\"ImageObject\",\"inLanguage\":\"fr-FR\",\"@id\":\"https:\/\/www.silvereco.org\/festival\/fr\/#\/schema\/logo\/image\/\",\"url\":\"https:\/\/www.silvereco.org\/festival\/fr\/wp-content\/medias\/2022\/12\/cropped-festival-silvereco-2020-2-300x93-1.png\",\"contentUrl\":\"https:\/\/www.silvereco.org\/festival\/fr\/wp-content\/medias\/2022\/12\/cropped-festival-silvereco-2020-2-300x93-1.png\",\"width\":300,\"height\":93,\"caption\":\"International Silver Economy and Ageing Well Festival\"},\"image\":{\"@id\":\"https:\/\/www.silvereco.org\/festival\/fr\/#\/schema\/logo\/image\/\"}},{\"@type\":\"Person\",\"@id\":\"https:\/\/www.silvereco.org\/festival\/fr\/#\/schema\/person\/8d1bfb6e918fff2973189b38baebf8e3\",\"name\":\"Silver Economy\",\"image\":{\"@type\":\"ImageObject\",\"inLanguage\":\"fr-FR\",\"@id\":\"https:\/\/secure.gravatar.com\/avatar\/a1ee424dd82b8f00da838b078ac0b0e8f2881c8d75773dfb426a4bfac883b3f5?s=96&d=mm&r=g\",\"url\":\"https:\/\/secure.gravatar.com\/avatar\/a1ee424dd82b8f00da838b078ac0b0e8f2881c8d75773dfb426a4bfac883b3f5?s=96&d=mm&r=g\",\"contentUrl\":\"https:\/\/secure.gravatar.com\/avatar\/a1ee424dd82b8f00da838b078ac0b0e8f2881c8d75773dfb426a4bfac883b3f5?s=96&d=mm&r=g\",\"caption\":\"Silver Economy\"},\"url\":\"https:\/\/www.silvereco.org\/festival\/fr\/author\/festredac26\/\"}]}<\/script>\n<!-- \/ Yoast SEO plugin. -->","yoast_head_json":{"title":"Union Fran\u00e7aise des \u0152uvres La\u00efques d'Education Physique (UFOLEP) - Salon de la fili\u00e8re Silver \u00e9conomie et Assises Silver Eco Bien-Vieillir","robots":{"index":"index","follow":"follow","max-snippet":"max-snippet:-1","max-image-preview":"max-image-preview:large","max-video-preview":"max-video-preview:-1"},"canonical":"https:\/\/www.silvereco.org\/festival\/fr\/union-francaise-des-oeuvres-laiques-deducation-physique-ufolep\/","og_locale":"fr_FR","og_type":"article","og_title":"Union Fran\u00e7aise des \u0152uvres La\u00efques d'Education Physique (UFOLEP) - Salon de la fili\u00e8re Silver \u00e9conomie et Assises Silver Eco Bien-Vieillir","og_description":"Union Fran\u00e7aise des \u0152uvres La\u00efques d&#8217;Education Physique (UFOLEP) Nomin\u00e9 dans la cat\u00e9gorie : Lutte contre l&#8217;isolement et Interg\u00e9n\u00e9rationnel Le r\u00e9sum\u00e9 du dossier de candidature : A mon rythme : Dispositif d&#8217;engagement et de sant\u00e9 des seniors L&#8217;UFOLEP d\u00e9ploie depuis 3 ans des programmes de remobilisation physique, mentale et sociale des publics les plus isol\u00e9s. Parmi [&hellip;]","og_url":"https:\/\/www.silvereco.org\/festival\/fr\/union-francaise-des-oeuvres-laiques-deducation-physique-ufolep\/","og_site_name":"Salon de la fili\u00e8re Silver \u00e9conomie et Assises Silver Eco Bien-Vieillir","article_published_time":"2023-07-10T11:20:19+00:00","article_modified_time":"2026-01-22T13:27:15+00:00","og_image":[{"width":2358,"height":653,"url":"https:\/\/www.silvereco.org\/festival\/fr\/wp-content\/medias\/2023\/07\/logo_ufolep.png","type":"image\/png"}],"author":"Silver Economy","twitter_card":"summary_large_image","twitter_misc":{"\u00c9crit par":"Silver Economy"},"schema":{"@context":"https:\/\/schema.org","@graph":[{"@type":"Article","@id":"https:\/\/www.silvereco.org\/festival\/fr\/union-francaise-des-oeuvres-laiques-deducation-physique-ufolep\/#article","isPartOf":{"@id":"https:\/\/www.silvereco.org\/festival\/fr\/union-francaise-des-oeuvres-laiques-deducation-physique-ufolep\/"},"author":{"name":"Silver Economy","@id":"https:\/\/www.silvereco.org\/festival\/fr\/#\/schema\/person\/8d1bfb6e918fff2973189b38baebf8e3"},"headline":"Union Fran\u00e7aise des \u0152uvres La\u00efques d&#8217;Education Physique (UFOLEP)","datePublished":"2023-07-10T11:20:19+00:00","dateModified":"2026-01-22T13:27:15+00:00","mainEntityOfPage":{"@id":"https:\/\/www.silvereco.org\/festival\/fr\/union-francaise-des-oeuvres-laiques-deducation-physique-ufolep\/"},"wordCount":154,"publisher":{"@id":"https:\/\/www.silvereco.org\/festival\/fr\/#organization"},"image":{"@id":"https:\/\/www.silvereco.org\/festival\/fr\/union-francaise-des-oeuvres-laiques-deducation-physique-ufolep\/#primaryimage"},"thumbnailUrl":"https:\/\/www.silvereco.org\/festival\/fr\/wp-content\/medias\/2023\/07\/logo_ufolep-1024x284.png","articleSection":["Lutte contre l'isolement","Nomin\u00e9s","Nomin\u00e9s 2023"],"inLanguage":"fr-FR"},{"@type":"WebPage","@id":"https:\/\/www.silvereco.org\/festival\/fr\/union-francaise-des-oeuvres-laiques-deducation-physique-ufolep\/","url":"https:\/\/www.silvereco.org\/festival\/fr\/union-francaise-des-oeuvres-laiques-deducation-physique-ufolep\/","name":"Union Fran\u00e7aise des \u0152uvres La\u00efques d'Education Physique (UFOLEP) - Salon de la fili\u00e8re Silver \u00e9conomie et Assises Silver Eco Bien-Vieillir","isPartOf":{"@id":"https:\/\/www.silvereco.org\/festival\/fr\/#website"},"primaryImageOfPage":{"@id":"https:\/\/www.silvereco.org\/festival\/fr\/union-francaise-des-oeuvres-laiques-deducation-physique-ufolep\/#primaryimage"},"image":{"@id":"https:\/\/www.silvereco.org\/festival\/fr\/union-francaise-des-oeuvres-laiques-deducation-physique-ufolep\/#primaryimage"},"thumbnailUrl":"https:\/\/www.silvereco.org\/festival\/fr\/wp-content\/medias\/2023\/07\/logo_ufolep-1024x284.png","datePublished":"2023-07-10T11:20:19+00:00","dateModified":"2026-01-22T13:27:15+00:00","breadcrumb":{"@id":"https:\/\/www.silvereco.org\/festival\/fr\/union-francaise-des-oeuvres-laiques-deducation-physique-ufolep\/#breadcrumb"},"inLanguage":"fr-FR","potentialAction":[{"@type":"ReadAction","target":["https:\/\/www.silvereco.org\/festival\/fr\/union-francaise-des-oeuvres-laiques-deducation-physique-ufolep\/"]}]},{"@type":"ImageObject","inLanguage":"fr-FR","@id":"https:\/\/www.silvereco.org\/festival\/fr\/union-francaise-des-oeuvres-laiques-deducation-physique-ufolep\/#primaryimage","url":"https:\/\/www.silvereco.org\/festival\/fr\/wp-content\/medias\/2023\/07\/logo_ufolep.png","contentUrl":"https:\/\/www.silvereco.org\/festival\/fr\/wp-content\/medias\/2023\/07\/logo_ufolep.png","width":2358,"height":653},{"@type":"BreadcrumbList","@id":"https:\/\/www.silvereco.org\/festival\/fr\/union-francaise-des-oeuvres-laiques-deducation-physique-ufolep\/#breadcrumb","itemListElement":[{"@type":"ListItem","position":1,"name":"Accueil","item":"https:\/\/www.silvereco.org\/festival\/fr\/"},{"@type":"ListItem","position":2,"name":"Union Fran\u00e7aise des \u0152uvres La\u00efques d&#8217;Education Physique (UFOLEP)"}]},{"@type":"WebSite","@id":"https:\/\/www.silvereco.org\/festival\/fr\/#website","url":"https:\/\/www.silvereco.org\/festival\/fr\/","name":"Salon de la fili\u00e8re Silver \u00e9conomie et Assises Silver Eco","description":"International Silver Economy and Ageing Well Festival","publisher":{"@id":"https:\/\/www.silvereco.org\/festival\/fr\/#organization"},"potentialAction":[{"@type":"SearchAction","target":{"@type":"EntryPoint","urlTemplate":"https:\/\/www.silvereco.org\/festival\/fr\/?s={search_term_string}"},"query-input":{"@type":"PropertyValueSpecification","valueRequired":true,"valueName":"search_term_string"}}],"inLanguage":"fr-FR"},{"@type":"Organization","@id":"https:\/\/www.silvereco.org\/festival\/fr\/#organization","name":"International Silver Economy and Ageing Well Festival","url":"https:\/\/www.silvereco.org\/festival\/fr\/","logo":{"@type":"ImageObject","inLanguage":"fr-FR","@id":"https:\/\/www.silvereco.org\/festival\/fr\/#\/schema\/logo\/image\/","url":"https:\/\/www.silvereco.org\/festival\/fr\/wp-content\/medias\/2022\/12\/cropped-festival-silvereco-2020-2-300x93-1.png","contentUrl":"https:\/\/www.silvereco.org\/festival\/fr\/wp-content\/medias\/2022\/12\/cropped-festival-silvereco-2020-2-300x93-1.png","width":300,"height":93,"caption":"International Silver Economy and Ageing Well Festival"},"image":{"@id":"https:\/\/www.silvereco.org\/festival\/fr\/#\/schema\/logo\/image\/"}},{"@type":"Person","@id":"https:\/\/www.silvereco.org\/festival\/fr\/#\/schema\/person\/8d1bfb6e918fff2973189b38baebf8e3","name":"Silver Economy","image":{"@type":"ImageObject","inLanguage":"fr-FR","@id":"https:\/\/secure.gravatar.com\/avatar\/a1ee424dd82b8f00da838b078ac0b0e8f2881c8d75773dfb426a4bfac883b3f5?s=96&d=mm&r=g","url":"https:\/\/secure.gravatar.com\/avatar\/a1ee424dd82b8f00da838b078ac0b0e8f2881c8d75773dfb426a4bfac883b3f5?s=96&d=mm&r=g","contentUrl":"https:\/\/secure.gravatar.com\/avatar\/a1ee424dd82b8f00da838b078ac0b0e8f2881c8d75773dfb426a4bfac883b3f5?s=96&d=mm&r=g","caption":"Silver Economy"},"url":"https:\/\/www.silvereco.org\/festival\/fr\/author\/festredac26\/"}]}},"uagb_featured_image_src":{"full":false,"thumbnail":false,"medium":false,"medium_large":false,"large":false,"1536x1536":false,"2048x2048":false},"uagb_author_info":{"display_name":"Silver Economy","author_link":"https:\/\/www.silvereco.org\/festival\/fr\/author\/festredac26\/"},"uagb_comment_info":0,"uagb_excerpt":"Union Fran\u00e7aise des \u0152uvres La\u00efques d&#8217;Education Physique (UFOLEP) Nomin\u00e9 dans la cat\u00e9gorie : Lutte contre l&#8217;isolement et Interg\u00e9n\u00e9rationnel Le r\u00e9sum\u00e9 du dossier de candidature : A mon rythme : Dispositif d&#8217;engagement et de sant\u00e9 des seniors L&#8217;UFOLEP d\u00e9ploie depuis 3 ans des programmes de remobilisation physique, mentale et sociale des publics les plus isol\u00e9s. Parmi\u2026","_links":{"self":[{"href":"https:\/\/www.silvereco.org\/festival\/fr\/wp-json\/wp\/v2\/posts\/27861","targetHints":{"allow":["GET"]}}],"collection":[{"href":"https:\/\/www.silvereco.org\/festival\/fr\/wp-json\/wp\/v2\/posts"}],"about":[{"href":"https:\/\/www.silvereco.org\/festival\/fr\/wp-json\/wp\/v2\/types\/post"}],"author":[{"embeddable":true,"href":"https:\/\/www.silvereco.org\/festival\/fr\/wp-json\/wp\/v2\/users\/7"}],"replies":[{"embeddable":true,"href":"https:\/\/www.silvereco.org\/festival\/fr\/wp-json\/wp\/v2\/comments?post=27861"}],"version-history":[{"count":3,"href":"https:\/\/www.silvereco.org\/festival\/fr\/wp-json\/wp\/v2\/posts\/27861\/revisions"}],"predecessor-version":[{"id":28099,"href":"https:\/\/www.silvereco.org\/festival\/fr\/wp-json\/wp\/v2\/posts\/27861\/revisions\/28099"}],"wp:attachment":[{"href":"https:\/\/www.silvereco.org\/festival\/fr\/wp-json\/wp\/v2\/media?parent=27861"}],"wp:term":[{"taxonomy":"category","embeddable":true,"href":"https:\/\/www.silvereco.org\/festival\/fr\/wp-json\/wp\/v2\/categories?post=27861"},{"taxonomy":"post_tag","embeddable":true,"href":"https:\/\/www.silvereco.org\/festival\/fr\/wp-json\/wp\/v2\/tags?post=27861"}],"curies":[{"name":"wp","href":"https:\/\/api.w.org\/{rel}","templated":true}]}}