{"id":11458,"date":"2020-07-20T16:35:37","date_gmt":"2020-07-20T15:35:37","guid":{"rendered":"https:\/\/www.silvereco.org\/festival\/fr\/?p=11458"},"modified":"2026-01-22T14:28:19","modified_gmt":"2026-01-22T13:28:19","slug":"gareal","status":"publish","type":"post","link":"https:\/\/www.silvereco.org\/festival\/fr\/gareal\/","title":{"rendered":"Gareal"},"content":{"rendered":"<p><\/p>\n<h1 class=\"wp-block-heading\"><img loading=\"lazy\" decoding=\"async\" src=\"https:\/\/www.silvereco.org\/festival\/fr\/wp-content\/medias\/2020\/07\/logo-usvc-2-300x108.png\" alt=\"\" width=\"300\" height=\"108\" \/><\/h1>\n<h2>Gareal<\/h2>\n<p><\/p>\n<p>Nomin\u00e9 dans la cat\u00e9gorie :<br \/><b>Loisirs \/ Culture<\/b><\/p>\n<p><\/p>\n<h3 class=\"wp-block-heading\"><em>&#8220;Un si\u00e8cle vous contemple \/ Saison 3&#8221;<\/em><\/h3>\n<p>\u00a0<\/p>\n<hr \/>\n<p>Le r\u00e9sum\u00e9 du dossier de candidature :<\/p>\n<p>Le pari est pris que les EHPAD peuvent devenir le d\u00e9cor d\u2019une grande saga ! Un Si\u00e8cle vous contemple, voici le titre de la s\u00e9rie r\u00e9alit\u00e9 qui met en sc\u00e8ne des personnalit\u00e9s de plus de 80 ans en EHPAD. Gabin Fueyo vous propose un divertissement dr\u00f4le et \u00e9mouvant. La libert\u00e9 est le ma\u00eetre mot du programme, libert\u00e9 de ton, libert\u00e9 d\u2019aborder des sujets compliqu\u00e9s et tabous et libert\u00e9 de r\u00e9aliser un programme auquel personne ne s&#8217;attendait.<\/p>\n<hr \/>\n<p><\/p>\n<h4 class=\"wp-block-heading\">\u00a0<\/h4>\n<h4>Troph\u00e9es SilverEco<\/h4>\n<p><\/p>\n<p class=\"is-layout-flex wp-block-buttons-is-layout-flex\"><\/p>\n<a href=\"https:\/\/www.silvereco.org\/festival\/fr\/votez-pour-votre-candidat\/\">Je vote pour ce candidat !<\/a>\n<a href=\"https:\/\/www.silvereco.org\/festival\/fr\/les-nomines\/\">Retour \u00e0 la liste des nomin\u00e9s<\/a>\n<p><\/p>\n<p><\/p>\n\u00a0\n<p><\/p>\n<p><\/p>","protected":false},"excerpt":{"rendered":"<p>Gareal Nomin\u00e9 dans la cat\u00e9gorie :Loisirs \/ Culture &#8220;Un si\u00e8cle vous contemple \/ Saison 3&#8221; \u00a0 Le r\u00e9sum\u00e9 du dossier de candidature : Le pari est pris que les EHPAD peuvent devenir le d\u00e9cor d\u2019une grande saga ! Un Si\u00e8cle vous contemple, voici le titre de la s\u00e9rie r\u00e9alit\u00e9 qui met en sc\u00e8ne des personnalit\u00e9s [&hellip;]<\/p>\n","protected":false},"author":7,"featured_media":0,"comment_status":"closed","ping_status":"closed","sticky":false,"template":"","format":"aside","meta":{"_uag_custom_page_level_css":"","site-sidebar-layout":"default","site-content-layout":"","ast-site-content-layout":"default","site-content-style":"default","site-sidebar-style":"default","ast-global-header-display":"","ast-banner-title-visibility":"","ast-main-header-display":"","ast-hfb-above-header-display":"","ast-hfb-below-header-display":"","ast-hfb-mobile-header-display":"","site-post-title":"","ast-breadcrumbs-content":"","ast-featured-img":"","footer-sml-layout":"","ast-disable-related-posts":"","theme-transparent-header-meta":"","adv-header-id-meta":"","stick-header-meta":"","header-above-stick-meta":"","header-main-stick-meta":"","header-below-stick-meta":"","astra-migrate-meta-layouts":"default","ast-page-background-enabled":"default","ast-page-background-meta":{"desktop":{"background-color":"var(--ast-global-color-4)","background-image":"","background-repeat":"repeat","background-position":"center center","background-size":"auto","background-attachment":"scroll","background-type":"","background-media":"","overlay-type":"","overlay-color":"","overlay-opacity":"","overlay-gradient":""},"tablet":{"background-color":"","background-image":"","background-repeat":"repeat","background-position":"center center","background-size":"auto","background-attachment":"scroll","background-type":"","background-media":"","overlay-type":"","overlay-color":"","overlay-opacity":"","overlay-gradient":""},"mobile":{"background-color":"","background-image":"","background-repeat":"repeat","background-position":"center center","background-size":"auto","background-attachment":"scroll","background-type":"","background-media":"","overlay-type":"","overlay-color":"","overlay-opacity":"","overlay-gradient":""}},"ast-content-background-meta":{"desktop":{"background-color":"var(--ast-global-color-5)","background-image":"","background-repeat":"repeat","background-position":"center center","background-size":"auto","background-attachment":"scroll","background-type":"","background-media":"","overlay-type":"","overlay-color":"","overlay-opacity":"","overlay-gradient":""},"tablet":{"background-color":"var(--ast-global-color-5)","background-image":"","background-repeat":"repeat","background-position":"center center","background-size":"auto","background-attachment":"scroll","background-type":"","background-media":"","overlay-type":"","overlay-color":"","overlay-opacity":"","overlay-gradient":""},"mobile":{"background-color":"var(--ast-global-color-5)","background-image":"","background-repeat":"repeat","background-position":"center center","background-size":"auto","background-attachment":"scroll","background-type":"","background-media":"","overlay-type":"","overlay-color":"","overlay-opacity":"","overlay-gradient":""}},"ngg_post_thumbnail":0,"footnotes":""},"categories":[44,82],"tags":[],"class_list":["post-11458","post","type-post","status-publish","format-aside","hentry","category-loisirs-culture","category-nomines-2020","post_format-post-format-aside"],"yoast_head":"<!-- This site is optimized with the Yoast SEO plugin v27.2 - https:\/\/yoast.com\/product\/yoast-seo-wordpress\/ -->\n<title>Gareal - Salon de la fili\u00e8re Silver \u00e9conomie et Assises Silver Eco Bien-Vieillir<\/title>\n<meta name=\"robots\" content=\"index, follow, max-snippet:-1, max-image-preview:large, max-video-preview:-1\" \/>\n<link rel=\"canonical\" href=\"https:\/\/www.silvereco.org\/festival\/fr\/gareal\/\" \/>\n<meta property=\"og:locale\" content=\"fr_FR\" \/>\n<meta property=\"og:type\" content=\"article\" \/>\n<meta property=\"og:title\" content=\"Gareal - Salon de la fili\u00e8re Silver \u00e9conomie et Assises Silver Eco Bien-Vieillir\" \/>\n<meta property=\"og:description\" content=\"Gareal Nomin\u00e9 dans la cat\u00e9gorie :Loisirs \/ Culture &#8220;Un si\u00e8cle vous contemple \/ Saison 3&#8221; \u00a0 Le r\u00e9sum\u00e9 du dossier de candidature : Le pari est pris que les EHPAD peuvent devenir le d\u00e9cor d\u2019une grande saga ! Un Si\u00e8cle vous contemple, voici le titre de la s\u00e9rie r\u00e9alit\u00e9 qui met en sc\u00e8ne des personnalit\u00e9s [&hellip;]\" \/>\n<meta property=\"og:url\" content=\"https:\/\/www.silvereco.org\/festival\/fr\/gareal\/\" \/>\n<meta property=\"og:site_name\" content=\"Salon de la fili\u00e8re Silver \u00e9conomie et Assises Silver Eco Bien-Vieillir\" \/>\n<meta property=\"article:published_time\" content=\"2020-07-20T15:35:37+00:00\" \/>\n<meta property=\"article:modified_time\" content=\"2026-01-22T13:28:19+00:00\" \/>\n<meta property=\"og:image\" content=\"https:\/\/www.silvereco.org\/festival\/fr\/wp-content\/medias\/2020\/07\/logo-usvc-2-300x108.png\" \/>\n<meta name=\"author\" content=\"Silver Economy\" \/>\n<meta name=\"twitter:card\" content=\"summary_large_image\" \/>\n<meta name=\"twitter:label1\" content=\"\u00c9crit par\" \/>\n\t<meta name=\"twitter:data1\" content=\"Silver Economy\" \/>\n\t<meta name=\"twitter:label2\" content=\"Dur\u00e9e de lecture estim\u00e9e\" \/>\n\t<meta name=\"twitter:data2\" content=\"1 minute\" \/>\n<script type=\"application\/ld+json\" class=\"yoast-schema-graph\">{\"@context\":\"https:\/\/schema.org\",\"@graph\":[{\"@type\":\"Article\",\"@id\":\"https:\/\/www.silvereco.org\/festival\/fr\/gareal\/#article\",\"isPartOf\":{\"@id\":\"https:\/\/www.silvereco.org\/festival\/fr\/gareal\/\"},\"author\":{\"name\":\"Silver Economy\",\"@id\":\"https:\/\/www.silvereco.org\/festival\/fr\/#\/schema\/person\/8d1bfb6e918fff2973189b38baebf8e3\"},\"headline\":\"Gareal\",\"datePublished\":\"2020-07-20T15:35:37+00:00\",\"dateModified\":\"2026-01-22T13:28:19+00:00\",\"mainEntityOfPage\":{\"@id\":\"https:\/\/www.silvereco.org\/festival\/fr\/gareal\/\"},\"wordCount\":123,\"publisher\":{\"@id\":\"https:\/\/www.silvereco.org\/festival\/fr\/#organization\"},\"image\":{\"@id\":\"https:\/\/www.silvereco.org\/festival\/fr\/gareal\/#primaryimage\"},\"thumbnailUrl\":\"https:\/\/www.silvereco.org\/festival\/fr\/wp-content\/medias\/2020\/07\/logo-usvc-2-300x108.png\",\"articleSection\":[\"Loisirs \/ Culture\",\"Nomin\u00e9s 2020\"],\"inLanguage\":\"fr-FR\"},{\"@type\":\"WebPage\",\"@id\":\"https:\/\/www.silvereco.org\/festival\/fr\/gareal\/\",\"url\":\"https:\/\/www.silvereco.org\/festival\/fr\/gareal\/\",\"name\":\"Gareal - Salon de la fili\u00e8re Silver \u00e9conomie et Assises Silver Eco Bien-Vieillir\",\"isPartOf\":{\"@id\":\"https:\/\/www.silvereco.org\/festival\/fr\/#website\"},\"primaryImageOfPage\":{\"@id\":\"https:\/\/www.silvereco.org\/festival\/fr\/gareal\/#primaryimage\"},\"image\":{\"@id\":\"https:\/\/www.silvereco.org\/festival\/fr\/gareal\/#primaryimage\"},\"thumbnailUrl\":\"https:\/\/www.silvereco.org\/festival\/fr\/wp-content\/medias\/2020\/07\/logo-usvc-2-300x108.png\",\"datePublished\":\"2020-07-20T15:35:37+00:00\",\"dateModified\":\"2026-01-22T13:28:19+00:00\",\"breadcrumb\":{\"@id\":\"https:\/\/www.silvereco.org\/festival\/fr\/gareal\/#breadcrumb\"},\"inLanguage\":\"fr-FR\",\"potentialAction\":[{\"@type\":\"ReadAction\",\"target\":[\"https:\/\/www.silvereco.org\/festival\/fr\/gareal\/\"]}]},{\"@type\":\"ImageObject\",\"inLanguage\":\"fr-FR\",\"@id\":\"https:\/\/www.silvereco.org\/festival\/fr\/gareal\/#primaryimage\",\"url\":\"https:\/\/www.silvereco.org\/festival\/fr\/wp-content\/medias\/2020\/07\/logo-usvc-2.png\",\"contentUrl\":\"https:\/\/www.silvereco.org\/festival\/fr\/wp-content\/medias\/2020\/07\/logo-usvc-2.png\",\"width\":836,\"height\":301},{\"@type\":\"BreadcrumbList\",\"@id\":\"https:\/\/www.silvereco.org\/festival\/fr\/gareal\/#breadcrumb\",\"itemListElement\":[{\"@type\":\"ListItem\",\"position\":1,\"name\":\"Accueil\",\"item\":\"https:\/\/www.silvereco.org\/festival\/fr\/\"},{\"@type\":\"ListItem\",\"position\":2,\"name\":\"Gareal\"}]},{\"@type\":\"WebSite\",\"@id\":\"https:\/\/www.silvereco.org\/festival\/fr\/#website\",\"url\":\"https:\/\/www.silvereco.org\/festival\/fr\/\",\"name\":\"Salon de la fili\u00e8re Silver \u00e9conomie et Assises Silver Eco\",\"description\":\"International Silver Economy and Ageing Well Festival\",\"publisher\":{\"@id\":\"https:\/\/www.silvereco.org\/festival\/fr\/#organization\"},\"potentialAction\":[{\"@type\":\"SearchAction\",\"target\":{\"@type\":\"EntryPoint\",\"urlTemplate\":\"https:\/\/www.silvereco.org\/festival\/fr\/?s={search_term_string}\"},\"query-input\":{\"@type\":\"PropertyValueSpecification\",\"valueRequired\":true,\"valueName\":\"search_term_string\"}}],\"inLanguage\":\"fr-FR\"},{\"@type\":\"Organization\",\"@id\":\"https:\/\/www.silvereco.org\/festival\/fr\/#organization\",\"name\":\"International Silver Economy and Ageing Well Festival\",\"url\":\"https:\/\/www.silvereco.org\/festival\/fr\/\",\"logo\":{\"@type\":\"ImageObject\",\"inLanguage\":\"fr-FR\",\"@id\":\"https:\/\/www.silvereco.org\/festival\/fr\/#\/schema\/logo\/image\/\",\"url\":\"https:\/\/www.silvereco.org\/festival\/fr\/wp-content\/medias\/2022\/12\/cropped-festival-silvereco-2020-2-300x93-1.png\",\"contentUrl\":\"https:\/\/www.silvereco.org\/festival\/fr\/wp-content\/medias\/2022\/12\/cropped-festival-silvereco-2020-2-300x93-1.png\",\"width\":300,\"height\":93,\"caption\":\"International Silver Economy and Ageing Well Festival\"},\"image\":{\"@id\":\"https:\/\/www.silvereco.org\/festival\/fr\/#\/schema\/logo\/image\/\"}},{\"@type\":\"Person\",\"@id\":\"https:\/\/www.silvereco.org\/festival\/fr\/#\/schema\/person\/8d1bfb6e918fff2973189b38baebf8e3\",\"name\":\"Silver Economy\",\"image\":{\"@type\":\"ImageObject\",\"inLanguage\":\"fr-FR\",\"@id\":\"https:\/\/secure.gravatar.com\/avatar\/a1ee424dd82b8f00da838b078ac0b0e8f2881c8d75773dfb426a4bfac883b3f5?s=96&d=mm&r=g\",\"url\":\"https:\/\/secure.gravatar.com\/avatar\/a1ee424dd82b8f00da838b078ac0b0e8f2881c8d75773dfb426a4bfac883b3f5?s=96&d=mm&r=g\",\"contentUrl\":\"https:\/\/secure.gravatar.com\/avatar\/a1ee424dd82b8f00da838b078ac0b0e8f2881c8d75773dfb426a4bfac883b3f5?s=96&d=mm&r=g\",\"caption\":\"Silver Economy\"},\"url\":\"https:\/\/www.silvereco.org\/festival\/fr\/author\/festredac26\/\"}]}<\/script>\n<!-- \/ Yoast SEO plugin. -->","yoast_head_json":{"title":"Gareal - Salon de la fili\u00e8re Silver \u00e9conomie et Assises Silver Eco Bien-Vieillir","robots":{"index":"index","follow":"follow","max-snippet":"max-snippet:-1","max-image-preview":"max-image-preview:large","max-video-preview":"max-video-preview:-1"},"canonical":"https:\/\/www.silvereco.org\/festival\/fr\/gareal\/","og_locale":"fr_FR","og_type":"article","og_title":"Gareal - Salon de la fili\u00e8re Silver \u00e9conomie et Assises Silver Eco Bien-Vieillir","og_description":"Gareal Nomin\u00e9 dans la cat\u00e9gorie :Loisirs \/ Culture &#8220;Un si\u00e8cle vous contemple \/ Saison 3&#8221; \u00a0 Le r\u00e9sum\u00e9 du dossier de candidature : Le pari est pris que les EHPAD peuvent devenir le d\u00e9cor d\u2019une grande saga ! Un Si\u00e8cle vous contemple, voici le titre de la s\u00e9rie r\u00e9alit\u00e9 qui met en sc\u00e8ne des personnalit\u00e9s [&hellip;]","og_url":"https:\/\/www.silvereco.org\/festival\/fr\/gareal\/","og_site_name":"Salon de la fili\u00e8re Silver \u00e9conomie et Assises Silver Eco Bien-Vieillir","article_published_time":"2020-07-20T15:35:37+00:00","article_modified_time":"2026-01-22T13:28:19+00:00","og_image":[{"url":"https:\/\/www.silvereco.org\/festival\/fr\/wp-content\/medias\/2020\/07\/logo-usvc-2-300x108.png","type":"","width":"","height":""}],"author":"Silver Economy","twitter_card":"summary_large_image","twitter_misc":{"\u00c9crit par":"Silver Economy","Dur\u00e9e de lecture estim\u00e9e":"1 minute"},"schema":{"@context":"https:\/\/schema.org","@graph":[{"@type":"Article","@id":"https:\/\/www.silvereco.org\/festival\/fr\/gareal\/#article","isPartOf":{"@id":"https:\/\/www.silvereco.org\/festival\/fr\/gareal\/"},"author":{"name":"Silver Economy","@id":"https:\/\/www.silvereco.org\/festival\/fr\/#\/schema\/person\/8d1bfb6e918fff2973189b38baebf8e3"},"headline":"Gareal","datePublished":"2020-07-20T15:35:37+00:00","dateModified":"2026-01-22T13:28:19+00:00","mainEntityOfPage":{"@id":"https:\/\/www.silvereco.org\/festival\/fr\/gareal\/"},"wordCount":123,"publisher":{"@id":"https:\/\/www.silvereco.org\/festival\/fr\/#organization"},"image":{"@id":"https:\/\/www.silvereco.org\/festival\/fr\/gareal\/#primaryimage"},"thumbnailUrl":"https:\/\/www.silvereco.org\/festival\/fr\/wp-content\/medias\/2020\/07\/logo-usvc-2-300x108.png","articleSection":["Loisirs \/ Culture","Nomin\u00e9s 2020"],"inLanguage":"fr-FR"},{"@type":"WebPage","@id":"https:\/\/www.silvereco.org\/festival\/fr\/gareal\/","url":"https:\/\/www.silvereco.org\/festival\/fr\/gareal\/","name":"Gareal - Salon de la fili\u00e8re Silver \u00e9conomie et Assises Silver Eco Bien-Vieillir","isPartOf":{"@id":"https:\/\/www.silvereco.org\/festival\/fr\/#website"},"primaryImageOfPage":{"@id":"https:\/\/www.silvereco.org\/festival\/fr\/gareal\/#primaryimage"},"image":{"@id":"https:\/\/www.silvereco.org\/festival\/fr\/gareal\/#primaryimage"},"thumbnailUrl":"https:\/\/www.silvereco.org\/festival\/fr\/wp-content\/medias\/2020\/07\/logo-usvc-2-300x108.png","datePublished":"2020-07-20T15:35:37+00:00","dateModified":"2026-01-22T13:28:19+00:00","breadcrumb":{"@id":"https:\/\/www.silvereco.org\/festival\/fr\/gareal\/#breadcrumb"},"inLanguage":"fr-FR","potentialAction":[{"@type":"ReadAction","target":["https:\/\/www.silvereco.org\/festival\/fr\/gareal\/"]}]},{"@type":"ImageObject","inLanguage":"fr-FR","@id":"https:\/\/www.silvereco.org\/festival\/fr\/gareal\/#primaryimage","url":"https:\/\/www.silvereco.org\/festival\/fr\/wp-content\/medias\/2020\/07\/logo-usvc-2.png","contentUrl":"https:\/\/www.silvereco.org\/festival\/fr\/wp-content\/medias\/2020\/07\/logo-usvc-2.png","width":836,"height":301},{"@type":"BreadcrumbList","@id":"https:\/\/www.silvereco.org\/festival\/fr\/gareal\/#breadcrumb","itemListElement":[{"@type":"ListItem","position":1,"name":"Accueil","item":"https:\/\/www.silvereco.org\/festival\/fr\/"},{"@type":"ListItem","position":2,"name":"Gareal"}]},{"@type":"WebSite","@id":"https:\/\/www.silvereco.org\/festival\/fr\/#website","url":"https:\/\/www.silvereco.org\/festival\/fr\/","name":"Salon de la fili\u00e8re Silver \u00e9conomie et Assises Silver Eco","description":"International Silver Economy and Ageing Well Festival","publisher":{"@id":"https:\/\/www.silvereco.org\/festival\/fr\/#organization"},"potentialAction":[{"@type":"SearchAction","target":{"@type":"EntryPoint","urlTemplate":"https:\/\/www.silvereco.org\/festival\/fr\/?s={search_term_string}"},"query-input":{"@type":"PropertyValueSpecification","valueRequired":true,"valueName":"search_term_string"}}],"inLanguage":"fr-FR"},{"@type":"Organization","@id":"https:\/\/www.silvereco.org\/festival\/fr\/#organization","name":"International Silver Economy and Ageing Well Festival","url":"https:\/\/www.silvereco.org\/festival\/fr\/","logo":{"@type":"ImageObject","inLanguage":"fr-FR","@id":"https:\/\/www.silvereco.org\/festival\/fr\/#\/schema\/logo\/image\/","url":"https:\/\/www.silvereco.org\/festival\/fr\/wp-content\/medias\/2022\/12\/cropped-festival-silvereco-2020-2-300x93-1.png","contentUrl":"https:\/\/www.silvereco.org\/festival\/fr\/wp-content\/medias\/2022\/12\/cropped-festival-silvereco-2020-2-300x93-1.png","width":300,"height":93,"caption":"International Silver Economy and Ageing Well Festival"},"image":{"@id":"https:\/\/www.silvereco.org\/festival\/fr\/#\/schema\/logo\/image\/"}},{"@type":"Person","@id":"https:\/\/www.silvereco.org\/festival\/fr\/#\/schema\/person\/8d1bfb6e918fff2973189b38baebf8e3","name":"Silver Economy","image":{"@type":"ImageObject","inLanguage":"fr-FR","@id":"https:\/\/secure.gravatar.com\/avatar\/a1ee424dd82b8f00da838b078ac0b0e8f2881c8d75773dfb426a4bfac883b3f5?s=96&d=mm&r=g","url":"https:\/\/secure.gravatar.com\/avatar\/a1ee424dd82b8f00da838b078ac0b0e8f2881c8d75773dfb426a4bfac883b3f5?s=96&d=mm&r=g","contentUrl":"https:\/\/secure.gravatar.com\/avatar\/a1ee424dd82b8f00da838b078ac0b0e8f2881c8d75773dfb426a4bfac883b3f5?s=96&d=mm&r=g","caption":"Silver Economy"},"url":"https:\/\/www.silvereco.org\/festival\/fr\/author\/festredac26\/"}]}},"uagb_featured_image_src":{"full":false,"thumbnail":false,"medium":false,"medium_large":false,"large":false,"1536x1536":false,"2048x2048":false},"uagb_author_info":{"display_name":"Silver Economy","author_link":"https:\/\/www.silvereco.org\/festival\/fr\/author\/festredac26\/"},"uagb_comment_info":0,"uagb_excerpt":"Gareal Nomin\u00e9 dans la cat\u00e9gorie :Loisirs \/ Culture &#8220;Un si\u00e8cle vous contemple \/ Saison 3&#8221; \u00a0 Le r\u00e9sum\u00e9 du dossier de candidature : Le pari est pris que les EHPAD peuvent devenir le d\u00e9cor d\u2019une grande saga ! Un Si\u00e8cle vous contemple, voici le titre de la s\u00e9rie r\u00e9alit\u00e9 qui met en sc\u00e8ne des personnalit\u00e9s\u2026","_links":{"self":[{"href":"https:\/\/www.silvereco.org\/festival\/fr\/wp-json\/wp\/v2\/posts\/11458","targetHints":{"allow":["GET"]}}],"collection":[{"href":"https:\/\/www.silvereco.org\/festival\/fr\/wp-json\/wp\/v2\/posts"}],"about":[{"href":"https:\/\/www.silvereco.org\/festival\/fr\/wp-json\/wp\/v2\/types\/post"}],"author":[{"embeddable":true,"href":"https:\/\/www.silvereco.org\/festival\/fr\/wp-json\/wp\/v2\/users\/7"}],"replies":[{"embeddable":true,"href":"https:\/\/www.silvereco.org\/festival\/fr\/wp-json\/wp\/v2\/comments?post=11458"}],"version-history":[{"count":8,"href":"https:\/\/www.silvereco.org\/festival\/fr\/wp-json\/wp\/v2\/posts\/11458\/revisions"}],"predecessor-version":[{"id":12043,"href":"https:\/\/www.silvereco.org\/festival\/fr\/wp-json\/wp\/v2\/posts\/11458\/revisions\/12043"}],"wp:attachment":[{"href":"https:\/\/www.silvereco.org\/festival\/fr\/wp-json\/wp\/v2\/media?parent=11458"}],"wp:term":[{"taxonomy":"category","embeddable":true,"href":"https:\/\/www.silvereco.org\/festival\/fr\/wp-json\/wp\/v2\/categories?post=11458"},{"taxonomy":"post_tag","embeddable":true,"href":"https:\/\/www.silvereco.org\/festival\/fr\/wp-json\/wp\/v2\/tags?post=11458"}],"curies":[{"name":"wp","href":"https:\/\/api.w.org\/{rel}","templated":true}]}}